{"id":95040,"date":"2019-01-27T07:28:55","date_gmt":"2019-01-27T12:28:55","guid":{"rendered":"http:\/\/reddeportiva.net\/principal\/?p=95040"},"modified":"2019-05-17T08:14:43","modified_gmt":"2019-05-17T13:14:43","slug":"a-seis-meses-el-reto-es-logistico-las-obras-las-tenemos-controladas","status":"publish","type":"post","link":"https:\/\/reddeportiva.net\/principal\/?p=95040","title":{"rendered":"\u201cA seis meses el reto es log\u00edstico, las obras las tenemos controladas\u201d"},"content":{"rendered":"\n<p>Adjuntamos enlace donde encontrar\u00e1n entrevista al Presidente de la Organizaci\u00f3n Deportiva Panamericana quien se pronuncia sobre los avances de los Juegos Panamericanos Lima 2019 y las consideraciones que debe mostrar la ciudad para dar una bienvenida a la gran cantidad de fan\u00e1ticos y deportistas, en especial extranjeros, que vendr\u00e1n a nuestra capital.<\/p>\n\n\n\n<p>En Reddeportiva.net apreciamos mucho los conceptos\nexpresados en esta entrevista, as\u00ed como sus recomendaciones.<\/p>\n\n\n\n<p>Dicho sentimiento no nos impide se\u00f1alar que ser\u00e1\nnecesario evaluar los objetivos que se propusieron alcanzar cuando nos\nembarcamos en un proyecto de tan grande envergadura y el legado proyectado.<\/p>\n\n\n\n<!--nextpage-->\n\n\n\n<p>Tambi\u00e9n es necesario evaluar lo que se est\u00e1 haciendo para cumplir con recomendaciones como las que nos hace una autoridad con tan grande responsabilidad, ya que en otras ciudades del mundo no se han quedado con los brazos cruzados y, ante los aparentemente escasos preparativos hechos en Lima, est\u00e1n haciendo esfuerzos para conseguir aumentar sus posibilidades de otorgar nuevas plazas para clasificar a los Juegos Ol\u00edmpicos de Tokyo 2020.<\/p>\n\n\n\n<p>Hemos afirmado que la calidad de la Pol\u00edtica Deportiva Peruana tendr\u00e1 un indicador importante en el lugar que ocupemos en el medallero al final de la competencia.&nbsp; Pues bien, la calidad de nuestra labor como anfitriones tendr\u00e1 su indicador m\u00e1s representativo en el n\u00famero de records panamericanos y mundiales que se generen durante nuestros juegos.<\/p>\n\n\n\n<figure class=\"wp-block-embed-wordpress wp-block-embed is-type-wp-embed is-provider-expreso\"><div class=\"wp-block-embed__wrapper\">\nhttps:\/\/www.expreso.com.pe\/economia\/a-seis-meses-el-reto-es-logistico-las-obras-las-tenemos-controladas\/\n<\/div><\/figure>\n","protected":false},"excerpt":{"rendered":"<p>Adjuntamos enlace donde encontrar\u00e1n entrevista al Presidente de la Organizaci\u00f3n Deportiva Panamericana quien se pronuncia sobre los avances de los Juegos Panamericanos Lima 2019 y las consideraciones que debe mostrar la ciudad para dar una bienvenida a la gran cantidad de fan\u00e1ticos y deportistas, en especial extranjeros, que vendr\u00e1n a nuestra capital. En Reddeportiva.net apreciamos [&hellip;]<\/p>\n","protected":false},"author":1,"featured_media":0,"comment_status":"closed","ping_status":"closed","sticky":false,"template":"","format":"standard","meta":{"_exactmetrics_skip_tracking":false,"_exactmetrics_sitenote_active":false,"_exactmetrics_sitenote_note":"","_exactmetrics_sitenote_category":0,"ngg_post_thumbnail":0,"footnotes":""},"categories":[86,380,36],"tags":[],"class_list":["post-95040","post","type-post","status-publish","format-standard","hentry","category-lima-2019","category-politica-deportiva","category-reddeportiva-net"],"_links":{"self":[{"href":"https:\/\/reddeportiva.net\/principal\/index.php?rest_route=\/wp\/v2\/posts\/95040","targetHints":{"allow":["GET"]}}],"collection":[{"href":"https:\/\/reddeportiva.net\/principal\/index.php?rest_route=\/wp\/v2\/posts"}],"about":[{"href":"https:\/\/reddeportiva.net\/principal\/index.php?rest_route=\/wp\/v2\/types\/post"}],"author":[{"embeddable":true,"href":"https:\/\/reddeportiva.net\/principal\/index.php?rest_route=\/wp\/v2\/users\/1"}],"replies":[{"embeddable":true,"href":"https:\/\/reddeportiva.net\/principal\/index.php?rest_route=%2Fwp%2Fv2%2Fcomments&post=95040"}],"version-history":[{"count":3,"href":"https:\/\/reddeportiva.net\/principal\/index.php?rest_route=\/wp\/v2\/posts\/95040\/revisions"}],"predecessor-version":[{"id":110431,"href":"https:\/\/reddeportiva.net\/principal\/index.php?rest_route=\/wp\/v2\/posts\/95040\/revisions\/110431"}],"wp:attachment":[{"href":"https:\/\/reddeportiva.net\/principal\/index.php?rest_route=%2Fwp%2Fv2%2Fmedia&parent=95040"}],"wp:term":[{"taxonomy":"category","embeddable":true,"href":"https:\/\/reddeportiva.net\/principal\/index.php?rest_route=%2Fwp%2Fv2%2Fcategories&post=95040"},{"taxonomy":"post_tag","embeddable":true,"href":"https:\/\/reddeportiva.net\/principal\/index.php?rest_route=%2Fwp%2Fv2%2Ftags&post=95040"}],"curies":[{"name":"wp","href":"https:\/\/api.w.org\/{rel}","templated":true}]}}