{"id":9078,"date":"2017-07-11T21:47:42","date_gmt":"2017-07-12T02:47:42","guid":{"rendered":"http:\/\/reddeportiva.net\/principal\/?p=9078"},"modified":"2017-07-11T21:47:42","modified_gmt":"2017-07-12T02:47:42","slug":"malori-le-dice-adios-a-la-bicicleta-trascompletar-una-excepcional-recuperacion-fisica-despues-de-su-grave-caida-en-argentina-en-2016","status":"publish","type":"post","link":"https:\/\/reddeportiva.net\/principal\/?p=9078","title":{"rendered":"Malori le dice adi\u00f3s a la bicicleta&#8230;trascompletar una excepcional recuperaci\u00f3n f\u00edsica despu\u00e9s de su grave ca\u00edda en Argentina en 2016"},"content":{"rendered":"<p><a href=\"http:\/\/www.ciclismozonal.com\/index.php\/categories\/internacionales\/26116-malori-le-dice-adios-a-la-bicicleta-trascompletar-una-excepcional-recuperacion-fisica-despues-de-su-grave-caida-en-argentina-en-2016#.WWWNf4g1-Uk\">http:\/\/www.ciclismozonal.com\/index.php\/categories\/internacionales\/26116-malori-le-dice-adios-a-la-bicicleta-trascompletar-una-excepcional-recuperacion-fisica-despues-de-su-grave-caida-en-argentina-en-2016#.WWWNf4g1-Uk<\/a><\/p>\n","protected":false},"excerpt":{"rendered":"<p>http:\/\/www.ciclismozonal.com\/index.php\/categories\/internacionales\/26116-malori-le-dice-adios-a-la-bicicleta-trascompletar-una-excepcional-recuperacion-fisica-despues-de-su-grave-caida-en-argentina-en-2016#.WWWNf4g1-Uk<\/p>\n","protected":false},"author":1,"featured_media":0,"comment_status":"open","ping_status":"open","sticky":false,"template":"","format":"standard","meta":{"_exactmetrics_skip_tracking":false,"_exactmetrics_sitenote_active":false,"_exactmetrics_sitenote_note":"","_exactmetrics_sitenote_category":0,"ngg_post_thumbnail":0,"footnotes":""},"categories":[9,113],"tags":[],"class_list":["post-9078","post","type-post","status-publish","format-standard","hentry","category-ruta-ciclismo-uci","category-ruta-tour-de-france"],"_links":{"self":[{"href":"https:\/\/reddeportiva.net\/principal\/index.php?rest_route=\/wp\/v2\/posts\/9078","targetHints":{"allow":["GET"]}}],"collection":[{"href":"https:\/\/reddeportiva.net\/principal\/index.php?rest_route=\/wp\/v2\/posts"}],"about":[{"href":"https:\/\/reddeportiva.net\/principal\/index.php?rest_route=\/wp\/v2\/types\/post"}],"author":[{"embeddable":true,"href":"https:\/\/reddeportiva.net\/principal\/index.php?rest_route=\/wp\/v2\/users\/1"}],"replies":[{"embeddable":true,"href":"https:\/\/reddeportiva.net\/principal\/index.php?rest_route=%2Fwp%2Fv2%2Fcomments&post=9078"}],"version-history":[{"count":1,"href":"https:\/\/reddeportiva.net\/principal\/index.php?rest_route=\/wp\/v2\/posts\/9078\/revisions"}],"predecessor-version":[{"id":9079,"href":"https:\/\/reddeportiva.net\/principal\/index.php?rest_route=\/wp\/v2\/posts\/9078\/revisions\/9079"}],"wp:attachment":[{"href":"https:\/\/reddeportiva.net\/principal\/index.php?rest_route=%2Fwp%2Fv2%2Fmedia&parent=9078"}],"wp:term":[{"taxonomy":"category","embeddable":true,"href":"https:\/\/reddeportiva.net\/principal\/index.php?rest_route=%2Fwp%2Fv2%2Fcategories&post=9078"},{"taxonomy":"post_tag","embeddable":true,"href":"https:\/\/reddeportiva.net\/principal\/index.php?rest_route=%2Fwp%2Fv2%2Ftags&post=9078"}],"curies":[{"name":"wp","href":"https:\/\/api.w.org\/{rel}","templated":true}]}}