{"id":88691,"date":"2018-11-26T08:53:08","date_gmt":"2018-11-26T13:53:08","guid":{"rendered":"http:\/\/reddeportiva.net\/principal\/?p=88691"},"modified":"2018-11-26T08:53:08","modified_gmt":"2018-11-26T13:53:08","slug":"el-colombiano-nicolas-paredes-campeon-de-la-vuelta-a-michoacan-2-2","status":"publish","type":"post","link":"https:\/\/reddeportiva.net\/principal\/?p=88691","title":{"rendered":"El colombiano Nicol\u00e1s Paredes, campe\u00f3n de la Vuelta a Michoac\u00e1n 2.2"},"content":{"rendered":"<blockquote class=\"wp-embedded-content\" data-secret=\"RycqHAvBWz\"><p><a href=\"https:\/\/ciclismointernacional.com\/el-colombiano-nicolas-paredes-campeon-de-la-vuelta-a-michoacan-2-2\/\">El colombiano Nicol\u00e1s Paredes, campe\u00f3n de la Vuelta a Michoac\u00e1n 2.2<\/a><\/p><\/blockquote>\n<p><iframe loading=\"lazy\" class=\"wp-embedded-content\" sandbox=\"allow-scripts\" security=\"restricted\" style=\"position: absolute; clip: rect(1px, 1px, 1px, 1px);\" title=\"\u00abEl colombiano Nicol\u00e1s Paredes, campe\u00f3n de la Vuelta a Michoac\u00e1n 2.2\u00bb \u2014 Ciclismo Internacional\" src=\"https:\/\/ciclismointernacional.com\/el-colombiano-nicolas-paredes-campeon-de-la-vuelta-a-michoacan-2-2\/embed\/#?secret=6CvhhTD4zU#?secret=RycqHAvBWz\" data-secret=\"RycqHAvBWz\" width=\"600\" height=\"338\" frameborder=\"0\" marginwidth=\"0\" marginheight=\"0\" scrolling=\"no\"><\/iframe><\/p>\n","protected":false},"excerpt":{"rendered":"<p>El colombiano Nicol\u00e1s Paredes, campe\u00f3n de la Vuelta a Michoac\u00e1n 2.2<\/p>\n","protected":false},"author":1,"featured_media":0,"comment_status":"closed","ping_status":"closed","sticky":false,"template":"","format":"standard","meta":{"_exactmetrics_skip_tracking":false,"_exactmetrics_sitenote_active":false,"_exactmetrics_sitenote_note":"","_exactmetrics_sitenote_category":0,"ngg_post_thumbnail":0,"footnotes":""},"categories":[620,9],"tags":[],"class_list":["post-88691","post","type-post","status-publish","format-standard","hentry","category-ruta-america-cont","category-ruta-ciclismo-uci"],"_links":{"self":[{"href":"https:\/\/reddeportiva.net\/principal\/index.php?rest_route=\/wp\/v2\/posts\/88691","targetHints":{"allow":["GET"]}}],"collection":[{"href":"https:\/\/reddeportiva.net\/principal\/index.php?rest_route=\/wp\/v2\/posts"}],"about":[{"href":"https:\/\/reddeportiva.net\/principal\/index.php?rest_route=\/wp\/v2\/types\/post"}],"author":[{"embeddable":true,"href":"https:\/\/reddeportiva.net\/principal\/index.php?rest_route=\/wp\/v2\/users\/1"}],"replies":[{"embeddable":true,"href":"https:\/\/reddeportiva.net\/principal\/index.php?rest_route=%2Fwp%2Fv2%2Fcomments&post=88691"}],"version-history":[{"count":1,"href":"https:\/\/reddeportiva.net\/principal\/index.php?rest_route=\/wp\/v2\/posts\/88691\/revisions"}],"predecessor-version":[{"id":88692,"href":"https:\/\/reddeportiva.net\/principal\/index.php?rest_route=\/wp\/v2\/posts\/88691\/revisions\/88692"}],"wp:attachment":[{"href":"https:\/\/reddeportiva.net\/principal\/index.php?rest_route=%2Fwp%2Fv2%2Fmedia&parent=88691"}],"wp:term":[{"taxonomy":"category","embeddable":true,"href":"https:\/\/reddeportiva.net\/principal\/index.php?rest_route=%2Fwp%2Fv2%2Fcategories&post=88691"},{"taxonomy":"post_tag","embeddable":true,"href":"https:\/\/reddeportiva.net\/principal\/index.php?rest_route=%2Fwp%2Fv2%2Ftags&post=88691"}],"curies":[{"name":"wp","href":"https:\/\/api.w.org\/{rel}","templated":true}]}}