{"id":79664,"date":"2018-09-23T23:07:07","date_gmt":"2018-09-24T04:07:07","guid":{"rendered":"http:\/\/reddeportiva.net\/principal\/?p=79664"},"modified":"2018-09-23T23:07:08","modified_gmt":"2018-09-24T04:07:08","slug":"el-panameno-cristoff-jurado-campeon-de-la-montana-en-el-tour-de-china","status":"publish","type":"post","link":"https:\/\/reddeportiva.net\/principal\/?p=79664","title":{"rendered":"El paname\u00f1o Cristoff Jurado, campe\u00f3n de la monta\u00f1a en el Tour de China"},"content":{"rendered":"\n<figure class=\"wp-block-embed is-type-wp-embed is-provider-ciclismo-internacional wp-has-aspect-ratio wp-embed-aspect-16-9\"><div class=\"wp-block-embed__wrapper\">\n<blockquote class=\"wp-embedded-content\" data-secret=\"TlK9vTseJN\"><a href=\"https:\/\/ciclismointernacional.com\/el-panameno-cristoff-jurado-campeon-de-la-montana-en-el-tour-de-china\/\">El paname\u00f1o Cristoff Jurado, campe\u00f3n de la monta\u00f1a en el Tour de China<\/a><\/blockquote><iframe loading=\"lazy\" class=\"wp-embedded-content\" sandbox=\"allow-scripts\" security=\"restricted\" style=\"position: absolute; clip: rect(1px, 1px, 1px, 1px);\" title=\"\u00abEl paname\u00f1o Cristoff Jurado, campe\u00f3n de la monta\u00f1a en el Tour de China\u00bb \u2014 Ciclismo Internacional\" src=\"https:\/\/ciclismointernacional.com\/el-panameno-cristoff-jurado-campeon-de-la-montana-en-el-tour-de-china\/embed\/#?secret=fnPL0bDSfR#?secret=TlK9vTseJN\" data-secret=\"TlK9vTseJN\" width=\"600\" height=\"338\" frameborder=\"0\" marginwidth=\"0\" marginheight=\"0\" scrolling=\"no\"><\/iframe>\n<\/div><\/figure>\n","protected":false},"excerpt":{"rendered":"","protected":false},"author":1,"featured_media":0,"comment_status":"closed","ping_status":"closed","sticky":false,"template":"","format":"standard","meta":{"_exactmetrics_skip_tracking":false,"_exactmetrics_sitenote_active":false,"_exactmetrics_sitenote_note":"","_exactmetrics_sitenote_category":0,"ngg_post_thumbnail":0,"footnotes":""},"categories":[686,9],"tags":[],"class_list":["post-79664","post","type-post","status-publish","format-standard","hentry","category-ruta-asia-cont","category-ruta-ciclismo-uci"],"_links":{"self":[{"href":"https:\/\/reddeportiva.net\/principal\/index.php?rest_route=\/wp\/v2\/posts\/79664","targetHints":{"allow":["GET"]}}],"collection":[{"href":"https:\/\/reddeportiva.net\/principal\/index.php?rest_route=\/wp\/v2\/posts"}],"about":[{"href":"https:\/\/reddeportiva.net\/principal\/index.php?rest_route=\/wp\/v2\/types\/post"}],"author":[{"embeddable":true,"href":"https:\/\/reddeportiva.net\/principal\/index.php?rest_route=\/wp\/v2\/users\/1"}],"replies":[{"embeddable":true,"href":"https:\/\/reddeportiva.net\/principal\/index.php?rest_route=%2Fwp%2Fv2%2Fcomments&post=79664"}],"version-history":[{"count":1,"href":"https:\/\/reddeportiva.net\/principal\/index.php?rest_route=\/wp\/v2\/posts\/79664\/revisions"}],"predecessor-version":[{"id":79665,"href":"https:\/\/reddeportiva.net\/principal\/index.php?rest_route=\/wp\/v2\/posts\/79664\/revisions\/79665"}],"wp:attachment":[{"href":"https:\/\/reddeportiva.net\/principal\/index.php?rest_route=%2Fwp%2Fv2%2Fmedia&parent=79664"}],"wp:term":[{"taxonomy":"category","embeddable":true,"href":"https:\/\/reddeportiva.net\/principal\/index.php?rest_route=%2Fwp%2Fv2%2Fcategories&post=79664"},{"taxonomy":"post_tag","embeddable":true,"href":"https:\/\/reddeportiva.net\/principal\/index.php?rest_route=%2Fwp%2Fv2%2Ftags&post=79664"}],"curies":[{"name":"wp","href":"https:\/\/api.w.org\/{rel}","templated":true}]}}