{"id":76828,"date":"2018-09-06T23:19:34","date_gmt":"2018-09-07T04:19:34","guid":{"rendered":"http:\/\/reddeportiva.net\/principal\/?p=76828"},"modified":"2018-09-06T23:19:36","modified_gmt":"2018-09-07T04:19:36","slug":"resumen-etapa-12-la-vuelta-a-espana-2018-%f0%9f%87%aa%f0%9f%87%b8-jesus-herrada-nuevo-lider-de-la-vuelta","status":"publish","type":"post","link":"https:\/\/reddeportiva.net\/principal\/?p=76828","title":{"rendered":"RESUMEN Etapa 12 LA VUELTA a Espa\u00f1a 2018 ?? Jes\u00fas HERRADA Nuevo L\u00cdDER de La Vuelta"},"content":{"rendered":"\n<figure class=\"wp-block-embed-youtube wp-block-embed is-type-video is-provider-youtube\">\nhttps:\/\/www.youtube.com\/watch?v=VSY2mZsm7FY\n<\/figure>\n","protected":false},"excerpt":{"rendered":"","protected":false},"author":1,"featured_media":0,"comment_status":"closed","ping_status":"closed","sticky":false,"template":"","format":"standard","meta":{"_exactmetrics_skip_tracking":false,"_exactmetrics_sitenote_active":false,"_exactmetrics_sitenote_note":"","_exactmetrics_sitenote_category":0,"ngg_post_thumbnail":0,"footnotes":""},"categories":[9,123],"tags":[],"class_list":["post-76828","post","type-post","status-publish","format-standard","hentry","category-ruta-ciclismo-uci","category-ruta-vuelta-a-espana"],"_links":{"self":[{"href":"https:\/\/reddeportiva.net\/principal\/index.php?rest_route=\/wp\/v2\/posts\/76828","targetHints":{"allow":["GET"]}}],"collection":[{"href":"https:\/\/reddeportiva.net\/principal\/index.php?rest_route=\/wp\/v2\/posts"}],"about":[{"href":"https:\/\/reddeportiva.net\/principal\/index.php?rest_route=\/wp\/v2\/types\/post"}],"author":[{"embeddable":true,"href":"https:\/\/reddeportiva.net\/principal\/index.php?rest_route=\/wp\/v2\/users\/1"}],"replies":[{"embeddable":true,"href":"https:\/\/reddeportiva.net\/principal\/index.php?rest_route=%2Fwp%2Fv2%2Fcomments&post=76828"}],"version-history":[{"count":1,"href":"https:\/\/reddeportiva.net\/principal\/index.php?rest_route=\/wp\/v2\/posts\/76828\/revisions"}],"predecessor-version":[{"id":76829,"href":"https:\/\/reddeportiva.net\/principal\/index.php?rest_route=\/wp\/v2\/posts\/76828\/revisions\/76829"}],"wp:attachment":[{"href":"https:\/\/reddeportiva.net\/principal\/index.php?rest_route=%2Fwp%2Fv2%2Fmedia&parent=76828"}],"wp:term":[{"taxonomy":"category","embeddable":true,"href":"https:\/\/reddeportiva.net\/principal\/index.php?rest_route=%2Fwp%2Fv2%2Fcategories&post=76828"},{"taxonomy":"post_tag","embeddable":true,"href":"https:\/\/reddeportiva.net\/principal\/index.php?rest_route=%2Fwp%2Fv2%2Ftags&post=76828"}],"curies":[{"name":"wp","href":"https:\/\/api.w.org\/{rel}","templated":true}]}}