{"id":74617,"date":"2018-08-25T07:57:18","date_gmt":"2018-08-25T12:57:18","guid":{"rendered":"http:\/\/reddeportiva.net\/principal\/?p=74617"},"modified":"2018-08-25T07:57:20","modified_gmt":"2018-08-25T12:57:20","slug":"vuelta-a-espana-malaga-malaga-25-08-2018-etapa-1-8-km-contrarreloj-individual","status":"publish","type":"post","link":"https:\/\/reddeportiva.net\/principal\/?p=74617","title":{"rendered":"Vuelta a Espa\u00f1a | M\u00e1laga > M\u00e1laga 25\/08\/2018 &#8211; Etapa 1 &#8211; 8 km &#8211; Contrarreloj individual"},"content":{"rendered":"\n<p class=\"wp-block-paragraph\">\u00a0<a href=\"https:\/\/www.lavuelta.es\/es\/etapa-1\">https:\/\/www.lavuelta.es\/es\/etapa-1<\/a><\/p>\n","protected":false},"excerpt":{"rendered":"<p>\u00a0https:\/\/www.lavuelta.es\/es\/etapa-1<\/p>\n","protected":false},"author":1,"featured_media":0,"comment_status":"closed","ping_status":"closed","sticky":false,"template":"","format":"standard","meta":{"_exactmetrics_skip_tracking":false,"ngg_post_thumbnail":0,"footnotes":""},"categories":[9,123],"tags":[],"class_list":["post-74617","post","type-post","status-publish","format-standard","hentry","category-ruta-ciclismo-uci","category-ruta-vuelta-a-espana"],"_links":{"self":[{"href":"https:\/\/reddeportiva.net\/principal\/index.php?rest_route=\/wp\/v2\/posts\/74617","targetHints":{"allow":["GET"]}}],"collection":[{"href":"https:\/\/reddeportiva.net\/principal\/index.php?rest_route=\/wp\/v2\/posts"}],"about":[{"href":"https:\/\/reddeportiva.net\/principal\/index.php?rest_route=\/wp\/v2\/types\/post"}],"author":[{"embeddable":true,"href":"https:\/\/reddeportiva.net\/principal\/index.php?rest_route=\/wp\/v2\/users\/1"}],"replies":[{"embeddable":true,"href":"https:\/\/reddeportiva.net\/principal\/index.php?rest_route=%2Fwp%2Fv2%2Fcomments&post=74617"}],"version-history":[{"count":1,"href":"https:\/\/reddeportiva.net\/principal\/index.php?rest_route=\/wp\/v2\/posts\/74617\/revisions"}],"predecessor-version":[{"id":74618,"href":"https:\/\/reddeportiva.net\/principal\/index.php?rest_route=\/wp\/v2\/posts\/74617\/revisions\/74618"}],"wp:attachment":[{"href":"https:\/\/reddeportiva.net\/principal\/index.php?rest_route=%2Fwp%2Fv2%2Fmedia&parent=74617"}],"wp:term":[{"taxonomy":"category","embeddable":true,"href":"https:\/\/reddeportiva.net\/principal\/index.php?rest_route=%2Fwp%2Fv2%2Fcategories&post=74617"},{"taxonomy":"post_tag","embeddable":true,"href":"https:\/\/reddeportiva.net\/principal\/index.php?rest_route=%2Fwp%2Fv2%2Ftags&post=74617"}],"curies":[{"name":"wp","href":"https:\/\/api.w.org\/{rel}","templated":true}]}}