{"id":7292,"date":"2017-07-06T14:26:12","date_gmt":"2017-07-06T19:26:12","guid":{"rendered":"http:\/\/reddeportiva.net\/principal\/?p=7292"},"modified":"2017-07-06T14:26:12","modified_gmt":"2017-07-06T19:26:12","slug":"tour-de-francia-italiano-fabio-aru-gana-la-quinta-etapa","status":"publish","type":"post","link":"https:\/\/reddeportiva.net\/principal\/?p=7292","title":{"rendered":"TOUR DE FRANCIA: ITALIANO FABIO ARU GANA LA QUINTA ETAPA"},"content":{"rendered":"<p>El Bolet\u00edn COPACI inform\u00f3:&nbsp; &nbsp; &nbsp; &nbsp; &nbsp; &nbsp; &nbsp; &nbsp; &nbsp; &nbsp; &nbsp; &nbsp; &nbsp; &nbsp; &nbsp;<\/p>\n<p><strong>La Habana.<\/strong> El italiano Fabio Arus (Astana Pro Team), se impuso el mi\u00e9rcoles en la quinta etapa de 160,5&nbsp; kil\u00f3metros del Tour de Francia, mientras que el brit\u00e1nico Christopher Froome (Team Sky) se mantuvo como l\u00edder de la clasificaci\u00f3n general individual.<\/p>\n<p>Aru lleg\u00f3 a la l\u00ednea de meta con 16 segundos de ventaja sobre el irland\u00e9s Daniel Martin y su compatriota, Christopher Frome. <strong>(Prensa Copaci \/ <a href=\"http:\/\/www.cyclingnews.com\">www.cyclingnews.com<\/a>) <\/strong><!--more--><\/p>\n<p><strong>DIEZ PRIMEROS ETAPA 5 (160,5 KM).<\/strong><\/p>\n<ol>\n<li>Fabio Aru (ITA) Astana Pro Team 03:44:06<\/li>\n<li>Daniel Martin (IRL) Quick-Step Floors +0:00:16<\/li>\n<li>Christopher Froome (GBR) Team Sky +0:00:20<\/li>\n<li>Richie Porte (AUS) BMC Racing Team &nbsp;<\/li>\n<li>Romain Bardet (FRA) AG2R La Mondiale +0:00:24<\/li>\n<li>Simon Yates (GBR) Orica-Scott +0:00:26<\/li>\n<li>Rigoberto Uran (COL) Cannondale-Drapac &nbsp;<\/li>\n<li>Alberto Contador (SPA) Trek-Segafredo &nbsp;<\/li>\n<li>Nairo Quintana (Col) Movistar Team +0:00:34<\/li>\n<li>Geraint Thomas (GBr) Team Sky +0:00:40<\/li>\n<\/ol>\n<p><strong>DIEZ PRIMEROS CLASIFICACI\u00d3N GENERAL INDIVIDUAL.<\/strong><\/p>\n<ol>\n<li>Christopher Froome (GBr) Team Sky 18:38:59<\/li>\n<li>Geraint Thomas (GBr) Team Sky +0:00:12<\/li>\n<li>Fabio Aru (Ita) Astana Pro Team +0:00:14<\/li>\n<li>Daniel Martin (Irl) Quick-Step Floors +0:00:25<\/li>\n<li>Richie Porte (Aus) BMC Racing Team +0:00:39<\/li>\n<li>Simon Yates (GBr) Orica-Scott +0:00:43<\/li>\n<li>Romain Bardet (Fra) AG2R La Mondiale +0:00:47<\/li>\n<li>Alberto Contador (Spa) Trek-Segafredo +0:00:52<\/li>\n<li>Nairo Quintana (Col) Movistar Team +0:00:54<\/li>\n<li>Rafal Majka (Pol) Bora-Hansgrohe +0:01:01<\/li>\n<\/ol>\n<p>&nbsp;<\/p>\n","protected":false},"excerpt":{"rendered":"<p>El Bolet\u00edn COPACI inform\u00f3:&nbsp; &nbsp; &nbsp; &nbsp; &nbsp; &nbsp; &nbsp; &nbsp; &nbsp; &nbsp; &nbsp; &nbsp; &nbsp; &nbsp; &nbsp; La Habana. El italiano Fabio Arus (Astana Pro Team), se impuso el mi\u00e9rcoles en la quinta etapa de 160,5&nbsp; kil\u00f3metros del Tour de Francia, mientras que el brit\u00e1nico Christopher Froome (Team Sky) se mantuvo como l\u00edder de [&hellip;]<\/p>\n","protected":false},"author":1,"featured_media":0,"comment_status":"open","ping_status":"open","sticky":false,"template":"","format":"standard","meta":{"_exactmetrics_skip_tracking":false,"_exactmetrics_sitenote_active":false,"_exactmetrics_sitenote_note":"","_exactmetrics_sitenote_category":0,"ngg_post_thumbnail":0,"footnotes":""},"categories":[9,113],"tags":[],"class_list":["post-7292","post","type-post","status-publish","format-standard","hentry","category-ruta-ciclismo-uci","category-ruta-tour-de-france"],"_links":{"self":[{"href":"https:\/\/reddeportiva.net\/principal\/index.php?rest_route=\/wp\/v2\/posts\/7292","targetHints":{"allow":["GET"]}}],"collection":[{"href":"https:\/\/reddeportiva.net\/principal\/index.php?rest_route=\/wp\/v2\/posts"}],"about":[{"href":"https:\/\/reddeportiva.net\/principal\/index.php?rest_route=\/wp\/v2\/types\/post"}],"author":[{"embeddable":true,"href":"https:\/\/reddeportiva.net\/principal\/index.php?rest_route=\/wp\/v2\/users\/1"}],"replies":[{"embeddable":true,"href":"https:\/\/reddeportiva.net\/principal\/index.php?rest_route=%2Fwp%2Fv2%2Fcomments&post=7292"}],"version-history":[{"count":1,"href":"https:\/\/reddeportiva.net\/principal\/index.php?rest_route=\/wp\/v2\/posts\/7292\/revisions"}],"predecessor-version":[{"id":7293,"href":"https:\/\/reddeportiva.net\/principal\/index.php?rest_route=\/wp\/v2\/posts\/7292\/revisions\/7293"}],"wp:attachment":[{"href":"https:\/\/reddeportiva.net\/principal\/index.php?rest_route=%2Fwp%2Fv2%2Fmedia&parent=7292"}],"wp:term":[{"taxonomy":"category","embeddable":true,"href":"https:\/\/reddeportiva.net\/principal\/index.php?rest_route=%2Fwp%2Fv2%2Fcategories&post=7292"},{"taxonomy":"post_tag","embeddable":true,"href":"https:\/\/reddeportiva.net\/principal\/index.php?rest_route=%2Fwp%2Fv2%2Ftags&post=7292"}],"curies":[{"name":"wp","href":"https:\/\/api.w.org\/{rel}","templated":true}]}}