{"id":7290,"date":"2017-07-06T14:17:42","date_gmt":"2017-07-06T19:17:42","guid":{"rendered":"http:\/\/reddeportiva.net\/principal\/?p=7290"},"modified":"2017-07-06T14:17:42","modified_gmt":"2017-07-06T19:17:42","slug":"arlenis-sierra-subio-al-noveno-lugar-del-giro-rosa-italiano","status":"publish","type":"post","link":"https:\/\/reddeportiva.net\/principal\/?p=7290","title":{"rendered":"ARLENIS SIERRA SUBI\u00d3 AL NOVENO LUGAR DEL GIRO ROSA ITALIANO"},"content":{"rendered":"<p>El Bolet\u00b4n COPACI inform\u00f3:<\/p>\n<p><strong>La Habana.<\/strong> Luego de oficializarse los resultados de la sexta etapa la ciclista cubana, Arlenis Sierra subi\u00f3 al noveno puesto de la clasificaci\u00f3n general individual del Giro femenino de Italia.<\/p>\n<p>El segmento de 116,6 kil\u00f3metros corrido este mi\u00e9rcoles en Roseto Degli Abruzzi, fue <!--more-->ganado por la finesa, Lotta Lipisto. <strong>(Prensa Copaci)<\/strong><\/p>\n<p><strong>DIEZ PRIMERAS ETAPA 6 (116,6 KM).<\/strong><\/p>\n<ol>\n<li>Lotta Lepist\u00f6 (FIN) 02:50:36<\/li>\n<li>Coryn Rivera (USA)<\/li>\n<li>Giorgio Bronzini (ITA)<\/li>\n<li>Roxane Fournier (FRA)<\/li>\n<li>Elena Cecchini (ITA)<\/li>\n<li>Maria Gulia Confalonieri (ITA)<\/li>\n<li>Emilie Moberg (NOR)<\/li>\n<li>Anne van der Breggen (NED)<\/li>\n<li>Chloe Hosking (AUS)<\/li>\n<li>Annemiek van Vleuten (NED) +00:00.03<\/li>\n<\/ol>\n<p><strong>DIEZ PRIMERAS CLASIFICACI\u00d3N GENERAL.<\/strong><\/p>\n<ol>\n<li>Anna Van Der Breggen (NED) Boels Dolmans Cyclingteam 11:53:11<\/li>\n<li>Elisa Longo Borghini (ITA) Wiggle High +0:01:03<\/li>\n<li>Annemiek Van Vleuten (NED) Orica Scott Women +0:01:39<\/li>\n<li>Megan Guarnier (USA) Boels Dolmans Cyclingteam +0:03:11<\/li>\n<li>Amanda Spratt (AUS) Orica Scott Women +0:03:32<\/li>\n<li>Katarzyna Niewiadoma (POL) WM3 Pro Cycling +0:04:02<\/li>\n<li>Karol-Ann Canuel (CAN) Boels Dolmans Cyclingteam +0:04:22<\/li>\n<li>Shara Gillow (AUS) FDJ Nouvelle Aquitaine Futuroscope +0:04:53<\/li>\n<li>Arlenis Sierra (CUB) Astana Women&#8217;s Team +0:04:57<\/li>\n<li>Claudia Lichtenberg (GER) Wiggle High +0:05:02<\/li>\n<\/ol>\n<p>&nbsp;<\/p>\n","protected":false},"excerpt":{"rendered":"<p>El Bolet\u00b4n COPACI inform\u00f3: La Habana. Luego de oficializarse los resultados de la sexta etapa la ciclista cubana, Arlenis Sierra subi\u00f3 al noveno puesto de la clasificaci\u00f3n general individual del Giro femenino de Italia. El segmento de 116,6 kil\u00f3metros corrido este mi\u00e9rcoles en Roseto Degli Abruzzi, fue<\/p>\n","protected":false},"author":1,"featured_media":0,"comment_status":"open","ping_status":"open","sticky":false,"template":"","format":"standard","meta":{"_exactmetrics_skip_tracking":false,"_exactmetrics_sitenote_active":false,"_exactmetrics_sitenote_note":"","_exactmetrics_sitenote_category":0,"ngg_post_thumbnail":0,"footnotes":""},"categories":[9],"tags":[],"class_list":["post-7290","post","type-post","status-publish","format-standard","hentry","category-ruta-ciclismo-uci"],"_links":{"self":[{"href":"https:\/\/reddeportiva.net\/principal\/index.php?rest_route=\/wp\/v2\/posts\/7290","targetHints":{"allow":["GET"]}}],"collection":[{"href":"https:\/\/reddeportiva.net\/principal\/index.php?rest_route=\/wp\/v2\/posts"}],"about":[{"href":"https:\/\/reddeportiva.net\/principal\/index.php?rest_route=\/wp\/v2\/types\/post"}],"author":[{"embeddable":true,"href":"https:\/\/reddeportiva.net\/principal\/index.php?rest_route=\/wp\/v2\/users\/1"}],"replies":[{"embeddable":true,"href":"https:\/\/reddeportiva.net\/principal\/index.php?rest_route=%2Fwp%2Fv2%2Fcomments&post=7290"}],"version-history":[{"count":1,"href":"https:\/\/reddeportiva.net\/principal\/index.php?rest_route=\/wp\/v2\/posts\/7290\/revisions"}],"predecessor-version":[{"id":7291,"href":"https:\/\/reddeportiva.net\/principal\/index.php?rest_route=\/wp\/v2\/posts\/7290\/revisions\/7291"}],"wp:attachment":[{"href":"https:\/\/reddeportiva.net\/principal\/index.php?rest_route=%2Fwp%2Fv2%2Fmedia&parent=7290"}],"wp:term":[{"taxonomy":"category","embeddable":true,"href":"https:\/\/reddeportiva.net\/principal\/index.php?rest_route=%2Fwp%2Fv2%2Fcategories&post=7290"},{"taxonomy":"post_tag","embeddable":true,"href":"https:\/\/reddeportiva.net\/principal\/index.php?rest_route=%2Fwp%2Fv2%2Ftags&post=7290"}],"curies":[{"name":"wp","href":"https:\/\/api.w.org\/{rel}","templated":true}]}}