{"id":7287,"date":"2017-07-06T14:14:51","date_gmt":"2017-07-06T19:14:51","guid":{"rendered":"http:\/\/reddeportiva.net\/principal\/?p=7287"},"modified":"2017-07-06T14:15:19","modified_gmt":"2017-07-06T19:15:19","slug":"aplazada-realizacion-de-vuelta-ciclista-a-venezuela-2","status":"publish","type":"post","link":"https:\/\/reddeportiva.net\/principal\/?p=7287","title":{"rendered":"APLAZADA REALIZACI\u00d3N DE VUELTA CICLISTA A VENEZUELA"},"content":{"rendered":"<p>El Bolet\u00edn COPACI inform\u00f3:<\/p>\n<p><strong>Caracas. <\/strong>Artemio Leonett Maestre en su condici\u00f3n de Presidente de la Federaci\u00f3n Venezolana de Ciclismo, FVC, inform\u00f3 que la edici\u00f3n 2017 de la Vuelta a Ciclista a Venezuela ha sido aplazada para el mes de octubre.<\/p>\n<p>Como se hab\u00eda anunciado, el evento del calendario nacional estaba pautado para dar inicio el pr\u00f3ximo viernes 7 de julio en el estado Trujillo y culminar\u00eda en Matur\u00edn estado Monagas.<\/p>\n<p>La decisi\u00f3n se tom\u00f3 para evitar cualquier tipo de inconvenientes que puedan atentar contra la integridad f\u00edsica de los atletas, tanto nacionales como internacionales de <!--more-->Colombia, Chile y Cuba quienes hab\u00edan sido invitados.<\/p>\n<p>\u00abMuy responsablemente se ha tomado esta decisi\u00f3n. El ciclismo es un deporte muy hermoso y como tal debemos mantenerlo. Estamos posponiendo la Vuelta, y ser\u00eda entre septiembre u octubre la fecha tentativa, la cual estaremos anunciando pr\u00f3ximamente luego que la UCI, a la cual pertenece, nos confirme\u00bb, apunt\u00f3 Artemio Leonett, rector del ciclismo venezolano.<\/p>\n<p>En los actuales momentos no estaban dadas las condiciones para desarrollar la carrera, se espera que con el transcurrir de los d\u00edas toda vuelva a su normalidad para contar con este evento con tal seguridad.<\/p>\n<p>\u00abEste cambio lo&nbsp; provecharemos para la preparaci\u00f3n de nuestras selecciones que acudir\u00e1n a los Juegos Bolivarianos. La Vuelta para septiembre u octubre servir\u00e1 de preparaci\u00f3n para dicho evento\u00bb, apunt\u00f3.<\/p>\n<p>\u00abQueremos&nbsp; dejar claro ante la opini\u00f3n p\u00fablica y ante nuestras organizaciones, clubes, asociaciones y atletas que ha sido una situaci\u00f3n de fuerza mayor, ya que el evento estaba garantizado organizativamente como econ\u00f3micamente gracias a un trabajo mancomunado con el Ministerio del Poder Popular del Deporte en la persona de Pedro Infante quien siempre ha estado presto a colaborar con nuestras actividades y en este caso con la Vuelta Ciclista a Venezuela.\u00bb, finaliz\u00f3 Artemio Leonett. <strong>(Prensa-@FVCiclismo)<\/strong><\/p>\n","protected":false},"excerpt":{"rendered":"<p>El Bolet\u00edn COPACI inform\u00f3: Caracas. Artemio Leonett Maestre en su condici\u00f3n de Presidente de la Federaci\u00f3n Venezolana de Ciclismo, FVC, inform\u00f3 que la edici\u00f3n 2017 de la Vuelta a Ciclista a Venezuela ha sido aplazada para el mes de octubre. Como se hab\u00eda anunciado, el evento del calendario nacional estaba pautado para dar inicio el [&hellip;]<\/p>\n","protected":false},"author":1,"featured_media":0,"comment_status":"open","ping_status":"open","sticky":false,"template":"","format":"standard","meta":{"_exactmetrics_skip_tracking":false,"_exactmetrics_sitenote_active":false,"_exactmetrics_sitenote_note":"","_exactmetrics_sitenote_category":0,"ngg_post_thumbnail":0,"footnotes":""},"categories":[9],"tags":[],"class_list":["post-7287","post","type-post","status-publish","format-standard","hentry","category-ruta-ciclismo-uci"],"_links":{"self":[{"href":"https:\/\/reddeportiva.net\/principal\/index.php?rest_route=\/wp\/v2\/posts\/7287","targetHints":{"allow":["GET"]}}],"collection":[{"href":"https:\/\/reddeportiva.net\/principal\/index.php?rest_route=\/wp\/v2\/posts"}],"about":[{"href":"https:\/\/reddeportiva.net\/principal\/index.php?rest_route=\/wp\/v2\/types\/post"}],"author":[{"embeddable":true,"href":"https:\/\/reddeportiva.net\/principal\/index.php?rest_route=\/wp\/v2\/users\/1"}],"replies":[{"embeddable":true,"href":"https:\/\/reddeportiva.net\/principal\/index.php?rest_route=%2Fwp%2Fv2%2Fcomments&post=7287"}],"version-history":[{"count":2,"href":"https:\/\/reddeportiva.net\/principal\/index.php?rest_route=\/wp\/v2\/posts\/7287\/revisions"}],"predecessor-version":[{"id":7289,"href":"https:\/\/reddeportiva.net\/principal\/index.php?rest_route=\/wp\/v2\/posts\/7287\/revisions\/7289"}],"wp:attachment":[{"href":"https:\/\/reddeportiva.net\/principal\/index.php?rest_route=%2Fwp%2Fv2%2Fmedia&parent=7287"}],"wp:term":[{"taxonomy":"category","embeddable":true,"href":"https:\/\/reddeportiva.net\/principal\/index.php?rest_route=%2Fwp%2Fv2%2Fcategories&post=7287"},{"taxonomy":"post_tag","embeddable":true,"href":"https:\/\/reddeportiva.net\/principal\/index.php?rest_route=%2Fwp%2Fv2%2Ftags&post=7287"}],"curies":[{"name":"wp","href":"https:\/\/api.w.org\/{rel}","templated":true}]}}