{"id":65136,"date":"2018-06-29T10:54:03","date_gmt":"2018-06-29T15:54:03","guid":{"rendered":"http:\/\/reddeportiva.net\/principal\/?p=65136"},"modified":"2018-06-29T10:54:03","modified_gmt":"2018-06-29T15:54:03","slug":"landa-quedar-a-1%e2%80%b3-del-podio-del-tour-me-motivo-para-trabajar-e-intentar-estar-alli-este-ano","status":"publish","type":"post","link":"https:\/\/reddeportiva.net\/principal\/?p=65136","title":{"rendered":"Landa: \u201cQuedar a 1\u2033 del podio del Tour me motiv\u00f3 para trabajar e intentar estar all\u00ed este a\u00f1o\u201d"},"content":{"rendered":"<blockquote class=\"wp-embedded-content\" data-secret=\"LHWB5qvHUq\"><p><a href=\"https:\/\/ciclismointernacional.com\/landa-quedar-a-1-del-podio-del-tour-me-motivo-para-trabajar-e-intentar-estar-alli-este-ano\/\">Landa: &#8220;Quedar a 1&#8243; del podio del Tour me motiv\u00f3 para trabajar e intentar estar all\u00ed este a\u00f1o&#8221;<\/a><\/p><\/blockquote>\n<p><iframe loading=\"lazy\" class=\"wp-embedded-content\" sandbox=\"allow-scripts\" security=\"restricted\" style=\"position: absolute; clip: rect(1px, 1px, 1px, 1px);\" title=\"\u00abLanda: &#8220;Quedar a 1&#8243; del podio del Tour me motiv\u00f3 para trabajar e intentar estar all\u00ed este a\u00f1o&#8221;\u00bb \u2014 Ciclismo Internacional\" src=\"https:\/\/ciclismointernacional.com\/landa-quedar-a-1-del-podio-del-tour-me-motivo-para-trabajar-e-intentar-estar-alli-este-ano\/embed\/#?secret=TcvQfcCoOZ#?secret=LHWB5qvHUq\" data-secret=\"LHWB5qvHUq\" width=\"600\" height=\"338\" frameborder=\"0\" marginwidth=\"0\" marginheight=\"0\" scrolling=\"no\"><\/iframe><\/p>\n","protected":false},"excerpt":{"rendered":"<p>Landa: &#8220;Quedar a 1&#8243; del podio del Tour me motiv\u00f3 para trabajar e intentar estar all\u00ed este a\u00f1o&#8221;<\/p>\n","protected":false},"author":1,"featured_media":0,"comment_status":"closed","ping_status":"closed","sticky":false,"template":"","format":"standard","meta":{"_exactmetrics_skip_tracking":false,"_exactmetrics_sitenote_active":false,"_exactmetrics_sitenote_note":"","_exactmetrics_sitenote_category":0,"ngg_post_thumbnail":0,"footnotes":""},"categories":[9,113],"tags":[],"class_list":["post-65136","post","type-post","status-publish","format-standard","hentry","category-ruta-ciclismo-uci","category-ruta-tour-de-france"],"_links":{"self":[{"href":"https:\/\/reddeportiva.net\/principal\/index.php?rest_route=\/wp\/v2\/posts\/65136","targetHints":{"allow":["GET"]}}],"collection":[{"href":"https:\/\/reddeportiva.net\/principal\/index.php?rest_route=\/wp\/v2\/posts"}],"about":[{"href":"https:\/\/reddeportiva.net\/principal\/index.php?rest_route=\/wp\/v2\/types\/post"}],"author":[{"embeddable":true,"href":"https:\/\/reddeportiva.net\/principal\/index.php?rest_route=\/wp\/v2\/users\/1"}],"replies":[{"embeddable":true,"href":"https:\/\/reddeportiva.net\/principal\/index.php?rest_route=%2Fwp%2Fv2%2Fcomments&post=65136"}],"version-history":[{"count":1,"href":"https:\/\/reddeportiva.net\/principal\/index.php?rest_route=\/wp\/v2\/posts\/65136\/revisions"}],"predecessor-version":[{"id":65137,"href":"https:\/\/reddeportiva.net\/principal\/index.php?rest_route=\/wp\/v2\/posts\/65136\/revisions\/65137"}],"wp:attachment":[{"href":"https:\/\/reddeportiva.net\/principal\/index.php?rest_route=%2Fwp%2Fv2%2Fmedia&parent=65136"}],"wp:term":[{"taxonomy":"category","embeddable":true,"href":"https:\/\/reddeportiva.net\/principal\/index.php?rest_route=%2Fwp%2Fv2%2Fcategories&post=65136"},{"taxonomy":"post_tag","embeddable":true,"href":"https:\/\/reddeportiva.net\/principal\/index.php?rest_route=%2Fwp%2Fv2%2Ftags&post=65136"}],"curies":[{"name":"wp","href":"https:\/\/api.w.org\/{rel}","templated":true}]}}