{"id":61789,"date":"2018-06-08T22:41:05","date_gmt":"2018-06-09T03:41:05","guid":{"rendered":"http:\/\/reddeportiva.net\/principal\/?p=61789"},"modified":"2018-06-08T22:48:50","modified_gmt":"2018-06-09T03:48:50","slug":"geraint-thomas-lider-del-dauphine-manana-puede-suceder-cualquier-cosa","status":"publish","type":"post","link":"https:\/\/reddeportiva.net\/principal\/?p=61789","title":{"rendered":"Geraint Thomas, l\u00edder del Dauphin\u00e9: \u201cMa\u00f1ana puede suceder cualquier cosa\u201d"},"content":{"rendered":"<blockquote class=\"wp-embedded-content\" data-secret=\"nN87UZuxOc\"><p><a href=\"https:\/\/ciclismointernacional.com\/geraint-thomas-lider-del-dauphine-manana-puede-suceder-cualquier-cosa\/\">Geraint Thomas, l\u00edder del Dauphin\u00e9: &#8220;Ma\u00f1ana puede suceder cualquier cosa&#8221;<\/a><\/p><\/blockquote>\n<p><iframe loading=\"lazy\" class=\"wp-embedded-content\" sandbox=\"allow-scripts\" security=\"restricted\" style=\"position: absolute; clip: rect(1px, 1px, 1px, 1px);\" title=\"\u00abGeraint Thomas, l\u00edder del Dauphin\u00e9: &#8220;Ma\u00f1ana puede suceder cualquier cosa&#8221;\u00bb \u2014 Ciclismo Internacional\" src=\"https:\/\/ciclismointernacional.com\/geraint-thomas-lider-del-dauphine-manana-puede-suceder-cualquier-cosa\/embed\/#?secret=si5RLfA0zS#?secret=nN87UZuxOc\" data-secret=\"nN87UZuxOc\" width=\"600\" height=\"338\" frameborder=\"0\" marginwidth=\"0\" marginheight=\"0\" scrolling=\"no\"><\/iframe><\/p>\n","protected":false},"excerpt":{"rendered":"<p>Geraint Thomas, l\u00edder del Dauphin\u00e9: &#8220;Ma\u00f1ana puede suceder cualquier cosa&#8221;<\/p>\n","protected":false},"author":1,"featured_media":0,"comment_status":"closed","ping_status":"closed","sticky":false,"template":"","format":"standard","meta":{"_exactmetrics_skip_tracking":false,"_exactmetrics_sitenote_active":false,"_exactmetrics_sitenote_note":"","_exactmetrics_sitenote_category":0,"ngg_post_thumbnail":0,"footnotes":""},"categories":[9,463],"tags":[],"class_list":["post-61789","post","type-post","status-publish","format-standard","hentry","category-ruta-ciclismo-uci","category-ruta-world-tour"],"_links":{"self":[{"href":"https:\/\/reddeportiva.net\/principal\/index.php?rest_route=\/wp\/v2\/posts\/61789","targetHints":{"allow":["GET"]}}],"collection":[{"href":"https:\/\/reddeportiva.net\/principal\/index.php?rest_route=\/wp\/v2\/posts"}],"about":[{"href":"https:\/\/reddeportiva.net\/principal\/index.php?rest_route=\/wp\/v2\/types\/post"}],"author":[{"embeddable":true,"href":"https:\/\/reddeportiva.net\/principal\/index.php?rest_route=\/wp\/v2\/users\/1"}],"replies":[{"embeddable":true,"href":"https:\/\/reddeportiva.net\/principal\/index.php?rest_route=%2Fwp%2Fv2%2Fcomments&post=61789"}],"version-history":[{"count":1,"href":"https:\/\/reddeportiva.net\/principal\/index.php?rest_route=\/wp\/v2\/posts\/61789\/revisions"}],"predecessor-version":[{"id":61790,"href":"https:\/\/reddeportiva.net\/principal\/index.php?rest_route=\/wp\/v2\/posts\/61789\/revisions\/61790"}],"wp:attachment":[{"href":"https:\/\/reddeportiva.net\/principal\/index.php?rest_route=%2Fwp%2Fv2%2Fmedia&parent=61789"}],"wp:term":[{"taxonomy":"category","embeddable":true,"href":"https:\/\/reddeportiva.net\/principal\/index.php?rest_route=%2Fwp%2Fv2%2Fcategories&post=61789"},{"taxonomy":"post_tag","embeddable":true,"href":"https:\/\/reddeportiva.net\/principal\/index.php?rest_route=%2Fwp%2Fv2%2Ftags&post=61789"}],"curies":[{"name":"wp","href":"https:\/\/api.w.org\/{rel}","templated":true}]}}