{"id":59424,"date":"2018-05-24T23:16:53","date_gmt":"2018-05-25T04:16:53","guid":{"rendered":"http:\/\/reddeportiva.net\/principal\/?p=59424"},"modified":"2018-05-24T23:16:53","modified_gmt":"2018-05-25T04:16:53","slug":"superman-lopez-perdi-mas-de-lo-que-esperaba-pero-no-es-una-tragedia","status":"publish","type":"post","link":"https:\/\/reddeportiva.net\/principal\/?p=59424","title":{"rendered":"\u2018Superman\u2019 L\u00f3pez: \u201cPerd\u00ed m\u00e1s de lo que esperaba, pero no es una tragedia\u201d"},"content":{"rendered":"<blockquote class=\"wp-embedded-content\" data-secret=\"R6vu7scfW7\"><p><a href=\"https:\/\/ciclismointernacional.com\/superman-lopez-perdi-mas-de-lo-que-esperaba-pero-no-es-una-tragedia\/\">&#8216;Superman&#8217; L\u00f3pez: &#8220;Perd\u00ed m\u00e1s de lo que esperaba, pero no es una tragedia&#8221;<\/a><\/p><\/blockquote>\n<p><iframe loading=\"lazy\" class=\"wp-embedded-content\" sandbox=\"allow-scripts\" security=\"restricted\" style=\"position: absolute; clip: rect(1px, 1px, 1px, 1px);\" title=\"\u00ab&#8216;Superman&#8217; L\u00f3pez: &#8220;Perd\u00ed m\u00e1s de lo que esperaba, pero no es una tragedia&#8221;\u00bb \u2014 Ciclismo Internacional\" src=\"https:\/\/ciclismointernacional.com\/superman-lopez-perdi-mas-de-lo-que-esperaba-pero-no-es-una-tragedia\/embed\/#?secret=oR82RF4cae#?secret=R6vu7scfW7\" data-secret=\"R6vu7scfW7\" width=\"600\" height=\"338\" frameborder=\"0\" marginwidth=\"0\" marginheight=\"0\" scrolling=\"no\"><\/iframe><\/p>\n","protected":false},"excerpt":{"rendered":"<p>&#8216;Superman&#8217; L\u00f3pez: &#8220;Perd\u00ed m\u00e1s de lo que esperaba, pero no es una tragedia&#8221;<\/p>\n","protected":false},"author":1,"featured_media":0,"comment_status":"closed","ping_status":"closed","sticky":false,"template":"","format":"standard","meta":{"_exactmetrics_skip_tracking":false,"_exactmetrics_sitenote_active":false,"_exactmetrics_sitenote_note":"","_exactmetrics_sitenote_category":0,"ngg_post_thumbnail":0,"footnotes":""},"categories":[9,277],"tags":[],"class_list":["post-59424","post","type-post","status-publish","format-standard","hentry","category-ruta-ciclismo-uci","category-ruta-giro-de-italia"],"_links":{"self":[{"href":"https:\/\/reddeportiva.net\/principal\/index.php?rest_route=\/wp\/v2\/posts\/59424","targetHints":{"allow":["GET"]}}],"collection":[{"href":"https:\/\/reddeportiva.net\/principal\/index.php?rest_route=\/wp\/v2\/posts"}],"about":[{"href":"https:\/\/reddeportiva.net\/principal\/index.php?rest_route=\/wp\/v2\/types\/post"}],"author":[{"embeddable":true,"href":"https:\/\/reddeportiva.net\/principal\/index.php?rest_route=\/wp\/v2\/users\/1"}],"replies":[{"embeddable":true,"href":"https:\/\/reddeportiva.net\/principal\/index.php?rest_route=%2Fwp%2Fv2%2Fcomments&post=59424"}],"version-history":[{"count":1,"href":"https:\/\/reddeportiva.net\/principal\/index.php?rest_route=\/wp\/v2\/posts\/59424\/revisions"}],"predecessor-version":[{"id":59425,"href":"https:\/\/reddeportiva.net\/principal\/index.php?rest_route=\/wp\/v2\/posts\/59424\/revisions\/59425"}],"wp:attachment":[{"href":"https:\/\/reddeportiva.net\/principal\/index.php?rest_route=%2Fwp%2Fv2%2Fmedia&parent=59424"}],"wp:term":[{"taxonomy":"category","embeddable":true,"href":"https:\/\/reddeportiva.net\/principal\/index.php?rest_route=%2Fwp%2Fv2%2Fcategories&post=59424"},{"taxonomy":"post_tag","embeddable":true,"href":"https:\/\/reddeportiva.net\/principal\/index.php?rest_route=%2Fwp%2Fv2%2Ftags&post=59424"}],"curies":[{"name":"wp","href":"https:\/\/api.w.org\/{rel}","templated":true}]}}