{"id":5527,"date":"2017-06-30T23:27:04","date_gmt":"2017-07-01T04:27:04","guid":{"rendered":"http:\/\/reddeportiva.net\/principal\/?p=5527"},"modified":"2017-06-30T23:27:04","modified_gmt":"2017-07-01T04:27:04","slug":"calendario-de-las-copas-mundo-de-pista-temporada-2017-2018","status":"publish","type":"post","link":"https:\/\/reddeportiva.net\/principal\/?p=5527","title":{"rendered":"CALENDARIO DE LAS COPAS MUNDO DE PISTA TEMPORADA 2017-2018"},"content":{"rendered":"<p>El Bolet\u00edn COPACI inform\u00f3:<\/p>\n<p><strong>Bogot\u00e1.<\/strong> La Uni\u00f3n Ciclista Internacional UCI dio a conocer las sedes y las fechas de realizaci\u00f3n de las pr\u00f3ximas paradas de la Copa Mundo, temporada 2017 \u2013 2018. Polonia, Gran Breta\u00f1a, Canad\u00e1, Chile y Bielorrusia fueron las naciones elegidas para albergar los eventos de car\u00e1cter internacional, que empezar\u00e1n en el mes noviembre.<\/p>\n<p>Cuatro de las cinco paradas se realizar\u00e1n antes de finalizar el a\u00f1o: la primera en Pruszkow (Polonia) del 3 al 5 de noviembre, y la segunda en Manchester, del 10 al 12 del mismo mes. Las dos restantes en diciembre, empezando en Milton (Canad\u00e1) del 1 al 3, y el cierre en Santiago de Chile, el 9 y 10.<\/p>\n<p>Los 12 eventos incluidos en el programa de los Juegos Ol\u00edmpicos de Tokio 2020 se disputar\u00e1n en cada uno de los eventos:<\/p>\n<p>Velocidad individual (hombres y mujeres)<\/p>\n<p>Velocidad por equipo (hombres y mujeres)<\/p>\n<p>Keirin (hombres y mujeres)<\/p>\n<p>Persecuci\u00f3n por equipos (hombres y mujeres)<\/p>\n<p>Madison (hombres y mujeres)<\/p>\n<p>Omnium (hombres y mujeres)<\/p>\n<p>Los organizadores tambi\u00e9n tuvieron la oportunidad de incluir otros eventos que figuran en el programa de los Campeonatos Mundiales de la UCI: kil\u00f3metro (500 m para las mujeres), contrarreloj, persecuci\u00f3n individual, carrera por puntos y Scratch. <strong>(<a href=\"http:\/\/www.revistamundocicl\u00edstico.com\">www.revistamundocicl\u00edstico.com<\/a>) <\/strong><\/p>\n","protected":false},"excerpt":{"rendered":"<p>El Bolet\u00edn COPACI inform\u00f3: Bogot\u00e1. La Uni\u00f3n Ciclista Internacional UCI dio a conocer las sedes y las fechas de realizaci\u00f3n de las pr\u00f3ximas paradas de la Copa Mundo, temporada 2017 \u2013 2018. Polonia, Gran Breta\u00f1a, Canad\u00e1, Chile y Bielorrusia fueron las naciones elegidas para albergar los eventos de car\u00e1cter internacional, que empezar\u00e1n en el mes [&hellip;]<\/p>\n","protected":false},"author":1,"featured_media":0,"comment_status":"open","ping_status":"open","sticky":false,"template":"","format":"standard","meta":{"_exactmetrics_skip_tracking":false,"_exactmetrics_sitenote_active":false,"_exactmetrics_sitenote_note":"","_exactmetrics_sitenote_category":0,"ngg_post_thumbnail":0,"footnotes":""},"categories":[41,26],"tags":[],"class_list":["post-5527","post","type-post","status-publish","format-standard","hentry","category-ciclismo-pista","category-copaci"],"_links":{"self":[{"href":"https:\/\/reddeportiva.net\/principal\/index.php?rest_route=\/wp\/v2\/posts\/5527","targetHints":{"allow":["GET"]}}],"collection":[{"href":"https:\/\/reddeportiva.net\/principal\/index.php?rest_route=\/wp\/v2\/posts"}],"about":[{"href":"https:\/\/reddeportiva.net\/principal\/index.php?rest_route=\/wp\/v2\/types\/post"}],"author":[{"embeddable":true,"href":"https:\/\/reddeportiva.net\/principal\/index.php?rest_route=\/wp\/v2\/users\/1"}],"replies":[{"embeddable":true,"href":"https:\/\/reddeportiva.net\/principal\/index.php?rest_route=%2Fwp%2Fv2%2Fcomments&post=5527"}],"version-history":[{"count":1,"href":"https:\/\/reddeportiva.net\/principal\/index.php?rest_route=\/wp\/v2\/posts\/5527\/revisions"}],"predecessor-version":[{"id":5528,"href":"https:\/\/reddeportiva.net\/principal\/index.php?rest_route=\/wp\/v2\/posts\/5527\/revisions\/5528"}],"wp:attachment":[{"href":"https:\/\/reddeportiva.net\/principal\/index.php?rest_route=%2Fwp%2Fv2%2Fmedia&parent=5527"}],"wp:term":[{"taxonomy":"category","embeddable":true,"href":"https:\/\/reddeportiva.net\/principal\/index.php?rest_route=%2Fwp%2Fv2%2Fcategories&post=5527"},{"taxonomy":"post_tag","embeddable":true,"href":"https:\/\/reddeportiva.net\/principal\/index.php?rest_route=%2Fwp%2Fv2%2Ftags&post=5527"}],"curies":[{"name":"wp","href":"https:\/\/api.w.org\/{rel}","templated":true}]}}