{"id":5525,"date":"2017-06-30T23:21:59","date_gmt":"2017-07-01T04:21:59","guid":{"rendered":"http:\/\/reddeportiva.net\/principal\/?p=5525"},"modified":"2017-06-30T23:21:59","modified_gmt":"2017-07-01T04:21:59","slug":"roman-villalobos-se-une-al-aluminios-metalusa-black-jack","status":"publish","type":"post","link":"https:\/\/reddeportiva.net\/principal\/?p=5525","title":{"rendered":"ROM\u00c1N VILLALOBOS SE UNE AL ALUMINIOS-METALUSA-BLACK JACK"},"content":{"rendered":"<p>El Bolet\u00edn COPACI inform\u00f3:<strong>&nbsp;<\/strong><\/p>\n<p><strong>San Jos\u00e9.<\/strong> El costarricense Rom\u00e1n Villalobos del Nestl\u00e9-7C-Giant viaj\u00f3 a Espa\u00f1a para incorporarse a la escuadra portuguesa Aluminios-Metalusa-Black Jack, con quienes estar\u00e1 compitiendo hasta el pr\u00f3ximo mes de setiembre.<\/p>\n<p>La adjudicaci\u00f3n del Bicampe\u00f3n de la Vuelta a Guatemala tendr\u00e1 como principal objetivo correr la Vuelta a Portugal, la cual se desarrollar\u00e1 del 4 al 15 de agosto.<\/p>\n<p>\u201cEstar\u00e9 con este equipo de Portugal que es Continental y me ha tomado en cuenta para este segundo semestre del a\u00f1o, vamos a estar en la Vuelta de este pa\u00eds, que consta de 11 etapas, con jornadas de muchos kil\u00f3metros y de monta\u00f1a, las cuales considero me van a servir mucho para preparar las carreras de fin de a\u00f1o\u201d, coment\u00f3 Villalobos.<\/p>\n<p>El ciclista, adem\u00e1s, extendi\u00f3 un agradecimiento a sus actuales patrocinadores Nestl\u00e9-7C-Giant por brindarle la oportunidad de estar 2 meses fuera del pa\u00eds realizando esta pasant\u00eda.<\/p>\n<p>El primer evento en el que estar\u00e1 el nacional ser\u00e1 el \u201cGran Premio Torres Vedras-Trofeo Joaquim Agostinho, que consta de 4 etapas y se desarrollar\u00e1 en Lisboa. <strong>(<a href=\"http:\/\/www.fecoci.net\">www.fecoci.net<\/a>) <\/strong><\/p>\n<p>&nbsp;<\/p>\n","protected":false},"excerpt":{"rendered":"<p>El Bolet\u00edn COPACI inform\u00f3:&nbsp; San Jos\u00e9. El costarricense Rom\u00e1n Villalobos del Nestl\u00e9-7C-Giant viaj\u00f3 a Espa\u00f1a para incorporarse a la escuadra portuguesa Aluminios-Metalusa-Black Jack, con quienes estar\u00e1 compitiendo hasta el pr\u00f3ximo mes de setiembre. La adjudicaci\u00f3n del Bicampe\u00f3n de la Vuelta a Guatemala tendr\u00e1 como principal objetivo correr la Vuelta a Portugal, la cual se desarrollar\u00e1 [&hellip;]<\/p>\n","protected":false},"author":1,"featured_media":0,"comment_status":"open","ping_status":"open","sticky":false,"template":"","format":"standard","meta":{"_exactmetrics_skip_tracking":false,"_exactmetrics_sitenote_active":false,"_exactmetrics_sitenote_note":"","_exactmetrics_sitenote_category":0,"ngg_post_thumbnail":0,"footnotes":""},"categories":[26,9],"tags":[],"class_list":["post-5525","post","type-post","status-publish","format-standard","hentry","category-copaci","category-ruta-ciclismo-uci"],"_links":{"self":[{"href":"https:\/\/reddeportiva.net\/principal\/index.php?rest_route=\/wp\/v2\/posts\/5525","targetHints":{"allow":["GET"]}}],"collection":[{"href":"https:\/\/reddeportiva.net\/principal\/index.php?rest_route=\/wp\/v2\/posts"}],"about":[{"href":"https:\/\/reddeportiva.net\/principal\/index.php?rest_route=\/wp\/v2\/types\/post"}],"author":[{"embeddable":true,"href":"https:\/\/reddeportiva.net\/principal\/index.php?rest_route=\/wp\/v2\/users\/1"}],"replies":[{"embeddable":true,"href":"https:\/\/reddeportiva.net\/principal\/index.php?rest_route=%2Fwp%2Fv2%2Fcomments&post=5525"}],"version-history":[{"count":1,"href":"https:\/\/reddeportiva.net\/principal\/index.php?rest_route=\/wp\/v2\/posts\/5525\/revisions"}],"predecessor-version":[{"id":5526,"href":"https:\/\/reddeportiva.net\/principal\/index.php?rest_route=\/wp\/v2\/posts\/5525\/revisions\/5526"}],"wp:attachment":[{"href":"https:\/\/reddeportiva.net\/principal\/index.php?rest_route=%2Fwp%2Fv2%2Fmedia&parent=5525"}],"wp:term":[{"taxonomy":"category","embeddable":true,"href":"https:\/\/reddeportiva.net\/principal\/index.php?rest_route=%2Fwp%2Fv2%2Fcategories&post=5525"},{"taxonomy":"post_tag","embeddable":true,"href":"https:\/\/reddeportiva.net\/principal\/index.php?rest_route=%2Fwp%2Fv2%2Ftags&post=5525"}],"curies":[{"name":"wp","href":"https:\/\/api.w.org\/{rel}","templated":true}]}}