{"id":5523,"date":"2017-06-30T23:17:31","date_gmt":"2017-07-01T04:17:31","guid":{"rendered":"http:\/\/reddeportiva.net\/principal\/?p=5523"},"modified":"2017-06-30T23:23:06","modified_gmt":"2017-07-01T04:23:06","slug":"giro-de-italia-femenino-el-debut-de-ana-cristina-sanabria-2","status":"publish","type":"post","link":"https:\/\/reddeportiva.net\/principal\/?p=5523","title":{"rendered":"GIRO DE ITALIA FEMENINO: EL DEBUT DE ANA CRISTINA SANABRIA"},"content":{"rendered":"<p>El Bolet\u00edn COPACI inform\u00f3:<\/p>\n<p><strong>Bogot\u00e1.<\/strong> Con el debut de la colombiana Ana Cristina Sanabria se estar\u00e1 llevando a cabo la 28\u00aa edici\u00f3n del Giro de Italia Femenino. La carrera se estar\u00e1 disputando del 30 de junio al 9 de julio.<\/p>\n<p>La competencia estar\u00e1 arrancando este viernes con una CRE entre Aquileia y Grado sobre una distancia de 11.5 kil\u00f3metros. La santandereana Ana Cristiana Sanabria, quien ve realizado su sue\u00f1o de pertenecer a un equipo internacional y correr la carrera rosa se encuentra en territorio italiano desde el jueves de la semana pasada.<\/p>\n<p>Su intenci\u00f3n es mostrar el potencial que la llev\u00f3 a ganar la mayor\u00eda de carreras en <!--more-->Colombia defendiendo ahora los colores del equipo Servetto Giusta de Italia.<\/p>\n<p>Esta competencia ha sido ganada por Megan Guarnier en 2016, Anna Van Der Breggen en 2015, Marianne Vos en 2014-2012-2011, Mara Aboutt en 2013-2010, Claudia Lichtenberg en 2009 y Fabiana Luperini en 2008 entre otras. <strong>(<a href=\"http:\/\/www.revistamundociclistico.com\">www.revistamundociclistico.com<\/a>) <\/strong><\/p>\n<p><strong>DORSALES:<\/strong><\/p>\n<p><strong>Boels &#8211; Dolmans Cycling Team.<\/strong><\/p>\n<p>1 GUARNIER Megan<\/p>\n<p>2 VAN DER BREGGEN Anna<\/p>\n<p>3 DIDERIKSEN Amalie<\/p>\n<p>4 CANUEL Karol-ann<\/p>\n<p>5 BLAAK Chantal<\/p>\n<p>6 DEIGNAN Elizabeth<\/p>\n<p>7 BRAMMEIER Nikki<\/p>\n<p><strong>Al\u00e9 Cipollini.<\/strong><\/p>\n<p>11 HOSKING Chloe<\/p>\n<p>12 BASTIANELLI Marta<\/p>\n<p>13 ENSING Janneke<\/p>\n<p>14 KASPER Romy<\/p>\n<p>15 TREVISI Anna<\/p>\n<p>16 PALADIN Soraya<\/p>\n<p>17 SANTESTEBAN Ane<\/p>\n<p><strong>Aromitalia Vaiano.<\/strong><\/p>\n<p>21 LELEIVYTE Rasa<\/p>\n<p>22 DALTON Heidi<\/p>\n<p>23 MARTINI Alessia<\/p>\n<p>24 FRANCHI Elena<\/p>\n<p>25 BULLERI Alessia<\/p>\n<p>26 LAIZANE Lija<\/p>\n<p>27 NESTI Nicole<\/p>\n<p><strong>Astana Women\u2019s Team.<\/strong><\/p>\n<p>31 BEGGIN Sofia<\/p>\n<p>32 BERTIZZOLO Sof\u00eda<\/p>\n<p>33 FIDANZA Arianna<\/p>\n<p>34 PAVLUKHINA Olena<\/p>\n<p>35 SIERRA Arlenis<\/p>\n<p>36 VIECELI Lara<\/p>\n<p>37 SAIFUTDINOVA Natalya<\/p>\n<p><strong>Bepink Cogeas.<\/strong><\/p>\n<p>41 ZABELINSKAYA Olga<\/p>\n<p>42 NOSKOV\u00c1 Nikola<\/p>\n<p>43 VALSECCHI Silvia<\/p>\n<p>44 JACKSON Alison<\/p>\n<p>45 RAGUSA Katia<\/p>\n<p>46 ANOSHINA Ekaterina<\/p>\n<p>47 SANGUINETI Ilaria<\/p>\n<p><strong>BTC City Ljubljana.<\/strong><\/p>\n<p>51 BUJAK Eugenia<\/p>\n<p>52 NILSSON Hanna<\/p>\n<p>53 STRICKER Anna Zita Maria<\/p>\n<p>54 BATAGELJ Polona<\/p>\n<p>55 PINTAR Ur\u0161a<\/p>\n<p>56 ERIC Jelena<\/p>\n<p>57 LECHNER Corinna<\/p>\n<p><strong>Canyon SRAM Racing.<\/strong><\/p>\n<p>61 CROMWELL Tiffany<\/p>\n<p>62 BARNES Hannah<\/p>\n<p>63 CECCHINI Elena<\/p>\n<p>64 GUARISCHI Barbara<\/p>\n<p>65 RYAN Alexis<\/p>\n<p>66 THORVILSON Leah<\/p>\n<p>67 WORRACK Trixi<\/p>\n<p><strong>Cerv\u00e9lo-Bigla Pro Cycling.<\/strong><\/p>\n<p>71 LEPIST\u00d6 Lotta<\/p>\n<p>72 MOOLMAN Ashleigh<\/p>\n<p>73 LUDWIG Cecilie Uttrup<\/p>\n<p>74 HANSELMANN Nicole<\/p>\n<p>75 KOPPENBURG Clara<\/p>\n<p>76 KLEIN Lisa<\/p>\n<p>77 POHL Stephanie<\/p>\n<p><strong>Conceria Zabri-Fanini-Guerciotti.<\/strong><\/p>\n<p>81 CIPRIANI Carmela<\/p>\n<p>82 CAPOBIANCHI Giorgia<\/p>\n<p>83 DE IULIIS Manuela<\/p>\n<p>84 MAGNETTO Daniela<\/p>\n<p>85 SALTON Basei Marzia<\/p>\n<p>86 STRIZZI Isabella<\/p>\n<p>87 VYSOTSKA Yevgenia<\/p>\n<p><strong>Cylance Pro Cycling.<\/strong><\/p>\n<p>91 RATTO Rossella<\/p>\n<p>92 TAGLIAFERRO Marta<\/p>\n<p>93 WILD Kirsten<\/p>\n<p>94 DOEBEL-HICKOK Kristabel<\/p>\n<p>95 JASINSKA Ma<\/p>\n<p>96 GUTI\u00c9RREZ Sheyla<\/p>\n<p>97 KING Danielle<\/p>\n<p><strong>FDJ Nouvelle Aquitaine Futuroscope.<\/strong><\/p>\n<p>101 BIANNIC Aude<\/p>\n<p>102 BRAVARD Charlotte<\/p>\n<p>103 FOURNIER Roxane<\/p>\n<p>104 GILLOW Shara<\/p>\n<p>105 KNETEMANN Roxane<\/p>\n<p>106 YONAMINE Eri<\/p>\n<p>107 DUVAL Eug\u00e9nie<\/p>\n<p><strong>Giusfredi Bianchi.<\/strong><\/p>\n<p>111 SHAPIRA Omer<\/p>\n<p>112 BALDUCCI Michela<\/p>\n<p>113 CANVELLI Vania<\/p>\n<p>114 BORTOLOTTI Simona<\/p>\n<p>115 DUMITRU Daniela<\/p>\n<p>116 FRAIEGARI Giorgia<\/p>\n<p>117 PERINI Chiara<\/p>\n<p><strong>Hitec Products.<\/strong><\/p>\n<p>121 AALERUD Katrine<\/p>\n<p>122 FRAPPORTI Simona<\/p>\n<p>123 BJ\u00d8RNSRUD Miriam<\/p>\n<p>124 MOBERG Emilie<\/p>\n<p>125 HOEKSMA Ilona<\/p>\n<p>126 BECKER Charlotte<\/p>\n<p>127 THORSEN Thea<\/p>\n<p><strong>Lares-Waowdeals Women Cycling team.<\/strong><\/p>\n<p>131 VAN VELZEN Bryony<\/p>\n<p>132 VAN HOEK Lotte<\/p>\n<p>133 RIVAT-MAS Amelie<\/p>\n<p>134 REIS Daniela<\/p>\n<p>135 COBB Alice<\/p>\n<p>136 RIJKES Sarah<\/p>\n<p>137 VANDENBROUCKE Saartje<\/p>\n<p><strong>Lensworld &#8211; Kuota.<\/strong><\/p>\n<p>141 GUDERZO Tatiana<\/p>\n<p>142 ARZUFFI Alice Maria<\/p>\n<p>143 CONFALONIERI Maria Giulia<\/p>\n<p>144 CUCINOTTA Annalisa<\/p>\n<p>145 RIABCHENKO Tetyana<\/p>\n<p>146 SPOOR Winanda<\/p>\n<p>147 HANNES Kaat<\/p>\n<p><strong>Orica &#8211; Scott.<\/strong><\/p>\n<p>151 VAN VLEUTEN Annemiek<\/p>\n<p>152 SPRATT Amanda<\/p>\n<p>153 GARFOOT Katrin<\/p>\n<p>154 WILLIAMS Georgia<\/p>\n<p>155 ROY Sarah<\/p>\n<p>156 MANLY Alexandra<\/p>\n<p>157 CROOKS Jenelle<\/p>\n<p><strong>S.C. Michela Fanini Rox.<\/strong><\/p>\n<p>161 BALDUCCI Francesca<\/p>\n<p>162 CEOLONI Anna<\/p>\n<p>163 GARCIA Iraida<\/p>\n<p>164 KONONENKO Valeriya<\/p>\n<p>165 KIR\u00c1LY M\u00f3nika<\/p>\n<p>166 PICCA Valentina<\/p>\n<p>167 REATI Vittoria<\/p>\n<p><strong>Servetto Giusta.<\/strong><\/p>\n<p>171 HUANG Ting Ying<\/p>\n<p>172 POTOKINA Anna<\/p>\n<p>173 DOBRYNINA Kseniya<\/p>\n<p>174 SANABRIA Ana<\/p>\n<p>175 CHRISTOFOROU Antri<\/p>\n<p>176 FERNANDES Clemilda<\/p>\n<p>177 GASPARINI Alice<\/p>\n<p><strong>Team Sunweb.<\/strong><\/p>\n<p>181 BRAND Lucinda<\/p>\n<p>182 MACKAIJ Floortje<\/p>\n<p>183 RIVERA Coryn<\/p>\n<p>184 SLIK Rozanne<\/p>\n<p>185 SOEK Julia<\/p>\n<p>186 STULTIENS Sabrina<\/p>\n<p>187 WEAVER Molly<\/p>\n<p><strong>Team V\u00e9lo CONCEPT Women.<\/strong><\/p>\n<p>191 VILLUMSEN Linda<\/p>\n<p>192 KOSTER Claudia<\/p>\n<p>193 MATHIESEN Pernille<\/p>\n<p>194 NORMAN HANSEN Louise<\/p>\n<p>195 MOLLEBRO Camilla<\/p>\n<p>196 PENTON Sara<\/p>\n<p>197 SIGGAARD Christina<\/p>\n<p><strong>Top Girls Fassa Bortolo.<\/strong><\/p>\n<p>201 BARTELLONI Beatrice<\/p>\n<p>202 COVRIG Ana<\/p>\n<p>203 LEONARDI Elena<\/p>\n<p>204 MARIOTTO Sara<\/p>\n<p>205 QUAGLIOTTO Nadia<\/p>\n<p>206 PAVIN Michela<\/p>\n<p>207 ROSSATO Beatrice<\/p>\n<p><strong>Valcar PBM.<\/strong><\/p>\n<p>211 MUCCIOLI Dalia<\/p>\n<p>212 PERSICO Silvia<\/p>\n<p>213 CAVALLI Marta<\/p>\n<p>214 POLLICINI Silvia<\/p>\n<p>215 ARZUFFI Allegra<\/p>\n<p>216 CRETTI Claudia<\/p>\n<p>217 ZANETTIN Chiara<\/p>\n<p><strong>Wiggle High5.<\/strong><\/p>\n<p>221 LONGO BORGHINI Elisa<\/p>\n<p>222 BRONZINI Giorgia<\/p>\n<p>223 LICHTENBERG Claudia<\/p>\n<p>224 CORDON Audrey<\/p>\n<p>225 EDMONDSON Annette<\/p>\n<p>226 D&#8217;HOORE Jolien<\/p>\n<p>227 LETH Julie<\/p>\n<p><strong>WM3 Energie.<\/strong><\/p>\n<p>231 NIEWIADOMA Katarzyna<\/p>\n<p>232 PLICHTA Anna<\/p>\n<p>233 KITCHEN Lauren<\/p>\n<p>234 KOSTER Anouska<\/p>\n<p>235 SCANDOLARA Valentina<\/p>\n<p>236 TENNIGLO Moniek<\/p>\n<p>237 MARKUS Riejanne<\/p>\n<p><strong>ETAPAS.<\/strong><\/p>\n<p>30\/6 Etapa 1: (TTT) &#8211; Aquileia &#8211; Grado (11.5 KM)<\/p>\n<p>1\/7 Etapa 2: Zoppola &#8211; Mantereale Valcellina (122.25 KM)<\/p>\n<p>2\/7 Etapa 3: San Fior &#8211; San Vendemiano (100 KM)<\/p>\n<p>3\/7 Etapa 4: Occhiobello &#8211; Occhiobello (118 KM)<\/p>\n<p>4\/7 Etapa 5: (ITT) &#8211; Sant&#8217;elpidio a Mare &#8211; Sant&#8217;elpidio a Mare (12.73 KM)<\/p>\n<p>5\/7 Etapa 6: Roseta degli Abruzzi &#8211; Roseta degli Abruzzi (116.6 KM)<\/p>\n<p>6\/7 Etapa 7: Isernia &#8211; Baronissi (141.98 KM)<\/p>\n<p>7\/7 Etapa 8: Baronissi &#8211; Palinuro (141.8 KM)<\/p>\n<p>8\/7 Etapa 9: Palinuro &#8211; Polla (122.3 KM)<\/p>\n<p>9\/7 Etapa 10: Torre del Greco &#8211; Torre del Greco (124 KM)&nbsp;&nbsp;<\/p>\n<p>&nbsp;<\/p>\n","protected":false},"excerpt":{"rendered":"<p>El Bolet\u00edn COPACI inform\u00f3: Bogot\u00e1. Con el debut de la colombiana Ana Cristina Sanabria se estar\u00e1 llevando a cabo la 28\u00aa edici\u00f3n del Giro de Italia Femenino. La carrera se estar\u00e1 disputando del 30 de junio al 9 de julio. La competencia estar\u00e1 arrancando este viernes con una CRE entre Aquileia y Grado sobre una [&hellip;]<\/p>\n","protected":false},"author":1,"featured_media":0,"comment_status":"open","ping_status":"open","sticky":false,"template":"","format":"standard","meta":{"_exactmetrics_skip_tracking":false,"_exactmetrics_sitenote_active":false,"_exactmetrics_sitenote_note":"","_exactmetrics_sitenote_category":0,"ngg_post_thumbnail":0,"footnotes":""},"categories":[26,9],"tags":[],"class_list":["post-5523","post","type-post","status-publish","format-standard","hentry","category-copaci","category-ruta-ciclismo-uci"],"_links":{"self":[{"href":"https:\/\/reddeportiva.net\/principal\/index.php?rest_route=\/wp\/v2\/posts\/5523","targetHints":{"allow":["GET"]}}],"collection":[{"href":"https:\/\/reddeportiva.net\/principal\/index.php?rest_route=\/wp\/v2\/posts"}],"about":[{"href":"https:\/\/reddeportiva.net\/principal\/index.php?rest_route=\/wp\/v2\/types\/post"}],"author":[{"embeddable":true,"href":"https:\/\/reddeportiva.net\/principal\/index.php?rest_route=\/wp\/v2\/users\/1"}],"replies":[{"embeddable":true,"href":"https:\/\/reddeportiva.net\/principal\/index.php?rest_route=%2Fwp%2Fv2%2Fcomments&post=5523"}],"version-history":[{"count":1,"href":"https:\/\/reddeportiva.net\/principal\/index.php?rest_route=\/wp\/v2\/posts\/5523\/revisions"}],"predecessor-version":[{"id":5524,"href":"https:\/\/reddeportiva.net\/principal\/index.php?rest_route=\/wp\/v2\/posts\/5523\/revisions\/5524"}],"wp:attachment":[{"href":"https:\/\/reddeportiva.net\/principal\/index.php?rest_route=%2Fwp%2Fv2%2Fmedia&parent=5523"}],"wp:term":[{"taxonomy":"category","embeddable":true,"href":"https:\/\/reddeportiva.net\/principal\/index.php?rest_route=%2Fwp%2Fv2%2Fcategories&post=5523"},{"taxonomy":"post_tag","embeddable":true,"href":"https:\/\/reddeportiva.net\/principal\/index.php?rest_route=%2Fwp%2Fv2%2Ftags&post=5523"}],"curies":[{"name":"wp","href":"https:\/\/api.w.org\/{rel}","templated":true}]}}