{"id":5057,"date":"2017-06-29T19:33:55","date_gmt":"2017-06-30T00:33:55","guid":{"rendered":"http:\/\/reddeportiva.net\/principal\/?p=5057"},"modified":"2017-06-29T19:33:55","modified_gmt":"2017-06-30T00:33:55","slug":"juramente-seleccion-guatemalteca-de-pista","status":"publish","type":"post","link":"https:\/\/reddeportiva.net\/principal\/?p=5057","title":{"rendered":"JURAMENTE SELECCI\u00d3N GUATEMALTECA DE PISTA"},"content":{"rendered":"<p>El Bolet\u00edn COPACI inform\u00f3:<\/p>\n<p><strong>Ciudad de Guatemala.<\/strong> Juramenta a la Selecci\u00f3n Nacional que competir\u00e1 en el Campeonato Centroamericano de Pista y fecha UCI, a desarrollarse del 30 al 02 de Julio en el Vel\u00f3dromo Nacional, Zona 13.<\/p>\n<p>La actividad fue dirigida por el Presidente de Federaci\u00f3n Guatemalteca de Ciclismo, Stuart Rodr\u00edguez, acompa\u00f1ado de los representantes del Comit\u00e9 Ol\u00edmpico Guatemalteco. <strong>(Prensa F.G.C)<\/strong><\/p>\n<p><strong>SELECCI\u00d3N GUATEMLA A.<\/strong><\/p>\n<ul>\n<li>Manuel Oseas Rodas<\/li>\n<li>Dorian Javier Monterroso<\/li>\n<li>Alfredo Esteban Ajpacaj\u00e1<\/li>\n<li>Julio Padilla Miranda<\/li>\n<li>Brandon Humberto Pineda<\/li>\n<li>Claudio Manolo Castro Hern\u00e1ndez<\/li>\n<li>Luis Carlos Cord\u00f3n<\/li>\n<li>Mar\u00eda Yamilet Jim\u00e9nez<\/li>\n<li>Nicole Rodr\u00edguez<\/li>\n<li>Cynthia Eugenia<\/li>\n<li>Jazm\u00edn Gabriela Soto<\/li>\n<li>Paula Lucrecia Guillen<\/li>\n<li>Andrea Fernanda Guillen<\/li>\n<\/ul>\n<p><strong>SELECCI\u00d3N GUATEMLA B.<\/strong><\/p>\n<ul>\n<li>Alejandro Padilla<\/li>\n<li>Geovani Macario Sam<\/li>\n<li>Brayan Arinel R\u00edos<\/li>\n<li>Walter Filadelfo Escobar<\/li>\n<li>Kenia Siam<\/li>\n<li>Sucely Bor\u00f3n<\/li>\n<li>Mar\u00eda Nohem\u00ed<\/li>\n<li>Karold Adriana L\u00f3pez<\/li>\n<li>Julio Andr\u00e9s Sierra<\/li>\n<\/ul>\n<p><strong>SELECCI\u00d3N GUATEMLA C.<\/strong><\/p>\n<ul>\n<li>\u00c1ngel De Jes\u00fas Carranza Urizar<\/li>\n<li>Henry Sam Poz<\/li>\n<li>Am\u00edlcar Oswaldo M\u00e9ndez<\/li>\n<li>Brandon Escobar<\/li>\n<\/ul>\n<p><strong>SELECCI\u00d3N GUATEMLA D.<\/strong><\/p>\n<ul>\n<li>Sergio Chumil Gonz\u00e1lez<\/li>\n<li>Wilber Fernando<\/li>\n<li>Pedro Pablo Morales<\/li>\n<\/ul>\n","protected":false},"excerpt":{"rendered":"<p>El Bolet\u00edn COPACI inform\u00f3: Ciudad de Guatemala. Juramenta a la Selecci\u00f3n Nacional que competir\u00e1 en el Campeonato Centroamericano de Pista y fecha UCI, a desarrollarse del 30 al 02 de Julio en el Vel\u00f3dromo Nacional, Zona 13. La actividad fue dirigida por el Presidente de Federaci\u00f3n Guatemalteca de Ciclismo, Stuart Rodr\u00edguez, acompa\u00f1ado de los representantes [&hellip;]<\/p>\n","protected":false},"author":1,"featured_media":0,"comment_status":"open","ping_status":"open","sticky":false,"template":"","format":"standard","meta":{"_exactmetrics_skip_tracking":false,"_exactmetrics_sitenote_active":false,"_exactmetrics_sitenote_note":"","_exactmetrics_sitenote_category":0,"ngg_post_thumbnail":0,"footnotes":""},"categories":[41],"tags":[],"class_list":["post-5057","post","type-post","status-publish","format-standard","hentry","category-ciclismo-pista"],"_links":{"self":[{"href":"https:\/\/reddeportiva.net\/principal\/index.php?rest_route=\/wp\/v2\/posts\/5057","targetHints":{"allow":["GET"]}}],"collection":[{"href":"https:\/\/reddeportiva.net\/principal\/index.php?rest_route=\/wp\/v2\/posts"}],"about":[{"href":"https:\/\/reddeportiva.net\/principal\/index.php?rest_route=\/wp\/v2\/types\/post"}],"author":[{"embeddable":true,"href":"https:\/\/reddeportiva.net\/principal\/index.php?rest_route=\/wp\/v2\/users\/1"}],"replies":[{"embeddable":true,"href":"https:\/\/reddeportiva.net\/principal\/index.php?rest_route=%2Fwp%2Fv2%2Fcomments&post=5057"}],"version-history":[{"count":1,"href":"https:\/\/reddeportiva.net\/principal\/index.php?rest_route=\/wp\/v2\/posts\/5057\/revisions"}],"predecessor-version":[{"id":5058,"href":"https:\/\/reddeportiva.net\/principal\/index.php?rest_route=\/wp\/v2\/posts\/5057\/revisions\/5058"}],"wp:attachment":[{"href":"https:\/\/reddeportiva.net\/principal\/index.php?rest_route=%2Fwp%2Fv2%2Fmedia&parent=5057"}],"wp:term":[{"taxonomy":"category","embeddable":true,"href":"https:\/\/reddeportiva.net\/principal\/index.php?rest_route=%2Fwp%2Fv2%2Fcategories&post=5057"},{"taxonomy":"post_tag","embeddable":true,"href":"https:\/\/reddeportiva.net\/principal\/index.php?rest_route=%2Fwp%2Fv2%2Ftags&post=5057"}],"curies":[{"name":"wp","href":"https:\/\/api.w.org\/{rel}","templated":true}]}}