{"id":5055,"date":"2017-06-29T19:30:54","date_gmt":"2017-06-30T00:30:54","guid":{"rendered":"http:\/\/reddeportiva.net\/principal\/?p=5055"},"modified":"2017-06-29T19:30:54","modified_gmt":"2017-06-30T00:30:54","slug":"bicicross-celebra-este-fin-de-semana-el-campeonato-nacional","status":"publish","type":"post","link":"https:\/\/reddeportiva.net\/principal\/?p=5055","title":{"rendered":"BICICROSS CELEBRA ESTE FIN DE SEMANA EL CAMPEONATO NACIONAL"},"content":{"rendered":"<p>El Bolet\u00edn COPACI inform\u00f3:<\/p>\n<p><strong>San Jos\u00e9.<\/strong> Este s\u00e1bado y domingo se desarrollar\u00e1n los Campeonatos Nacionales de BMX, en la Pista del Parque de la Paz.<\/p>\n<p>Se dar\u00e1 inicio con la prueba de Contra Reloj el d\u00eda s\u00e1bado 1 de julio y el domingo con Bicicross, donde se coronar\u00e1n las 17 categor\u00edas que conforman este deporte.<\/p>\n<p>Las inscripciones ya est\u00e1n abiertas, se hacen en l\u00ednea y cierran este jueves 29 de junio. Ac\u00e1 les compartimos el link de las mismas, cabe se\u00f1alar que estas no tienen ning\u00fan costo.<\/p>\n<p>La pista se habilitar\u00e1 durante toda la semana a partir de las 6 de la tarde, siempre y cuando no llueva.<\/p>\n<p>Es requisito indispensable contar con la licencia de la Fecoci. <strong>(<a href=\"http:\/\/www.fecoci.net\">www.fecoci.net<\/a>) <\/strong><\/p>\n<p>&nbsp;<\/p>\n","protected":false},"excerpt":{"rendered":"<p>El Bolet\u00edn COPACI inform\u00f3: San Jos\u00e9. Este s\u00e1bado y domingo se desarrollar\u00e1n los Campeonatos Nacionales de BMX, en la Pista del Parque de la Paz. Se dar\u00e1 inicio con la prueba de Contra Reloj el d\u00eda s\u00e1bado 1 de julio y el domingo con Bicicross, donde se coronar\u00e1n las 17 categor\u00edas que conforman este deporte. [&hellip;]<\/p>\n","protected":false},"author":1,"featured_media":0,"comment_status":"open","ping_status":"open","sticky":false,"template":"","format":"standard","meta":{"_exactmetrics_skip_tracking":false,"_exactmetrics_sitenote_active":false,"_exactmetrics_sitenote_note":"","_exactmetrics_sitenote_category":0,"ngg_post_thumbnail":0,"footnotes":""},"categories":[46],"tags":[],"class_list":["post-5055","post","type-post","status-publish","format-standard","hentry","category-bmx-ciclismo"],"_links":{"self":[{"href":"https:\/\/reddeportiva.net\/principal\/index.php?rest_route=\/wp\/v2\/posts\/5055","targetHints":{"allow":["GET"]}}],"collection":[{"href":"https:\/\/reddeportiva.net\/principal\/index.php?rest_route=\/wp\/v2\/posts"}],"about":[{"href":"https:\/\/reddeportiva.net\/principal\/index.php?rest_route=\/wp\/v2\/types\/post"}],"author":[{"embeddable":true,"href":"https:\/\/reddeportiva.net\/principal\/index.php?rest_route=\/wp\/v2\/users\/1"}],"replies":[{"embeddable":true,"href":"https:\/\/reddeportiva.net\/principal\/index.php?rest_route=%2Fwp%2Fv2%2Fcomments&post=5055"}],"version-history":[{"count":1,"href":"https:\/\/reddeportiva.net\/principal\/index.php?rest_route=\/wp\/v2\/posts\/5055\/revisions"}],"predecessor-version":[{"id":5056,"href":"https:\/\/reddeportiva.net\/principal\/index.php?rest_route=\/wp\/v2\/posts\/5055\/revisions\/5056"}],"wp:attachment":[{"href":"https:\/\/reddeportiva.net\/principal\/index.php?rest_route=%2Fwp%2Fv2%2Fmedia&parent=5055"}],"wp:term":[{"taxonomy":"category","embeddable":true,"href":"https:\/\/reddeportiva.net\/principal\/index.php?rest_route=%2Fwp%2Fv2%2Fcategories&post=5055"},{"taxonomy":"post_tag","embeddable":true,"href":"https:\/\/reddeportiva.net\/principal\/index.php?rest_route=%2Fwp%2Fv2%2Ftags&post=5055"}],"curies":[{"name":"wp","href":"https:\/\/api.w.org\/{rel}","templated":true}]}}