{"id":5053,"date":"2017-06-29T19:24:03","date_gmt":"2017-06-30T00:24:03","guid":{"rendered":"http:\/\/reddeportiva.net\/principal\/?p=5053"},"modified":"2017-06-29T19:24:03","modified_gmt":"2017-06-30T00:24:03","slug":"mariana-oquendo-y-ramirez-en-el-campeonato-nacional-de-bmx-en-medellin","status":"publish","type":"post","link":"https:\/\/reddeportiva.net\/principal\/?p=5053","title":{"rendered":"MARIANA, OQUENDO Y RAM\u00cdREZ, EN EL CAMPEONATO NACIONAL DE BMX EN MEDELL\u00cdN"},"content":{"rendered":"<p><b>El Bolet\u00edn COPACI inform\u00f3:<\/b><\/p>\n<p><strong>Bogot\u00e1.<\/strong> Las principales figuras del BMX en nuestro pa\u00eds, han confirmado su presencia en el Campeonato Nacional, que se llevar\u00e1 a cabo este fin de semana en la pista Mariana Paj\u00f3n, que sirvi\u00f3 como sede del Campeonato Mundial de la modalidad.<\/p>\n<p>Mariana Paj\u00f3n, Carlos Oquendo y Carlos Ram\u00edrez, son algunos de&nbsp; los nombres confirmados para estar rodando en este evento que es muy importante, teniendo en cuenta que de all\u00ed sale la Selecci\u00f3n Colombia que nos representar\u00e1 en el Campeonato Mundial, que este a\u00f1o se celebra en Rock Hill del 26 al 30 del mes de julio.<\/p>\n<p>\u201cTenemos todo preparado para el Campeonato Nacional, es el evento m\u00e1s importante del a\u00f1o en nuestro pa\u00eds, las principales figuras van a correr, eso le da mucho nivel el torneo, adem\u00e1s realizaremos el d\u00eda domingo una v\u00e1lida nacional, as\u00ed que Medell\u00edn una <!--more-->vez m\u00e1s re\u00fane esta especialidad, donde se siguen sacando figuras\u201d, coment\u00f3 Rub\u00e9n Galeano, director de la comisi\u00f3n nacional de BMX. <strong>(<a href=\"http:\/\/www.revistamundociclistico.com\">www.revistamundociclistico.com<\/a>) <\/strong><\/p>\n<p><strong>PROGRAMACI\u00d3N CAMPEONATO NACIONAL:<\/strong><\/p>\n<p><strong>Viernes 30 de junio<\/strong><\/p>\n<p>Entrenamientos oficiales Categor\u00edas mayores 2:30 pista Mariana Paj\u00f3n<\/p>\n<p><strong>S\u00e1bado 1 de julio<\/strong><\/p>\n<p>Competencias 6:00 am<\/p>\n<p>J\u00fanior Damas<\/p>\n<p>J\u00fanior varones<\/p>\n<p>Elite damas<\/p>\n<p>Elite varones<\/p>\n","protected":false},"excerpt":{"rendered":"<p>El Bolet\u00edn COPACI inform\u00f3: Bogot\u00e1. Las principales figuras del BMX en nuestro pa\u00eds, han confirmado su presencia en el Campeonato Nacional, que se llevar\u00e1 a cabo este fin de semana en la pista Mariana Paj\u00f3n, que sirvi\u00f3 como sede del Campeonato Mundial de la modalidad. Mariana Paj\u00f3n, Carlos Oquendo y Carlos Ram\u00edrez, son algunos de&nbsp; [&hellip;]<\/p>\n","protected":false},"author":1,"featured_media":0,"comment_status":"open","ping_status":"open","sticky":false,"template":"","format":"standard","meta":{"_exactmetrics_skip_tracking":false,"_exactmetrics_sitenote_active":false,"_exactmetrics_sitenote_note":"","_exactmetrics_sitenote_category":0,"ngg_post_thumbnail":0,"footnotes":""},"categories":[46],"tags":[],"class_list":["post-5053","post","type-post","status-publish","format-standard","hentry","category-bmx-ciclismo"],"_links":{"self":[{"href":"https:\/\/reddeportiva.net\/principal\/index.php?rest_route=\/wp\/v2\/posts\/5053","targetHints":{"allow":["GET"]}}],"collection":[{"href":"https:\/\/reddeportiva.net\/principal\/index.php?rest_route=\/wp\/v2\/posts"}],"about":[{"href":"https:\/\/reddeportiva.net\/principal\/index.php?rest_route=\/wp\/v2\/types\/post"}],"author":[{"embeddable":true,"href":"https:\/\/reddeportiva.net\/principal\/index.php?rest_route=\/wp\/v2\/users\/1"}],"replies":[{"embeddable":true,"href":"https:\/\/reddeportiva.net\/principal\/index.php?rest_route=%2Fwp%2Fv2%2Fcomments&post=5053"}],"version-history":[{"count":1,"href":"https:\/\/reddeportiva.net\/principal\/index.php?rest_route=\/wp\/v2\/posts\/5053\/revisions"}],"predecessor-version":[{"id":5054,"href":"https:\/\/reddeportiva.net\/principal\/index.php?rest_route=\/wp\/v2\/posts\/5053\/revisions\/5054"}],"wp:attachment":[{"href":"https:\/\/reddeportiva.net\/principal\/index.php?rest_route=%2Fwp%2Fv2%2Fmedia&parent=5053"}],"wp:term":[{"taxonomy":"category","embeddable":true,"href":"https:\/\/reddeportiva.net\/principal\/index.php?rest_route=%2Fwp%2Fv2%2Fcategories&post=5053"},{"taxonomy":"post_tag","embeddable":true,"href":"https:\/\/reddeportiva.net\/principal\/index.php?rest_route=%2Fwp%2Fv2%2Ftags&post=5053"}],"curies":[{"name":"wp","href":"https:\/\/api.w.org\/{rel}","templated":true}]}}