{"id":5051,"date":"2017-06-29T19:19:33","date_gmt":"2017-06-30T00:19:33","guid":{"rendered":"http:\/\/reddeportiva.net\/principal\/?p=5051"},"modified":"2017-06-29T19:19:33","modified_gmt":"2017-06-30T00:19:33","slug":"ciclistas-mexicanos-a-festival-centroamericano-en-guatemala-2","status":"publish","type":"post","link":"https:\/\/reddeportiva.net\/principal\/?p=5051","title":{"rendered":"CICLISTAS MEXICANOS A FESTIVAL CENTROAMERICANO EN GUATEMALA"},"content":{"rendered":"<p>El Bolet\u00edn COPACI inform\u00f3:<\/p>\n<p><strong>Ciudad de M\u00e9xico.<\/strong> Los hermanos Yuli Paola y Edgar Ismael Verdugo Osuna comandan el equipo mexicano de ciclismo, que tomar\u00e1 parte en el Festival Centroamericano de Pista, evento avalado por la Uni\u00f3n Cicl\u00edstica Internacional (UCI).<\/p>\n<p>La Federaci\u00f3n Mexicana de Ciclismo (FMC) dio a conocer que la representaci\u00f3n nacional est\u00e1 formada, adem\u00e1s, por la monarca de Veracruz 2014, Yarely Salazar, el experimentado Ignacio Sarabia, los hermanos Jos\u00e9 Alfredo y Jos\u00e9 Ram\u00f3n Aguirre, Iv\u00e1n Carbajal, Roberto Serrano y \u00d3scar L\u00f3pez.<\/p>\n<p>\u00abContinuamos con la preparaci\u00f3n de nuestros ciclistas rumbo a los Juegos <!--more-->Centroamericanos y del Caribe de Barranquilla 2018, es por eso que conseguimos los apoyos para que nuestros deportistas asistan al importante evento\u00bb, dijo Gabriel Espinosa, t\u00e9cnico de la FMC.<\/p>\n<p>Indic\u00f3 que adem\u00e1s el certamen tendr\u00e1 un nivel aceptable porque acudir\u00e1n pedalistas de Costa Rica, El Salvador, Ecuador y los locales, que estar\u00e1n en busca de las dos plazas que otorgar\u00e1 el evento para Barranquilla.<\/p>\n<p>Entre las aspirantes a preseas est\u00e1n Yuli Verdugo, quien competir\u00e1 en la velocidad, 500 metros y Keirin, mientras que Yareli Salazar lo hace en Omnium, Scratch y Puntos<\/p>\n<p>Adem\u00e1s los hermanos Jos\u00e9 Ram\u00f3n y Jos\u00e9 Alfredo Aguirre estar\u00e1n en las pruebas de medio fondo como el Omnium y que son parte del equipo de persecuci\u00f3n, en tanto que Ignacio Sarabia va por la prueba por puntos junto con Iv\u00e1n Carbajal.<\/p>\n<p>Adem\u00e1s de Edgar Verdugo, \u00d3scar L\u00f3pez y Alejandro Resendez son el equipo de velocidad masculina y para cerrar la lista aparece Roberto Serrano en el km contrarreloj.<\/p>\n<p>Los competidores son apoyados por los Institutos del deporte en los estados de Nuevo Le\u00f3n, Baja California Sur, Sinaloa y Jalisco.<\/p>\n<p>Notimex Todos los derechos reservados. Est\u00e1 prohibido todo tipo de reproducci\u00f3n sin autorizaci\u00f3n. <strong>(Notimex)<\/strong><\/p>\n<p><strong>&nbsp;<\/strong><\/p>\n","protected":false},"excerpt":{"rendered":"<p>El Bolet\u00edn COPACI inform\u00f3: Ciudad de M\u00e9xico. Los hermanos Yuli Paola y Edgar Ismael Verdugo Osuna comandan el equipo mexicano de ciclismo, que tomar\u00e1 parte en el Festival Centroamericano de Pista, evento avalado por la Uni\u00f3n Cicl\u00edstica Internacional (UCI). La Federaci\u00f3n Mexicana de Ciclismo (FMC) dio a conocer que la representaci\u00f3n nacional est\u00e1 formada, adem\u00e1s, [&hellip;]<\/p>\n","protected":false},"author":1,"featured_media":0,"comment_status":"open","ping_status":"open","sticky":false,"template":"","format":"standard","meta":{"_exactmetrics_skip_tracking":false,"_exactmetrics_sitenote_active":false,"_exactmetrics_sitenote_note":"","_exactmetrics_sitenote_category":0,"ngg_post_thumbnail":0,"footnotes":""},"categories":[9],"tags":[],"class_list":["post-5051","post","type-post","status-publish","format-standard","hentry","category-ruta-ciclismo-uci"],"_links":{"self":[{"href":"https:\/\/reddeportiva.net\/principal\/index.php?rest_route=\/wp\/v2\/posts\/5051","targetHints":{"allow":["GET"]}}],"collection":[{"href":"https:\/\/reddeportiva.net\/principal\/index.php?rest_route=\/wp\/v2\/posts"}],"about":[{"href":"https:\/\/reddeportiva.net\/principal\/index.php?rest_route=\/wp\/v2\/types\/post"}],"author":[{"embeddable":true,"href":"https:\/\/reddeportiva.net\/principal\/index.php?rest_route=\/wp\/v2\/users\/1"}],"replies":[{"embeddable":true,"href":"https:\/\/reddeportiva.net\/principal\/index.php?rest_route=%2Fwp%2Fv2%2Fcomments&post=5051"}],"version-history":[{"count":1,"href":"https:\/\/reddeportiva.net\/principal\/index.php?rest_route=\/wp\/v2\/posts\/5051\/revisions"}],"predecessor-version":[{"id":5052,"href":"https:\/\/reddeportiva.net\/principal\/index.php?rest_route=\/wp\/v2\/posts\/5051\/revisions\/5052"}],"wp:attachment":[{"href":"https:\/\/reddeportiva.net\/principal\/index.php?rest_route=%2Fwp%2Fv2%2Fmedia&parent=5051"}],"wp:term":[{"taxonomy":"category","embeddable":true,"href":"https:\/\/reddeportiva.net\/principal\/index.php?rest_route=%2Fwp%2Fv2%2Fcategories&post=5051"},{"taxonomy":"post_tag","embeddable":true,"href":"https:\/\/reddeportiva.net\/principal\/index.php?rest_route=%2Fwp%2Fv2%2Ftags&post=5051"}],"curies":[{"name":"wp","href":"https:\/\/api.w.org\/{rel}","templated":true}]}}