{"id":4752,"date":"2017-06-27T19:07:46","date_gmt":"2017-06-28T00:07:46","guid":{"rendered":"http:\/\/reddeportiva.net\/principal\/?p=4752"},"modified":"2017-06-27T19:07:46","modified_gmt":"2017-06-28T00:07:46","slug":"ismael-sanchez-logra-otra-corona-en-ciclismo-de-republica-dominicana","status":"publish","type":"post","link":"https:\/\/reddeportiva.net\/principal\/?p=4752","title":{"rendered":"ISMAEL S\u00c1NCHEZ LOGRA OTRA CORONA EN CICLISMO DE REP\u00daBLICA DOMINICANA"},"content":{"rendered":"<p>El Bolet\u00edn COPACI inform\u00f3:<\/p>\n<p><strong>Santo Domingo.<\/strong> Ismael S\u00e1nchez agreg\u00f3 otra corona a su ya conquistado t\u00edtulo como campe\u00f3n de la Vuelta Ciclista Independencia 2017 cuando se convirti\u00f3 en el gran monarca del Campeonato Nacional de Ruta en la categor\u00eda \u00e9lite, evento que con \u00e9xito organiz\u00f3 la Federaci\u00f3n Dominicana de Ciclismo.<\/p>\n<p>S\u00e1nchez, un pedalista cuyos tres cetros en el importante giro dominicano lo ha convertido en un hombre historia en el ciclismo nacional, levant\u00f3 los brazos como gran campe\u00f3n en el certamen de ruta, al salir airoso en una extensa carrera efectuada bajo un agobiante calor en la avenida Circunvalaci\u00f3n.<\/p>\n<p>Al final de la jornada, Jorge Blas D\u00edaz, presidente de FEDOCI resalt\u00f3 el gran nivel competitivo que emplearon los pedalistas que estuvieron involucrados en el certamen en las diferentes categor\u00edas. <strong>(<a href=\"http:\/\/www.listindiario.com.do\">www.listindiario.com.do<\/a>)<\/strong><\/p>\n<p><strong>MEDALLISTAS.<\/strong><\/p>\n<p><strong>RUTA HOMBRES (180 KM).<\/strong><\/p>\n<ol>\n<li>Ismael S\u00e1nchez (Aero Cycling Team) 04:49:10<\/li>\n<li>William Guzm\u00e1n (Inteja DCT)<\/li>\n<li>Rafael Mer\u00e1n (Aero Cycling Team<\/li>\n<\/ol>\n<p><strong>MASTER A (94 KM).<\/strong><\/p>\n<ol>\n<li>Ramphy Colom\u00e9 (Aero Cycling Team) 02:31:14<\/li>\n<li>Jos\u00e9 Coronado (Mortero V2C)<\/li>\n<li>Manolo V\u00e1zquez (R2R)<\/li>\n<\/ol>\n<p><strong>MASTER B (94 KM).<\/strong><\/p>\n<ol>\n<li>Wendy Cruz (Cicl\u00f3n Bike) 02:33:56<\/li>\n<li>Jorge Cordero (Mortero V2C)<\/li>\n<li>Edgar Pimentel (Asocisa)<\/li>\n<\/ol>\n","protected":false},"excerpt":{"rendered":"<p>El Bolet\u00edn COPACI inform\u00f3: Santo Domingo. Ismael S\u00e1nchez agreg\u00f3 otra corona a su ya conquistado t\u00edtulo como campe\u00f3n de la Vuelta Ciclista Independencia 2017 cuando se convirti\u00f3 en el gran monarca del Campeonato Nacional de Ruta en la categor\u00eda \u00e9lite, evento que con \u00e9xito organiz\u00f3 la Federaci\u00f3n Dominicana de Ciclismo. S\u00e1nchez, un pedalista cuyos tres [&hellip;]<\/p>\n","protected":false},"author":1,"featured_media":0,"comment_status":"open","ping_status":"open","sticky":false,"template":"","format":"standard","meta":{"_exactmetrics_skip_tracking":false,"_exactmetrics_sitenote_active":false,"_exactmetrics_sitenote_note":"","_exactmetrics_sitenote_category":0,"ngg_post_thumbnail":0,"footnotes":""},"categories":[26,9],"tags":[],"class_list":["post-4752","post","type-post","status-publish","format-standard","hentry","category-copaci","category-ruta-ciclismo-uci"],"_links":{"self":[{"href":"https:\/\/reddeportiva.net\/principal\/index.php?rest_route=\/wp\/v2\/posts\/4752","targetHints":{"allow":["GET"]}}],"collection":[{"href":"https:\/\/reddeportiva.net\/principal\/index.php?rest_route=\/wp\/v2\/posts"}],"about":[{"href":"https:\/\/reddeportiva.net\/principal\/index.php?rest_route=\/wp\/v2\/types\/post"}],"author":[{"embeddable":true,"href":"https:\/\/reddeportiva.net\/principal\/index.php?rest_route=\/wp\/v2\/users\/1"}],"replies":[{"embeddable":true,"href":"https:\/\/reddeportiva.net\/principal\/index.php?rest_route=%2Fwp%2Fv2%2Fcomments&post=4752"}],"version-history":[{"count":1,"href":"https:\/\/reddeportiva.net\/principal\/index.php?rest_route=\/wp\/v2\/posts\/4752\/revisions"}],"predecessor-version":[{"id":4753,"href":"https:\/\/reddeportiva.net\/principal\/index.php?rest_route=\/wp\/v2\/posts\/4752\/revisions\/4753"}],"wp:attachment":[{"href":"https:\/\/reddeportiva.net\/principal\/index.php?rest_route=%2Fwp%2Fv2%2Fmedia&parent=4752"}],"wp:term":[{"taxonomy":"category","embeddable":true,"href":"https:\/\/reddeportiva.net\/principal\/index.php?rest_route=%2Fwp%2Fv2%2Fcategories&post=4752"},{"taxonomy":"post_tag","embeddable":true,"href":"https:\/\/reddeportiva.net\/principal\/index.php?rest_route=%2Fwp%2Fv2%2Ftags&post=4752"}],"curies":[{"name":"wp","href":"https:\/\/api.w.org\/{rel}","templated":true}]}}