{"id":4748,"date":"2017-06-27T18:55:40","date_gmt":"2017-06-27T23:55:40","guid":{"rendered":"http:\/\/reddeportiva.net\/principal\/?p=4748"},"modified":"2017-06-27T18:55:40","modified_gmt":"2017-06-27T23:55:40","slug":"concluyen-campeonatos-de-ruta-con-victoria-de-frijoles-tierniticos","status":"publish","type":"post","link":"https:\/\/reddeportiva.net\/principal\/?p=4748","title":{"rendered":"CONCLUYEN CAMPEONATOS DE RUTA CON VICTORIA DE FRIJOLES TIERNITICOS"},"content":{"rendered":"<p>El Bolet\u00edn COPACI inform\u00f3:<\/p>\n<p><strong>San Jos\u00e9.<\/strong> El Campeonato Nacional de Ruta de Costa Rica concluy\u00f3 con las pruebas \u00e9lite masculina y juvenil femenina, las \u00faltimas categor\u00edas en disputar el evento m\u00e1s importante del ciclismo costarricense. <strong>(Daniela Robles Madrigal, Prensa Fecoci)<\/strong><\/p>\n<p><strong>MEDALLISTAS.<\/strong><\/p>\n<p><strong>ELITE MASCULINO.<\/strong><\/p>\n<ol>\n<li>Mar\u00edn, Gabriel (Frijoles Tierniticos Arroz Halc\u00f3n) 04:01:56<\/li>\n<li>Brenes, Carlos (Independiente) 04:01:56<\/li>\n<li>Villalobos, Roman (Nestl\u00e9 7C Giant) +00:00:01<\/li>\n<\/ol>\n<p><strong>JUVENIL FEMENINO.<\/strong><\/p>\n<ol>\n<li>Montero, M\u00f3nica (CCDR Liberia Cycling Team) 02:12:39<\/li>\n<li>Castillo, Alina (CCDR Bagaces) +00:02:47<\/li>\n<li>Ram\u00edrez, Sharon (Tarire MTB Park) +00:08:23<\/li>\n<\/ol>\n<p><strong>ELITE FEMENINO.<\/strong><\/p>\n<ol>\n<li>Navarro, Natalia (Extralum-Specialized) 04:12:56<\/li>\n<li>Vargas, Maria (Lagar-Hernandez&amp;Asoc-Lufese) 04:12:56<\/li>\n<li>Boniche, Fiorella (Marisquer\u00eda Guayo &#8211; CCDR Tilar\u00e1n) +00:05:28<\/li>\n<\/ol>\n<p><strong>JUVENIL MASCULINO.<\/strong><\/p>\n<ol>\n<li>N\u00fa\u00f1ez, Jorge (Ciclismo Turrialba) 03:54:40<\/li>\n<li>Vega, Anthony (CCDR Grecia) +00:00:49<\/li>\n<li>Villalobos, Alberth (CCDR San Carlos Agricenter) +00:00:55<\/li>\n<\/ol>\n","protected":false},"excerpt":{"rendered":"<p>El Bolet\u00edn COPACI inform\u00f3: San Jos\u00e9. El Campeonato Nacional de Ruta de Costa Rica concluy\u00f3 con las pruebas \u00e9lite masculina y juvenil femenina, las \u00faltimas categor\u00edas en disputar el evento m\u00e1s importante del ciclismo costarricense. (Daniela Robles Madrigal, Prensa Fecoci) MEDALLISTAS. ELITE MASCULINO. Mar\u00edn, Gabriel (Frijoles Tierniticos Arroz Halc\u00f3n) 04:01:56 Brenes, Carlos (Independiente) 04:01:56 Villalobos, [&hellip;]<\/p>\n","protected":false},"author":1,"featured_media":0,"comment_status":"open","ping_status":"open","sticky":false,"template":"","format":"standard","meta":{"_exactmetrics_skip_tracking":false,"_exactmetrics_sitenote_active":false,"_exactmetrics_sitenote_note":"","_exactmetrics_sitenote_category":0,"ngg_post_thumbnail":0,"footnotes":""},"categories":[26,9],"tags":[],"class_list":["post-4748","post","type-post","status-publish","format-standard","hentry","category-copaci","category-ruta-ciclismo-uci"],"_links":{"self":[{"href":"https:\/\/reddeportiva.net\/principal\/index.php?rest_route=\/wp\/v2\/posts\/4748","targetHints":{"allow":["GET"]}}],"collection":[{"href":"https:\/\/reddeportiva.net\/principal\/index.php?rest_route=\/wp\/v2\/posts"}],"about":[{"href":"https:\/\/reddeportiva.net\/principal\/index.php?rest_route=\/wp\/v2\/types\/post"}],"author":[{"embeddable":true,"href":"https:\/\/reddeportiva.net\/principal\/index.php?rest_route=\/wp\/v2\/users\/1"}],"replies":[{"embeddable":true,"href":"https:\/\/reddeportiva.net\/principal\/index.php?rest_route=%2Fwp%2Fv2%2Fcomments&post=4748"}],"version-history":[{"count":1,"href":"https:\/\/reddeportiva.net\/principal\/index.php?rest_route=\/wp\/v2\/posts\/4748\/revisions"}],"predecessor-version":[{"id":4749,"href":"https:\/\/reddeportiva.net\/principal\/index.php?rest_route=\/wp\/v2\/posts\/4748\/revisions\/4749"}],"wp:attachment":[{"href":"https:\/\/reddeportiva.net\/principal\/index.php?rest_route=%2Fwp%2Fv2%2Fmedia&parent=4748"}],"wp:term":[{"taxonomy":"category","embeddable":true,"href":"https:\/\/reddeportiva.net\/principal\/index.php?rest_route=%2Fwp%2Fv2%2Fcategories&post=4748"},{"taxonomy":"post_tag","embeddable":true,"href":"https:\/\/reddeportiva.net\/principal\/index.php?rest_route=%2Fwp%2Fv2%2Ftags&post=4748"}],"curies":[{"name":"wp","href":"https:\/\/api.w.org\/{rel}","templated":true}]}}