{"id":4746,"date":"2017-06-27T18:52:33","date_gmt":"2017-06-27T23:52:33","guid":{"rendered":"http:\/\/reddeportiva.net\/principal\/?p=4746"},"modified":"2017-06-27T18:52:33","modified_gmt":"2017-06-27T23:52:33","slug":"walter-escobar-campeon-nacional-de-ruta-2017","status":"publish","type":"post","link":"https:\/\/reddeportiva.net\/principal\/?p=4746","title":{"rendered":"WALTER ESCOBAR CAMPE\u00d3N NACIONAL DE RUTA 2017"},"content":{"rendered":"<p>El Bolet\u00edn COPACI inform\u00f3:<\/p>\n<p><strong>Ciudad de Guatemala.<\/strong> Walter Escobar se convierte&nbsp; en Campe\u00f3n Nacional de Ruta \u00e9lite 2017, con tiempo de 4 horas y 26 minutos exactos, ingresando a la par de su compa\u00f1ero Manuel Rodas del&nbsp; Decoraba\u00f1os, en la categor\u00eda sub 23, el campe\u00f3n es Mardoqueo V\u00e1squez de Cuajo Luna con 4:37:59. <strong>(Prensa F.G.C)<\/strong><\/p>\n<p><strong>MEDALLISTAS.<\/strong><\/p>\n<p><strong>\u00c9LITE.<\/strong><\/p>\n<ol>\n<li>Walter Escobar (Decoraba\u00f1os) 04:26:00.<\/li>\n<li>Manuel Rodas (Decoraba\u00f1os) 04:26:00<\/li>\n<li>Santos Crisp\u00edn Ajpacaj\u00e1 (Hino-One-La Red) 04:37:44<\/li>\n<\/ol>\n<p><strong>&nbsp;<\/strong><strong>SUB 23.<\/strong><\/p>\n<ol>\n<li>Mardoqueo V\u00e1zquez (Cuajo Luna) 04:37:59<\/li>\n<li>Am\u00edlcar M\u00e9ndez (INTERCOP RL-Aso. Solol\u00e1) 04:40:00<\/li>\n<li>Esdras Morales (Hino-One-La Red) 4:40:00<\/li>\n<\/ol>\n","protected":false},"excerpt":{"rendered":"<p>El Bolet\u00edn COPACI inform\u00f3: Ciudad de Guatemala. Walter Escobar se convierte&nbsp; en Campe\u00f3n Nacional de Ruta \u00e9lite 2017, con tiempo de 4 horas y 26 minutos exactos, ingresando a la par de su compa\u00f1ero Manuel Rodas del&nbsp; Decoraba\u00f1os, en la categor\u00eda sub 23, el campe\u00f3n es Mardoqueo V\u00e1squez de Cuajo Luna con 4:37:59. (Prensa F.G.C) [&hellip;]<\/p>\n","protected":false},"author":1,"featured_media":0,"comment_status":"open","ping_status":"open","sticky":false,"template":"","format":"standard","meta":{"_exactmetrics_skip_tracking":false,"_exactmetrics_sitenote_active":false,"_exactmetrics_sitenote_note":"","_exactmetrics_sitenote_category":0,"ngg_post_thumbnail":0,"footnotes":""},"categories":[26,9],"tags":[],"class_list":["post-4746","post","type-post","status-publish","format-standard","hentry","category-copaci","category-ruta-ciclismo-uci"],"_links":{"self":[{"href":"https:\/\/reddeportiva.net\/principal\/index.php?rest_route=\/wp\/v2\/posts\/4746","targetHints":{"allow":["GET"]}}],"collection":[{"href":"https:\/\/reddeportiva.net\/principal\/index.php?rest_route=\/wp\/v2\/posts"}],"about":[{"href":"https:\/\/reddeportiva.net\/principal\/index.php?rest_route=\/wp\/v2\/types\/post"}],"author":[{"embeddable":true,"href":"https:\/\/reddeportiva.net\/principal\/index.php?rest_route=\/wp\/v2\/users\/1"}],"replies":[{"embeddable":true,"href":"https:\/\/reddeportiva.net\/principal\/index.php?rest_route=%2Fwp%2Fv2%2Fcomments&post=4746"}],"version-history":[{"count":1,"href":"https:\/\/reddeportiva.net\/principal\/index.php?rest_route=\/wp\/v2\/posts\/4746\/revisions"}],"predecessor-version":[{"id":4747,"href":"https:\/\/reddeportiva.net\/principal\/index.php?rest_route=\/wp\/v2\/posts\/4746\/revisions\/4747"}],"wp:attachment":[{"href":"https:\/\/reddeportiva.net\/principal\/index.php?rest_route=%2Fwp%2Fv2%2Fmedia&parent=4746"}],"wp:term":[{"taxonomy":"category","embeddable":true,"href":"https:\/\/reddeportiva.net\/principal\/index.php?rest_route=%2Fwp%2Fv2%2Fcategories&post=4746"},{"taxonomy":"post_tag","embeddable":true,"href":"https:\/\/reddeportiva.net\/principal\/index.php?rest_route=%2Fwp%2Fv2%2Ftags&post=4746"}],"curies":[{"name":"wp","href":"https:\/\/api.w.org\/{rel}","templated":true}]}}