{"id":38099,"date":"2018-01-29T14:44:02","date_gmt":"2018-01-29T19:44:02","guid":{"rendered":"http:\/\/reddeportiva.net\/principal\/?p=38099"},"modified":"2018-01-29T14:44:02","modified_gmt":"2018-01-29T19:44:02","slug":"ines-melchor-gano-la-medalla-de-plata-en-la-media-maraton-de-miami","status":"publish","type":"post","link":"https:\/\/reddeportiva.net\/principal\/?p=38099","title":{"rendered":"In\u00e9s Melchor gan\u00f3 la medalla de plata en la Media Marat\u00f3n de Miami"},"content":{"rendered":"<p><a href=\"http:\/\/rpp.pe\/multideportes\/mas-deportes\/video-ines-melchor-gano-la-medalla-de-plata-en-la-media-maraton-de-miami-noticia-1101957\">http:\/\/rpp.pe\/multideportes\/mas-deportes\/video-ines-melchor-gano-la-medalla-de-plata-en-la-media-maraton-de-miami-noticia-1101957<\/a><\/p>\n","protected":false},"excerpt":{"rendered":"<p>http:\/\/rpp.pe\/multideportes\/mas-deportes\/video-ines-melchor-gano-la-medalla-de-plata-en-la-media-maraton-de-miami-noticia-1101957<\/p>\n","protected":false},"author":1,"featured_media":0,"comment_status":"closed","ping_status":"closed","sticky":false,"template":"","format":"standard","meta":{"_exactmetrics_skip_tracking":false,"_exactmetrics_sitenote_active":false,"_exactmetrics_sitenote_note":"","_exactmetrics_sitenote_category":0,"ngg_post_thumbnail":0,"footnotes":""},"categories":[296,32,408],"tags":[],"class_list":["post-38099","post","type-post","status-publish","format-standard","hentry","category-deportistas","category-lima","category-maraton-atletismo"],"_links":{"self":[{"href":"https:\/\/reddeportiva.net\/principal\/index.php?rest_route=\/wp\/v2\/posts\/38099","targetHints":{"allow":["GET"]}}],"collection":[{"href":"https:\/\/reddeportiva.net\/principal\/index.php?rest_route=\/wp\/v2\/posts"}],"about":[{"href":"https:\/\/reddeportiva.net\/principal\/index.php?rest_route=\/wp\/v2\/types\/post"}],"author":[{"embeddable":true,"href":"https:\/\/reddeportiva.net\/principal\/index.php?rest_route=\/wp\/v2\/users\/1"}],"replies":[{"embeddable":true,"href":"https:\/\/reddeportiva.net\/principal\/index.php?rest_route=%2Fwp%2Fv2%2Fcomments&post=38099"}],"version-history":[{"count":1,"href":"https:\/\/reddeportiva.net\/principal\/index.php?rest_route=\/wp\/v2\/posts\/38099\/revisions"}],"predecessor-version":[{"id":38100,"href":"https:\/\/reddeportiva.net\/principal\/index.php?rest_route=\/wp\/v2\/posts\/38099\/revisions\/38100"}],"wp:attachment":[{"href":"https:\/\/reddeportiva.net\/principal\/index.php?rest_route=%2Fwp%2Fv2%2Fmedia&parent=38099"}],"wp:term":[{"taxonomy":"category","embeddable":true,"href":"https:\/\/reddeportiva.net\/principal\/index.php?rest_route=%2Fwp%2Fv2%2Fcategories&post=38099"},{"taxonomy":"post_tag","embeddable":true,"href":"https:\/\/reddeportiva.net\/principal\/index.php?rest_route=%2Fwp%2Fv2%2Ftags&post=38099"}],"curies":[{"name":"wp","href":"https:\/\/api.w.org\/{rel}","templated":true}]}}