{"id":33757,"date":"2017-12-30T16:57:57","date_gmt":"2017-12-30T21:57:57","guid":{"rendered":"http:\/\/reddeportiva.net\/principal\/?p=33757"},"modified":"2017-12-30T16:57:57","modified_gmt":"2017-12-30T21:57:57","slug":"twenty20-pro-cycling-confirmo-su-plantilla-con-sofia-arreola-y-marlies-mejias","status":"publish","type":"post","link":"https:\/\/reddeportiva.net\/principal\/?p=33757","title":{"rendered":"TWENTY20 Pro Cycling confirm\u00f3 su plantilla con Sof\u00eda Arreola y Marlies Mej\u00edas"},"content":{"rendered":"<p>http:\/\/www.ciclismointernacional.com\/twenty20-pro-cycling-confirmo-su-plantilla-con-sofia-arreola-y-marlies-mejias\/<\/p>\n","protected":false},"excerpt":{"rendered":"<p>http:\/\/www.ciclismointernacional.com\/twenty20-pro-cycling-confirmo-su-plantilla-con-sofia-arreola-y-marlies-mejias\/<\/p>\n","protected":false},"author":1,"featured_media":0,"comment_status":"closed","ping_status":"closed","sticky":false,"template":"","format":"standard","meta":{"_exactmetrics_skip_tracking":false,"_exactmetrics_sitenote_active":false,"_exactmetrics_sitenote_note":"","_exactmetrics_sitenote_category":0,"ngg_post_thumbnail":0,"footnotes":""},"categories":[9,121],"tags":[],"class_list":["post-33757","post","type-post","status-publish","format-standard","hentry","category-ruta-ciclismo-uci","category-worlds-uci-road-championship"],"_links":{"self":[{"href":"https:\/\/reddeportiva.net\/principal\/index.php?rest_route=\/wp\/v2\/posts\/33757","targetHints":{"allow":["GET"]}}],"collection":[{"href":"https:\/\/reddeportiva.net\/principal\/index.php?rest_route=\/wp\/v2\/posts"}],"about":[{"href":"https:\/\/reddeportiva.net\/principal\/index.php?rest_route=\/wp\/v2\/types\/post"}],"author":[{"embeddable":true,"href":"https:\/\/reddeportiva.net\/principal\/index.php?rest_route=\/wp\/v2\/users\/1"}],"replies":[{"embeddable":true,"href":"https:\/\/reddeportiva.net\/principal\/index.php?rest_route=%2Fwp%2Fv2%2Fcomments&post=33757"}],"version-history":[{"count":1,"href":"https:\/\/reddeportiva.net\/principal\/index.php?rest_route=\/wp\/v2\/posts\/33757\/revisions"}],"predecessor-version":[{"id":33758,"href":"https:\/\/reddeportiva.net\/principal\/index.php?rest_route=\/wp\/v2\/posts\/33757\/revisions\/33758"}],"wp:attachment":[{"href":"https:\/\/reddeportiva.net\/principal\/index.php?rest_route=%2Fwp%2Fv2%2Fmedia&parent=33757"}],"wp:term":[{"taxonomy":"category","embeddable":true,"href":"https:\/\/reddeportiva.net\/principal\/index.php?rest_route=%2Fwp%2Fv2%2Fcategories&post=33757"},{"taxonomy":"post_tag","embeddable":true,"href":"https:\/\/reddeportiva.net\/principal\/index.php?rest_route=%2Fwp%2Fv2%2Ftags&post=33757"}],"curies":[{"name":"wp","href":"https:\/\/api.w.org\/{rel}","templated":true}]}}