{"id":25581,"date":"2017-10-21T22:16:57","date_gmt":"2017-10-22T03:16:57","guid":{"rendered":"http:\/\/reddeportiva.net\/principal\/?p=25581"},"modified":"2017-10-21T22:16:57","modified_gmt":"2017-10-22T03:16:57","slug":"rigoberto-uran-me-retirare-en-unos-seis-anos","status":"publish","type":"post","link":"https:\/\/reddeportiva.net\/principal\/?p=25581","title":{"rendered":"Rigoberto Ur\u00e1n: \u201cMe retirar\u00e9 en unos seis a\u00f1os\u201d"},"content":{"rendered":"<blockquote class=\"wp-embedded-content\" data-secret=\"C6TPMLdtTQ\"><p><a href=\"https:\/\/ciclismointernacional.com\/rigoberto-uran-me-retirare-en-unos-seis-anos\/\">Rigoberto Ur\u00e1n: &#8220;Me retirar\u00e9 en unos seis a\u00f1os&#8221;<\/a><\/p><\/blockquote>\n<p><iframe loading=\"lazy\" class=\"wp-embedded-content\" sandbox=\"allow-scripts\" security=\"restricted\" style=\"position: absolute; clip: rect(1px, 1px, 1px, 1px);\" title=\"\u00abRigoberto Ur\u00e1n: &#8220;Me retirar\u00e9 en unos seis a\u00f1os&#8221;\u00bb \u2014 Ciclismo Internacional\" src=\"https:\/\/ciclismointernacional.com\/rigoberto-uran-me-retirare-en-unos-seis-anos\/embed\/#?secret=itx2qkr7Xe#?secret=C6TPMLdtTQ\" data-secret=\"C6TPMLdtTQ\" width=\"600\" height=\"338\" frameborder=\"0\" marginwidth=\"0\" marginheight=\"0\" scrolling=\"no\"><\/iframe><\/p>\n","protected":false},"excerpt":{"rendered":"<p>Rigoberto Ur\u00e1n: &#8220;Me retirar\u00e9 en unos seis a\u00f1os&#8221;<\/p>\n","protected":false},"author":1,"featured_media":0,"comment_status":"open","ping_status":"closed","sticky":false,"template":"","format":"standard","meta":{"_exactmetrics_skip_tracking":false,"_exactmetrics_sitenote_active":false,"_exactmetrics_sitenote_note":"","_exactmetrics_sitenote_category":0,"ngg_post_thumbnail":0,"footnotes":""},"categories":[9],"tags":[],"class_list":["post-25581","post","type-post","status-publish","format-standard","hentry","category-ruta-ciclismo-uci"],"_links":{"self":[{"href":"https:\/\/reddeportiva.net\/principal\/index.php?rest_route=\/wp\/v2\/posts\/25581","targetHints":{"allow":["GET"]}}],"collection":[{"href":"https:\/\/reddeportiva.net\/principal\/index.php?rest_route=\/wp\/v2\/posts"}],"about":[{"href":"https:\/\/reddeportiva.net\/principal\/index.php?rest_route=\/wp\/v2\/types\/post"}],"author":[{"embeddable":true,"href":"https:\/\/reddeportiva.net\/principal\/index.php?rest_route=\/wp\/v2\/users\/1"}],"replies":[{"embeddable":true,"href":"https:\/\/reddeportiva.net\/principal\/index.php?rest_route=%2Fwp%2Fv2%2Fcomments&post=25581"}],"version-history":[{"count":1,"href":"https:\/\/reddeportiva.net\/principal\/index.php?rest_route=\/wp\/v2\/posts\/25581\/revisions"}],"predecessor-version":[{"id":25582,"href":"https:\/\/reddeportiva.net\/principal\/index.php?rest_route=\/wp\/v2\/posts\/25581\/revisions\/25582"}],"wp:attachment":[{"href":"https:\/\/reddeportiva.net\/principal\/index.php?rest_route=%2Fwp%2Fv2%2Fmedia&parent=25581"}],"wp:term":[{"taxonomy":"category","embeddable":true,"href":"https:\/\/reddeportiva.net\/principal\/index.php?rest_route=%2Fwp%2Fv2%2Fcategories&post=25581"},{"taxonomy":"post_tag","embeddable":true,"href":"https:\/\/reddeportiva.net\/principal\/index.php?rest_route=%2Fwp%2Fv2%2Ftags&post=25581"}],"curies":[{"name":"wp","href":"https:\/\/api.w.org\/{rel}","templated":true}]}}