{"id":24769,"date":"2017-10-16T23:31:12","date_gmt":"2017-10-17T04:31:12","guid":{"rendered":"http:\/\/reddeportiva.net\/principal\/?p=24769"},"modified":"2017-11-27T12:18:57","modified_gmt":"2017-11-27T17:18:57","slug":"reunion-entre-ministro-de-educacion-titular-del-ipd-y-federacion-peruana-de-atletismo-encontro-solucion-y-gladys-tejeda-se-unira-a-la-comitiva-bolivariana","status":"publish","type":"post","link":"https:\/\/reddeportiva.net\/principal\/?p=24769","title":{"rendered":"REUNI\u00d3N ENTRE MINISTRO DE EDUCACI\u00d3N, TITULAR DEL IPD Y FEDERACI\u00d3N PERUANA DE ATLETISMO ENCONTR\u00d3 SOLUCI\u00d3N Y GLADYS TEJEDA SE UNIR\u00c1 A LA COMITIVA BOLIVARIANA"},"content":{"rendered":"<p><a href=\"http:\/\/www.coperu.org\/noticias\/actualidad\/reunion-entre-ministro-de-educacion-titular-del-ipd-y-federacion-peruana-de-atletismo-encontro-solucion-y-gladys-tejeda-se-unira-a-la-comitiva-bolivariana.html\">http:\/\/www.coperu.org\/noticias\/actualidad\/reunion-entre-ministro-de-educacion-titular-del-ipd-y-federacion-peruana-de-atletismo-encontro-solucion-y-gladys-tejeda-se-unira-a-la-comitiva-bolivariana.html<\/a><\/p>\n<p>Nota de Opini\u00f3n: Evidentemente, esta forma artesanal de ejecutar la Pol\u00edtica Deportiva no tiene futuro.&nbsp; Urge definir la Pol\u00edtica Deportiva del Per\u00fa, previa la aprobaci\u00f3n de un significativo incremento de los recursos econ\u00f3micos asignados al deporte, en todos los niveles de gobierno.<\/p>\n","protected":false},"excerpt":{"rendered":"<p>http:\/\/www.coperu.org\/noticias\/actualidad\/reunion-entre-ministro-de-educacion-titular-del-ipd-y-federacion-peruana-de-atletismo-encontro-solucion-y-gladys-tejeda-se-unira-a-la-comitiva-bolivariana.html Nota de Opini\u00f3n: Evidentemente, esta forma artesanal de ejecutar la Pol\u00edtica Deportiva no tiene futuro.&nbsp; Urge definir la Pol\u00edtica Deportiva del Per\u00fa, previa la aprobaci\u00f3n de un significativo incremento de los recursos econ\u00f3micos asignados al deporte, en todos los niveles de gobierno.<\/p>\n","protected":false},"author":1,"featured_media":0,"comment_status":"open","ping_status":"closed","sticky":false,"template":"","format":"standard","meta":{"_exactmetrics_skip_tracking":false,"_exactmetrics_sitenote_active":false,"_exactmetrics_sitenote_note":"","_exactmetrics_sitenote_category":0,"ngg_post_thumbnail":0,"footnotes":""},"categories":[27,69,31],"tags":[],"class_list":["post-24769","post","type-post","status-publish","format-standard","hentry","category-comite-olimpico-peruano","category-iaaf-atletismo","category-peru"],"_links":{"self":[{"href":"https:\/\/reddeportiva.net\/principal\/index.php?rest_route=\/wp\/v2\/posts\/24769","targetHints":{"allow":["GET"]}}],"collection":[{"href":"https:\/\/reddeportiva.net\/principal\/index.php?rest_route=\/wp\/v2\/posts"}],"about":[{"href":"https:\/\/reddeportiva.net\/principal\/index.php?rest_route=\/wp\/v2\/types\/post"}],"author":[{"embeddable":true,"href":"https:\/\/reddeportiva.net\/principal\/index.php?rest_route=\/wp\/v2\/users\/1"}],"replies":[{"embeddable":true,"href":"https:\/\/reddeportiva.net\/principal\/index.php?rest_route=%2Fwp%2Fv2%2Fcomments&post=24769"}],"version-history":[{"count":1,"href":"https:\/\/reddeportiva.net\/principal\/index.php?rest_route=\/wp\/v2\/posts\/24769\/revisions"}],"predecessor-version":[{"id":24770,"href":"https:\/\/reddeportiva.net\/principal\/index.php?rest_route=\/wp\/v2\/posts\/24769\/revisions\/24770"}],"wp:attachment":[{"href":"https:\/\/reddeportiva.net\/principal\/index.php?rest_route=%2Fwp%2Fv2%2Fmedia&parent=24769"}],"wp:term":[{"taxonomy":"category","embeddable":true,"href":"https:\/\/reddeportiva.net\/principal\/index.php?rest_route=%2Fwp%2Fv2%2Fcategories&post=24769"},{"taxonomy":"post_tag","embeddable":true,"href":"https:\/\/reddeportiva.net\/principal\/index.php?rest_route=%2Fwp%2Fv2%2Ftags&post=24769"}],"curies":[{"name":"wp","href":"https:\/\/api.w.org\/{rel}","templated":true}]}}