{"id":244026,"date":"2026-04-26T04:25:34","date_gmt":"2026-04-26T09:25:34","guid":{"rendered":"https:\/\/reddeportiva.net\/principal\/?p=244026"},"modified":"2026-04-26T04:25:36","modified_gmt":"2026-04-26T09:25:36","slug":"arriola-desmantela-el-megaoperativo-secreto-revela-la-trampa-detras-de-las-elecciones-01604","status":"publish","type":"post","link":"https:\/\/reddeportiva.net\/principal\/?p=244026","title":{"rendered":"ARRIOLA DESMANTELA el MEGAOPERATIVO SECRETO : REVELA la TRAMPA DETR\u00c1S de las ELECCIONES (0:16:04)"},"content":{"rendered":"\n<figure class=\"wp-block-embed is-type-video is-provider-youtube wp-block-embed-youtube wp-embed-aspect-16-9 wp-has-aspect-ratio\"><div class=\"wp-block-embed__wrapper\">\n<iframe loading=\"lazy\" title=\"ARRIOLA DESMANTELA el MEGAOPERATIVO SECRETO : REVELA la TRAMPA DETR\u00c1S de las ELECCIONES\" width=\"625\" height=\"352\" src=\"https:\/\/www.youtube.com\/embed\/BO2IHQKjyQU?feature=oembed\" frameborder=\"0\" allow=\"accelerometer; autoplay; clipboard-write; encrypted-media; gyroscope; picture-in-picture; web-share\" referrerpolicy=\"strict-origin-when-cross-origin\" allowfullscreen><\/iframe>\n<\/div><\/figure>\n\n\n\n<h2 class=\"wp-block-heading\"><strong>LA DENUNCIA de la serie 900mil. (0:13:16)<\/strong> <\/h2>\n\n\n\n<figure class=\"wp-block-embed is-type-video is-provider-youtube wp-block-embed-youtube wp-embed-aspect-16-9 wp-has-aspect-ratio\"><div class=\"wp-block-embed__wrapper\">\n<iframe loading=\"lazy\" title=\"LA DENUNCIA de la serie 900mil.\" width=\"625\" height=\"352\" src=\"https:\/\/www.youtube.com\/embed\/fwm2rzJ5ck4?feature=oembed\" frameborder=\"0\" allow=\"accelerometer; autoplay; clipboard-write; encrypted-media; gyroscope; picture-in-picture; web-share\" referrerpolicy=\"strict-origin-when-cross-origin\" allowfullscreen><\/iframe>\n<\/div><\/figure>\n\n\n\n<h2 class=\"wp-block-heading\"><strong>Congreso: presentan proyecto de ley para declarar en \u201cemergencia funcional\u201d a la ONPE (0:05:01)<\/strong> <\/h2>\n\n\n\n<figure class=\"wp-block-embed is-type-video is-provider-youtube wp-block-embed-youtube wp-embed-aspect-16-9 wp-has-aspect-ratio\"><div class=\"wp-block-embed__wrapper\">\n<iframe loading=\"lazy\" title=\"Congreso: presentan proyecto de ley para declarar en \u201cemergencia funcional\u201d a la ONPE\" width=\"625\" height=\"352\" src=\"https:\/\/www.youtube.com\/embed\/qFE5tyeDpLw?feature=oembed\" frameborder=\"0\" allow=\"accelerometer; autoplay; clipboard-write; encrypted-media; gyroscope; picture-in-picture; web-share\" referrerpolicy=\"strict-origin-when-cross-origin\" allowfullscreen><\/iframe>\n<\/div><\/figure>\n\n\n\n<h2 class=\"wp-block-heading\"><strong>ABOGADO PENALISTA y la teor\u00eda sobre la ONPE: \u201cNo fue un error aislado, fue sistem\u00e1tico.\u201d<\/strong> (0:11:12) <\/h2>\n\n\n\n<figure class=\"wp-block-embed is-type-video is-provider-youtube wp-block-embed-youtube wp-embed-aspect-16-9 wp-has-aspect-ratio\"><div class=\"wp-block-embed__wrapper\">\n<iframe loading=\"lazy\" title=\"ABOGADO PENALISTA y la teor\u00eda sobre la ONPE: \u201cNo fue un error aislado, fue sistem\u00e1tico.\u201d\" width=\"625\" height=\"352\" src=\"https:\/\/www.youtube.com\/embed\/yc0ryMCiE80?feature=oembed\" frameborder=\"0\" allow=\"accelerometer; autoplay; clipboard-write; encrypted-media; gyroscope; picture-in-picture; web-share\" referrerpolicy=\"strict-origin-when-cross-origin\" allowfullscreen><\/iframe>\n<\/div><\/figure>\n\n\n\n<p>En Reddeportiva.net opinamos que la Ley electoral s\u00f3lo se puso en el caso que sea el elector el que ejecutara las acciones delictivas para torcer la voluntad popular y no previ\u00f3 (ni ten\u00eda porqu\u00e9 hacerlo, para eso est\u00e1 el C\u00f3digo Penal) el que dichos actos fueran cometidos desde dentro de la ONPE gest\u00e1ndose as\u00ed un golpe a la Constituci\u00f3n; por lo tanto, s\u00f3lo queda y procede el criterio de conciencia. <\/p>\n\n\n\n<h2 class=\"wp-block-heading\"><strong>PBO EN VIVO (Coordinadora Democr\u00e1tica \u2013 25\/04\/2026) (0:54:44)<\/strong> <\/h2>\n\n\n\n<figure class=\"wp-block-embed is-type-video is-provider-youtube wp-block-embed-youtube wp-embed-aspect-16-9 wp-has-aspect-ratio\"><div class=\"wp-block-embed__wrapper\">\n<iframe loading=\"lazy\" title=\"PBO EN VIVO\" width=\"625\" height=\"352\" src=\"https:\/\/www.youtube.com\/embed\/PwuWvGNwEYI?feature=oembed\" frameborder=\"0\" allow=\"accelerometer; autoplay; clipboard-write; encrypted-media; gyroscope; picture-in-picture; web-share\" referrerpolicy=\"strict-origin-when-cross-origin\" allowfullscreen><\/iframe>\n<\/div><\/figure>\n\n\n\n<p>En Reddeportiva.net opinamos que dada la envergadura de la alteraci\u00f3n de la voluntad popular y el tiempo que tuvo la ONPE para ejecutar un plan con antecedentes en dictaduras sudamericanas, inhabilitan el argumentar sobre la dase de los datos oficiales de la elecci\u00f3n de abril 2026.\u00a0 En cuanto a la situaci\u00f3n internacional, recomendamos ver el v\u00eddeo que adjuntamos al final de la presente nota. <\/p>\n\n\n\n<h2 class=\"wp-block-heading\"><strong>\u201cTodo estaba armado\u201d: la teor\u00eda que incendia | Conversamos con C\u00e9sar Zumaeta y Luciano Revoredo (0:25:52)<\/strong> <\/h2>\n\n\n\n<figure class=\"wp-block-embed is-type-video is-provider-youtube wp-block-embed-youtube wp-embed-aspect-16-9 wp-has-aspect-ratio\"><div class=\"wp-block-embed__wrapper\">\n<iframe loading=\"lazy\" title=\"\u201cTodo estaba armado\u201d: la teor\u00eda que incendia | Conversamos con C\u00e9sar Zumaeta y Luciano Revoredo\" width=\"625\" height=\"352\" src=\"https:\/\/www.youtube.com\/embed\/sF5JHssAVcM?feature=oembed\" frameborder=\"0\" allow=\"accelerometer; autoplay; clipboard-write; encrypted-media; gyroscope; picture-in-picture; web-share\" referrerpolicy=\"strict-origin-when-cross-origin\" allowfullscreen><\/iframe>\n<\/div><\/figure>\n\n\n\n<p>En la mesa N\u00ba 043708, donde el suscrito vot\u00f3, ante la circunstancia de ser instalada con las personas presentes en la cola, el funcionario de la ONPE sali\u00f3 al encuentro de una persona que se estaba aproximando y luego de una conversaci\u00f3n de 10 segundos lo puso como Presidente de Mesa, por ser miembro titular, junto con otras personas en su calidad de suplentes.\u00a0 Nos extra\u00f1a que se haya cambiado la pr\u00e1ctica de elegir miembros de mesa titulares entre las personas con mayor nivel educativo. <\/p>\n\n\n\n<h2 class=\"wp-block-heading\"><strong>\u00abLa amenaza nuclear ha regresado al mundo y de forma m\u00e1s peligrosa y descontrolada\u00bb. Aranguren (0:31:25)<\/strong> <\/h2>\n\n\n\n<figure class=\"wp-block-embed is-type-video is-provider-youtube wp-block-embed-youtube wp-embed-aspect-16-9 wp-has-aspect-ratio\"><div class=\"wp-block-embed__wrapper\">\n<iframe loading=\"lazy\" title=\"&quot;La amenaza nuclear ha regresado al mundo y de forma m\u00e1s peligrosa y descontrolada&quot;. Aranguren\" width=\"625\" height=\"352\" src=\"https:\/\/www.youtube.com\/embed\/bBvZtjhi-_M?feature=oembed\" frameborder=\"0\" allow=\"accelerometer; autoplay; clipboard-write; encrypted-media; gyroscope; picture-in-picture; web-share\" referrerpolicy=\"strict-origin-when-cross-origin\" allowfullscreen><\/iframe>\n<\/div><\/figure>\n","protected":false},"excerpt":{"rendered":"<p>LA DENUNCIA de la serie 900mil. (0:13:16) Congreso: presentan proyecto de ley para declarar en \u201cemergencia funcional\u201d a la ONPE (0:05:01) ABOGADO PENALISTA y la teor\u00eda sobre la ONPE: \u201cNo fue un error aislado, fue sistem\u00e1tico.\u201d (0:11:12) En Reddeportiva.net opinamos que la Ley electoral s\u00f3lo se puso en el caso que sea el elector el [&hellip;]<\/p>\n","protected":false},"author":1,"featured_media":0,"comment_status":"closed","ping_status":"closed","sticky":false,"template":"","format":"standard","meta":{"_exactmetrics_skip_tracking":false,"_exactmetrics_sitenote_active":false,"_exactmetrics_sitenote_note":"","_exactmetrics_sitenote_category":0,"ngg_post_thumbnail":0,"footnotes":""},"categories":[1451,1365,1369,1282,1448,1303,1388,1376,1226,1307,1452,1202,1241,1501,1425,1222,1516,1223,1539,1291,1354,1404,1361,1349,779,673,659,36,1356,1505,1506,1495,1465],"tags":[],"class_list":["post-244026","post","type-post","status-publish","format-standard","hentry","category-brics","category-china-organizacion-multilateralismo-proyecciones","category-ciudadano","category-control-proyecciones","category-corrupcion","category-crimen-organizado","category-debido-proceso","category-democracia","category-elecciones","category-estado-de-derecho","category-g7","category-geopolitica-proyecciones","category-gobernanza","category-imperial","category-integracion-cultural","category-mundo-cultural","category-mundo-en-guerra","category-mundo-politico","category-ocs","category-organizacion-internacional-proyecciones","category-otan","category-poderes-mundiales","category-politico","category-primacia-de-la-realidad","category-proyecciones","category-proyecciones-paz","category-proyecciones-seguridad","category-reddeportiva-net","category-rusia-proyecciones-multilateralismo","category-sabotage","category-seguridad-nacional","category-sentido-comun","category-ue"],"_links":{"self":[{"href":"https:\/\/reddeportiva.net\/principal\/index.php?rest_route=\/wp\/v2\/posts\/244026","targetHints":{"allow":["GET"]}}],"collection":[{"href":"https:\/\/reddeportiva.net\/principal\/index.php?rest_route=\/wp\/v2\/posts"}],"about":[{"href":"https:\/\/reddeportiva.net\/principal\/index.php?rest_route=\/wp\/v2\/types\/post"}],"author":[{"embeddable":true,"href":"https:\/\/reddeportiva.net\/principal\/index.php?rest_route=\/wp\/v2\/users\/1"}],"replies":[{"embeddable":true,"href":"https:\/\/reddeportiva.net\/principal\/index.php?rest_route=%2Fwp%2Fv2%2Fcomments&post=244026"}],"version-history":[{"count":2,"href":"https:\/\/reddeportiva.net\/principal\/index.php?rest_route=\/wp\/v2\/posts\/244026\/revisions"}],"predecessor-version":[{"id":244028,"href":"https:\/\/reddeportiva.net\/principal\/index.php?rest_route=\/wp\/v2\/posts\/244026\/revisions\/244028"}],"wp:attachment":[{"href":"https:\/\/reddeportiva.net\/principal\/index.php?rest_route=%2Fwp%2Fv2%2Fmedia&parent=244026"}],"wp:term":[{"taxonomy":"category","embeddable":true,"href":"https:\/\/reddeportiva.net\/principal\/index.php?rest_route=%2Fwp%2Fv2%2Fcategories&post=244026"},{"taxonomy":"post_tag","embeddable":true,"href":"https:\/\/reddeportiva.net\/principal\/index.php?rest_route=%2Fwp%2Fv2%2Ftags&post=244026"}],"curies":[{"name":"wp","href":"https:\/\/api.w.org\/{rel}","templated":true}]}}