{"id":244001,"date":"2026-04-05T15:56:40","date_gmt":"2026-04-05T20:56:40","guid":{"rendered":"https:\/\/reddeportiva.net\/principal\/?p=244001"},"modified":"2026-04-05T15:56:45","modified_gmt":"2026-04-05T20:56:45","slug":"como-se-crea-el-odio-el-experimento-de-m-sherif-ingenieria-del-odio-03355","status":"publish","type":"post","link":"https:\/\/reddeportiva.net\/principal\/?p=244001","title":{"rendered":"C\u00f3mo se CREA el ODIO: el EXPERIMENTO de M. Sherif | Ingenier\u00eda del Odio. (0:33:55)"},"content":{"rendered":"\n<figure class=\"wp-block-embed is-type-video is-provider-youtube wp-block-embed-youtube wp-embed-aspect-16-9 wp-has-aspect-ratio\"><div class=\"wp-block-embed__wrapper\">\n<iframe loading=\"lazy\" title=\"C\u00f3mo se CREA el ODIO: el EXPERIMENTO de M. Sherif | Ingenier\u00eda del Odio.\" width=\"625\" height=\"352\" src=\"https:\/\/www.youtube.com\/embed\/KZRvVDcyRLA?feature=oembed\" frameborder=\"0\" allow=\"accelerometer; autoplay; clipboard-write; encrypted-media; gyroscope; picture-in-picture; web-share\" referrerpolicy=\"strict-origin-when-cross-origin\" allowfullscreen><\/iframe>\n<\/div><\/figure>\n\n\n\n<p>C\u00f3mo se Fabrica un ENEMIGO: La Verdad detr\u00e1s del EXPERIMENTO (0:20:36)<\/p>\n\n\n\n<p>\u201c<a href=\"https:\/\/www.youtube.com\/watch?v=fpR771pMfdU\">https:\/\/www.youtube.com\/watch?v=fpR771pMfdU<\/a>\u201d<\/p>\n\n\n\n<p>En Reddeportiva.net queremos proponer a la ciudadan\u00eda el escudri\u00f1ar el entorno social que rodea el proceso electoral de abril 2026 y dilucidar si estamos viviendo en un entorno de odio, creado intencionalmente con fines pol\u00edticos, destinado a orientar a la sociedad peruana hacia una mayor polarizaci\u00f3n con el objetivo de continuar un proceso de destrucci\u00f3n moral e ideol\u00f3gica que por 25 a\u00f1os se ha estado ejecutando con total impunidad, luego de la ca\u00edda del gobierno de Alberto Fujimori, en que nuestro pa\u00eds cayera en manos de un grupo de delincuentes gener\u00e1ndose el mayor proceso de corrupci\u00f3n de nuestra historia, con la decisiva intervenci\u00f3n de potencias extranjeras y poderes mundiales, el cual estamos logrando superar lentamente y con gran esfuerzo.<\/p>\n\n\n\n<p>El Per\u00fa es un pa\u00eds importante para la humanidad entera porque en su territorio surgi\u00f3 una de las cinco (5) civilizaciones originarias; al decir: Mesopotamia, India, China, Mesoam\u00e9rica y Andina, o de las seis (6) si consideramos a la de Egipto como una cultura independiente.&nbsp;<\/p>\n\n\n\n<p>En el Per\u00fa se ha producido un fen\u00f3meno muy importante de mestizaje que lo ha convertido en una fortaleza, de valores cristianos y cat\u00f3licos, la cual quieren destruir algunos movimientos internacionales y mundiales, en su pretensi\u00f3n por imponer sus particulares modos de pensar y actuar; entre estos, destaca el movimiento comunista que se viera en la obligaci\u00f3n de reciclarse, luego de la ca\u00edda del Muro de Berl\u00edn (ver: \u00ab<a href=\"https:\/\/www.youtube.com\/@LaVozdeScruton\">https:\/\/www.youtube.com\/@LaVozdeScruton<\/a>\u00ab), uni\u00e9ndose con el movimiento denominado wokismo, con el fin de avasallar aquellos reg\u00edmenes democr\u00e1ticos que creen en las soberan\u00edas nacionales a partir de la Paz de Westfalia.<\/p>\n\n\n\n<p>Ahora que Donald Trump ha llegado al gobierno de los EE.UU. de Am\u00e9rica, se est\u00e1 generando un nuevo orden mundial que obliga a dichos movimientos antisociales a reciclarse nuevamente en defensa de sus propios intereses.&nbsp; Al respecto, no vemos otra explicaci\u00f3n para que nuestra sociedad se vea tan afectada por algoritmos en las redes sociales, noticias falsas, barras bravas, sicariato en contra de emprendedores, entre otros inexplicables fen\u00f3menos sociales, por su poder y magnitud, para sembrar el odio y comprometer la paz social en nuestro pa\u00eds.<\/p>\n\n\n\n<p>Con el fin de esclarecer el tema, al inicio de la presente nota estamos incluyendo dos enlaces de un experimento que describe las bases del posible proceso manipulatorio que viene afectando a nuestra sociedad.&nbsp; De lo visto en los mencionados enlaces, debemos concluir en lo importante que es el identificar la fuente de tanta desavenencia, con el fin de neutralizar sus perversos planes.&nbsp; En el Per\u00fa, debe estar claro que, durante los \u00faltimos 25 a\u00f1os, salvo el periodo del gobierno de Alan Garc\u00eda, la sociedad peruana ha tenido que enfrentar poderosos ataques, tanto desde el gobierno como de los medios de comunicaci\u00f3n \u201ctradicionales\u201d, orientados a debilitar nuestra escala de valores en sus m\u00e1s importantes fundamentos, incluyendo nuestra salud mental.<\/p>\n\n\n\n<p>Al respecto, nos permitimos sugerir un estudio sobre este \u00faltimo asunto porque estamos detectando un muy alto grado de ansiedad en nuestra poblaci\u00f3n, acompa\u00f1ada por un fuerte incremento en la frecuencia y gravedad de las pesadillas durante el sue\u00f1o.<\/p>\n\n\n\n<p>Estamos conscientes que pueden existir casos de desinformaci\u00f3n que obedecen a razones de buena fe, para lo cual estamos incluyendo como ejemplo un enlace adicional al final de la presente nota; pero de lo que tambi\u00e9n estamos seguros es que se est\u00e1 ejecutando una campa\u00f1a encubierta impulsada por intereses que utilizan los m\u00e9todos aqu\u00ed denunciados, los cuales se apartan de la b\u00fasqueda del bien com\u00fan y del desarrollo nacional.<\/p>\n\n\n\n<p>AR\u00cdSTEGUI: \u00abUn ataque m\u00e1s a las instalaciones petroleras y se ver\u00e1 afectado el suministro global\u00bb (0:28:40)<\/p>\n\n\n\n<p>\u201c<a href=\"https:\/\/www.youtube.com\/watch?v=LxcQLumfL1Y\">https:\/\/www.youtube.com\/watch?v=LxcQLumfL1Y<\/a>\u201d<\/p>\n","protected":false},"excerpt":{"rendered":"<p>C\u00f3mo se Fabrica un ENEMIGO: La Verdad detr\u00e1s del EXPERIMENTO (0:20:36) \u201chttps:\/\/www.youtube.com\/watch?v=fpR771pMfdU\u201d En Reddeportiva.net queremos proponer a la ciudadan\u00eda el escudri\u00f1ar el entorno social que rodea el proceso electoral de abril 2026 y dilucidar si estamos viviendo en un entorno de odio, creado intencionalmente con fines pol\u00edticos, destinado a orientar a la sociedad peruana hacia [&hellip;]<\/p>\n","protected":false},"author":1,"featured_media":0,"comment_status":"closed","ping_status":"closed","sticky":false,"template":"","format":"standard","meta":{"_exactmetrics_skip_tracking":false,"_exactmetrics_sitenote_active":false,"_exactmetrics_sitenote_note":"","_exactmetrics_sitenote_category":0,"ngg_post_thumbnail":0,"footnotes":""},"categories":[1315,1397,1365,1369,1448,1322,1226,1307,1202,1241,1425,1222,1516,1223,1323,1291,1354,1404,1361,1349,779,36,1460,1356,94,1480,1461,1509],"tags":[],"class_list":["post-244001","post","type-post","status-publish","format-standard","hentry","category-abusos-empresariales","category-autoritarismo","category-china-organizacion-multilateralismo-proyecciones","category-ciudadano","category-corrupcion","category-desinformacion-mediatica","category-elecciones","category-estado-de-derecho","category-geopolitica-proyecciones","category-gobernanza","category-integracion-cultural","category-mundo-cultural","category-mundo-en-guerra","category-mundo-politico","category-odio-mediatico","category-organizacion-internacional-proyecciones","category-otan","category-poderes-mundiales","category-politico","category-primacia-de-la-realidad","category-proyecciones","category-reddeportiva-net","category-redes","category-rusia-proyecciones-multilateralismo","category-salud-mental","category-sentido-a-la-vida","category-sistemico","category-social"],"_links":{"self":[{"href":"https:\/\/reddeportiva.net\/principal\/index.php?rest_route=\/wp\/v2\/posts\/244001","targetHints":{"allow":["GET"]}}],"collection":[{"href":"https:\/\/reddeportiva.net\/principal\/index.php?rest_route=\/wp\/v2\/posts"}],"about":[{"href":"https:\/\/reddeportiva.net\/principal\/index.php?rest_route=\/wp\/v2\/types\/post"}],"author":[{"embeddable":true,"href":"https:\/\/reddeportiva.net\/principal\/index.php?rest_route=\/wp\/v2\/users\/1"}],"replies":[{"embeddable":true,"href":"https:\/\/reddeportiva.net\/principal\/index.php?rest_route=%2Fwp%2Fv2%2Fcomments&post=244001"}],"version-history":[{"count":2,"href":"https:\/\/reddeportiva.net\/principal\/index.php?rest_route=\/wp\/v2\/posts\/244001\/revisions"}],"predecessor-version":[{"id":244003,"href":"https:\/\/reddeportiva.net\/principal\/index.php?rest_route=\/wp\/v2\/posts\/244001\/revisions\/244003"}],"wp:attachment":[{"href":"https:\/\/reddeportiva.net\/principal\/index.php?rest_route=%2Fwp%2Fv2%2Fmedia&parent=244001"}],"wp:term":[{"taxonomy":"category","embeddable":true,"href":"https:\/\/reddeportiva.net\/principal\/index.php?rest_route=%2Fwp%2Fv2%2Fcategories&post=244001"},{"taxonomy":"post_tag","embeddable":true,"href":"https:\/\/reddeportiva.net\/principal\/index.php?rest_route=%2Fwp%2Fv2%2Ftags&post=244001"}],"curies":[{"name":"wp","href":"https:\/\/api.w.org\/{rel}","templated":true}]}}