{"id":243954,"date":"2026-03-21T09:32:26","date_gmt":"2026-03-21T14:32:26","guid":{"rendered":"https:\/\/reddeportiva.net\/principal\/?p=243954"},"modified":"2026-03-21T09:32:28","modified_gmt":"2026-03-21T14:32:28","slug":"la-otan-puede-saltar-por-los-aires-el-peligroso-argumento-de-alemania-con-la-guerra-de-iran","status":"publish","type":"post","link":"https:\/\/reddeportiva.net\/principal\/?p=243954","title":{"rendered":"LA OTAN PUEDE SALTAR POR LOS AIRES: El peligroso argumento de Alemania con la guerra de Ir\u00e1n"},"content":{"rendered":"\n<figure class=\"wp-block-embed is-type-video is-provider-youtube wp-block-embed-youtube wp-embed-aspect-16-9 wp-has-aspect-ratio\"><div class=\"wp-block-embed__wrapper\">\n<iframe loading=\"lazy\" title=\"LA OTAN PUEDE SALTAR POR LOS AIRES: El peligroso argumento de Alemania con la guerra de Ir\u00e1n\" width=\"625\" height=\"352\" src=\"https:\/\/www.youtube.com\/embed\/43xx7S31M-o?feature=oembed\" frameborder=\"0\" allow=\"accelerometer; autoplay; clipboard-write; encrypted-media; gyroscope; picture-in-picture; web-share\" referrerpolicy=\"strict-origin-when-cross-origin\" allowfullscreen><\/iframe>\n<\/div><\/figure>\n\n\n\n<p>Mar\u00eda Fernanda Cabal habla en NTN24 sobre la investigaci\u00f3n que estar\u00eda en curso en EEUU contra Petro <ins>(0:10:30)<\/ins><\/p>\n\n\n\n<p>\u201c<a href=\"https:\/\/www.youtube.com\/watch?v=wbj8zNSbJXE\">https:\/\/www.youtube.com\/watch?v=wbj8zNSbJXE<\/a>\u201d<\/p>\n\n\n\n<p>\u00bfPor qu\u00e9 no fue detenida M\u00f3nica Zambada? El an\u00e1lisis de Anabel Hern\u00e1ndez sobre la versi\u00f3n de Harfuch (0:29:50)<\/p>\n\n\n\n<p>\u201c<a href=\"https:\/\/www.youtube.com\/watch?v=44JvnYjMRzM\">https:\/\/www.youtube.com\/watch?v=44JvnYjMRzM<\/a>\u201d<\/p>\n\n\n\n<p>Iban por \u2018El 19\u2019, pero cay\u00f3 \u2018El Patas\u2019 en operativo que sacudi\u00f3 Sinaloa | Jos\u00e9 Luis Montenegro (0:20:10)<\/p>\n\n\n\n<p>\u201c<a href=\"https:\/\/www.youtube.com\/watch?v=YoARb5eRPN0\">https:\/\/www.youtube.com\/watch?v=YoARb5eRPN0<\/a>\u201d<\/p>\n\n\n\n<p>\u00bfQu\u00e9 se ha roto en el sistema financiero global? Hay algo que no cuadra (0:19:26)<\/p>\n\n\n\n<p>\u201c<a href=\"https:\/\/www.youtube.com\/watch?v=MVXjYyRgctc\">https:\/\/www.youtube.com\/watch?v=MVXjYyRgctc<\/a>\u201d<\/p>\n\n\n\n<p>Nuevo duro golpe para Ir\u00e1n: confirman que fue abatido el tercer jefe del r\u00e9gimen (0:12:46)<\/p>\n\n\n\n<p>\u201c<a href=\"https:\/\/www.youtube.com\/watch?v=9JMcr6-rnPY\">https:\/\/www.youtube.com\/watch?v=9JMcr6-rnPY<\/a>\u201d<\/p>\n\n\n\n<p>FUERA DE CONTROL: El ATAQUE que puede PARALIZAR medio PLANETA @VisualPolitik (0:22:58)<\/p>\n\n\n\n<p>\u201c<a href=\"https:\/\/www.youtube.com\/watch?v=2CVPY4dNbMU\">https:\/\/www.youtube.com\/watch?v=2CVPY4dNbMU<\/a>\u201d<\/p>\n\n\n\n<p>NOTICIERO: Ir\u00e1n amenaza con ataques por todo el mundo, Trump destroza a la OTAN y Rusia chantajea (0:29:51)<\/p>\n\n\n\n<p>\u201c<a href=\"https:\/\/www.youtube.com\/watch?v=ZlCCDC6qdHc\">https:\/\/www.youtube.com\/watch?v=ZlCCDC6qdHc<\/a>\u201d<\/p>\n\n\n\n<p>\u00daLTIMA HORA | Tiemblan las bolsas: Trump decepciona y desata el p\u00e1nico en Wall Street (0:08:11)<\/p>\n\n\n\n<p>\u201c<a href=\"https:\/\/www.youtube.com\/watch?v=VpFh1d3pdAA\">https:\/\/www.youtube.com\/watch?v=VpFh1d3pdAA<\/a>\u201d<\/p>\n\n\n\n<p>INFORMATIVO: Ir\u00e1n lanza una amenaza global, Trump sopesa apoderarse de la isla de Jark y China avisa (0:27:00)<\/p>\n\n\n\n<p>\u201c<a href=\"https:\/\/www.youtube.com\/watch?v=iaSeXFDgPXM\">https:\/\/www.youtube.com\/watch?v=iaSeXFDgPXM<\/a>\u201d<\/p>\n\n\n\n<p>LORENZO RAM\u00cdREZ: Crisis comercial hist\u00f3rica, Trump bajo \u00f3rdenes de Netanyahu e Ir\u00e1n se impone (0:22:47)<\/p>\n\n\n\n<p>\u201c<a href=\"https:\/\/www.youtube.com\/watch?v=4-QCJDOv3-M\">https:\/\/www.youtube.com\/watch?v=4-QCJDOv3-M<\/a>\u201d<\/p>\n","protected":false},"excerpt":{"rendered":"<p>Mar\u00eda Fernanda Cabal habla en NTN24 sobre la investigaci\u00f3n que estar\u00eda en curso en EEUU contra Petro (0:10:30) \u201chttps:\/\/www.youtube.com\/watch?v=wbj8zNSbJXE\u201d \u00bfPor qu\u00e9 no fue detenida M\u00f3nica Zambada? El an\u00e1lisis de Anabel Hern\u00e1ndez sobre la versi\u00f3n de Harfuch (0:29:50) \u201chttps:\/\/www.youtube.com\/watch?v=44JvnYjMRzM\u201d Iban por \u2018El 19\u2019, pero cay\u00f3 \u2018El Patas\u2019 en operativo que sacudi\u00f3 Sinaloa | Jos\u00e9 Luis Montenegro [&hellip;]<\/p>\n","protected":false},"author":1,"featured_media":0,"comment_status":"closed","ping_status":"closed","sticky":false,"template":"","format":"standard","meta":{"_exactmetrics_skip_tracking":false,"_exactmetrics_sitenote_active":false,"_exactmetrics_sitenote_note":"","_exactmetrics_sitenote_category":0,"ngg_post_thumbnail":0,"footnotes":""},"categories":[1278,1451,1365,1448,1528,1303,1322,1452,1411,1202,1324,1490,1425,1222,1516,1223,1539,1291,1354,1404,1349,779,673,659,1285,1356,1465],"tags":[],"class_list":["post-243954","post","type-post","status-publish","format-standard","hentry","category-accion-politica-proyecciones","category-brics","category-china-organizacion-multilateralismo-proyecciones","category-corrupcion","category-crimen-lesa-humanidad","category-crimen-organizado","category-desinformacion-mediatica","category-g7","category-garantias","category-geopolitica-proyecciones","category-guerra-mediatica","category-guerra-politica","category-integracion-cultural","category-mundo-cultural","category-mundo-en-guerra","category-mundo-politico","category-ocs","category-organizacion-internacional-proyecciones","category-otan","category-poderes-mundiales","category-primacia-de-la-realidad","category-proyecciones","category-proyecciones-paz","category-proyecciones-seguridad","category-reciprocidad-proyecciones","category-rusia-proyecciones-multilateralismo","category-ue"],"_links":{"self":[{"href":"https:\/\/reddeportiva.net\/principal\/index.php?rest_route=\/wp\/v2\/posts\/243954","targetHints":{"allow":["GET"]}}],"collection":[{"href":"https:\/\/reddeportiva.net\/principal\/index.php?rest_route=\/wp\/v2\/posts"}],"about":[{"href":"https:\/\/reddeportiva.net\/principal\/index.php?rest_route=\/wp\/v2\/types\/post"}],"author":[{"embeddable":true,"href":"https:\/\/reddeportiva.net\/principal\/index.php?rest_route=\/wp\/v2\/users\/1"}],"replies":[{"embeddable":true,"href":"https:\/\/reddeportiva.net\/principal\/index.php?rest_route=%2Fwp%2Fv2%2Fcomments&post=243954"}],"version-history":[{"count":2,"href":"https:\/\/reddeportiva.net\/principal\/index.php?rest_route=\/wp\/v2\/posts\/243954\/revisions"}],"predecessor-version":[{"id":243956,"href":"https:\/\/reddeportiva.net\/principal\/index.php?rest_route=\/wp\/v2\/posts\/243954\/revisions\/243956"}],"wp:attachment":[{"href":"https:\/\/reddeportiva.net\/principal\/index.php?rest_route=%2Fwp%2Fv2%2Fmedia&parent=243954"}],"wp:term":[{"taxonomy":"category","embeddable":true,"href":"https:\/\/reddeportiva.net\/principal\/index.php?rest_route=%2Fwp%2Fv2%2Fcategories&post=243954"},{"taxonomy":"post_tag","embeddable":true,"href":"https:\/\/reddeportiva.net\/principal\/index.php?rest_route=%2Fwp%2Fv2%2Ftags&post=243954"}],"curies":[{"name":"wp","href":"https:\/\/api.w.org\/{rel}","templated":true}]}}