{"id":243934,"date":"2026-03-16T05:52:37","date_gmt":"2026-03-16T10:52:37","guid":{"rendered":"https:\/\/reddeportiva.net\/principal\/?p=243934"},"modified":"2026-03-16T05:52:39","modified_gmt":"2026-03-16T10:52:39","slug":"claves-del-dia-trump-rompe-la-otan-caos-total-en-ormuz-y-el-crash-global-que-ya-llega","status":"publish","type":"post","link":"https:\/\/reddeportiva.net\/principal\/?p=243934","title":{"rendered":"Claves del d\u00eda: Trump rompe la OTAN, caos total en Ormuz y el crash global que ya llega"},"content":{"rendered":"\n<figure class=\"wp-block-embed is-type-video is-provider-youtube wp-block-embed-youtube wp-embed-aspect-16-9 wp-has-aspect-ratio\"><div class=\"wp-block-embed__wrapper\">\n<iframe loading=\"lazy\" title=\"Claves del d\u00eda: Trump rompe la OTAN, caos total en Ormuz y el crash global que ya llega\" width=\"625\" height=\"352\" src=\"https:\/\/www.youtube.com\/embed\/sUDvrPmnSjA?feature=oembed\" frameborder=\"0\" allow=\"accelerometer; autoplay; clipboard-write; encrypted-media; gyroscope; picture-in-picture; web-share\" referrerpolicy=\"strict-origin-when-cross-origin\" allowfullscreen><\/iframe>\n<\/div><\/figure>\n\n\n\n<p>NOTICIAS: \u00bfEntra la OTAN en el estrecho de Ormuz? Dub\u00e1i en alerta y Trump presiona (0:18:50)<\/p>\n\n\n\n<p>\u201c<a href=\"https:\/\/www.youtube.com\/watch?v=_G527qkduTQ\">https:\/\/www.youtube.com\/watch?v=_G527qkduTQ<\/a>\u201d<\/p>\n\n\n\n<p>La guerra de ideolog\u00edas y la econom\u00eda (0:12:19)<\/p>\n\n\n\n<p>\u201c<a href=\"https:\/\/www.youtube.com\/watch?v=7Q3sw9DrNlw\">https:\/\/www.youtube.com\/watch?v=7Q3sw9DrNlw<\/a>\u201d<\/p>\n\n\n\n<p>Para Reddeportiva.net, hablar de ideolog\u00eda es hablar de una narrativa orientada a explicar (interpretar) el comportamiento de la sociedad; lo que permitir\u00eda dar coherencia a los actos de gobierno, al servir como base para defender la coherencia de sus decisiones de envergadura pol\u00edtica frente a sus partidarios; as\u00ed como tambi\u00e9n para justificar sus actos frente a la ciudadan\u00eda o poblaci\u00f3n en general.&nbsp; En el Per\u00fa moderno, hemos contado con ide\u00f3logos como Jos\u00e9 Carlos Mari\u00e1tegui, V\u00edctor Ra\u00fal Haya de la Torre, Carlos Delgado durante el gobierno de Juan Velasco Alvarado y Abimael Guzm\u00e1n durante el terrorismo.&nbsp; Desde los tiempos de Alberto Fujimori hasta ahora, la coherencia estuvo presente mientras se sigui\u00f3 lo argumentado por Mario Vargas Llosa con su libertad econ\u00f3mica.&nbsp; Nosotros hemos sostenido que se est\u00e1 creando un Nuevo Orden Mundial en que la Paz de Westfalia (1648) constituye el principal antecedente.&nbsp; Es m\u00e1s, hemos sostenido que la sociedad peruana ha estado bajo ataque, desde que Alberto Fujimori dej\u00f3 el gobierno, por una alianza pol\u00edtica de la extrema derecha con la extrema izquierda, que est\u00e1 siendo afectada por las acciones del gobierno de Donald Trump.&nbsp; Tambi\u00e9n hemos afirmado que en el Per\u00fa es necesario crear el Centro Pol\u00edtico, sea que el pr\u00f3ximo gobierno fuera de derecha o de izquierda; por que es necesario abandonar el entorno pol\u00edtico de odio y confrontaci\u00f3n y dirigirnos a un entorno orientado al bien com\u00fan donde prime la leal oposici\u00f3n y el total respeto por el pr\u00f3jimo.<\/p>\n\n\n\n<p>\u201cLa majader\u00eda del centro crey\u00e9ndose con superioridad moral los lleva a la irrelevancia\u201d: Luis G\u00f3mez (0:17:18)<\/p>\n\n\n\n<p>\u201c<a href=\"https:\/\/www.youtube.com\/watch?v=0ieoHIG_rYo\">https:\/\/www.youtube.com\/watch?v=0ieoHIG_rYo<\/a>\u201d<\/p>\n\n\n\n<p>LOS ALGORITMOS YA GOBIERNAN AUNQUE NO LO PAREZCA (0:05:46)<\/p>\n\n\n\n<p>\u201c<a href=\"https:\/\/www.youtube.com\/watch?v=_cuCPmT8HWU\">https:\/\/www.youtube.com\/watch?v=_cuCPmT8HWU<\/a>\u201d<\/p>\n\n\n\n<p>El producto que solo el Per\u00fa exporta y el mundo paga caro (0:15:07)<\/p>\n\n\n\n<p>\u201c<a href=\"https:\/\/www.youtube.com\/watch?v=FLg0m5IUPxk\">https:\/\/www.youtube.com\/watch?v=FLg0m5IUPxk<\/a>\u201d<\/p>\n\n\n\n<p>\u00a1El primer INTERCAMBIADOR SUBTERR\u00c1NEO del PER\u00da! | Carmen de La Legua | METRO de LIMA y CALLAO (0:10:22)<\/p>\n\n\n\n<p>\u201c<a href=\"https:\/\/www.youtube.com\/watch?v=bHDb11stxC8\">https:\/\/www.youtube.com\/watch?v=bHDb11stxC8<\/a>\u201d<\/p>\n\n\n\n<p>Oc\u00e9ano c\u00e1lido: Nuevos avistamientos en costas de Chile por cambio de temperatura en el agua (0:10:43)<\/p>\n\n\n\n<p>\u201c<a href=\"https:\/\/www.youtube.com\/watch?v=k5wvnKvrL-s\">https:\/\/www.youtube.com\/watch?v=k5wvnKvrL-s<\/a>\u201d<\/p>\n\n\n\n<p>Nota: El v\u00eddeo anterior nos induce a pensar que se est\u00e1n presentando las condiciones para que se d\u00e9 un Fen\u00f3meno del Ni\u00f1o tan extraordinario como el de 1997-1998.<\/p>\n\n\n\n<p>Los 4 pa\u00edses de Latinoam\u00e9rica que aparecen entre los que mayor presencia del crimen organizado (0:08:36)<\/p>\n\n\n\n<p>\u201c<a href=\"https:\/\/www.youtube.com\/watch?v=jH6UrlVNBrA\">https:\/\/www.youtube.com\/watch?v=jH6UrlVNBrA<\/a>\u201d<\/p>\n\n\n\n<p>ANT\u00d3NIO COSTA defiende \u00abel ORDEN INTERNACIONAL basado en REGLAS\u00bb | RTVE Noticias (0:02:17)<\/p>\n\n\n\n<p>\u201c<a href=\"https:\/\/www.youtube.com\/watch?v=3XhorwXEejE\">https:\/\/www.youtube.com\/watch?v=3XhorwXEejE<\/a>\u201d<\/p>\n","protected":false},"excerpt":{"rendered":"<p>NOTICIAS: \u00bfEntra la OTAN en el estrecho de Ormuz? Dub\u00e1i en alerta y Trump presiona (0:18:50) \u201chttps:\/\/www.youtube.com\/watch?v=_G527qkduTQ\u201d La guerra de ideolog\u00edas y la econom\u00eda (0:12:19) \u201chttps:\/\/www.youtube.com\/watch?v=7Q3sw9DrNlw\u201d Para Reddeportiva.net, hablar de ideolog\u00eda es hablar de una narrativa orientada a explicar (interpretar) el comportamiento de la sociedad; lo que permitir\u00eda dar coherencia a los actos de gobierno, [&hellip;]<\/p>\n","protected":false},"author":1,"featured_media":0,"comment_status":"closed","ping_status":"closed","sticky":false,"template":"","format":"standard","meta":{"_exactmetrics_skip_tracking":false,"_exactmetrics_sitenote_active":false,"_exactmetrics_sitenote_note":"","_exactmetrics_sitenote_category":0,"ngg_post_thumbnail":0,"footnotes":""},"categories":[1278,1229,1451,1365,1369,1295,1296,1463,1282,1388,1376,1326,1322,1226,1261,1232,1307,1546,1452,1411,1202,1241,1324,1490,1370,1319,1501,1243,1425,1416,1237,1222,1516,1223,1539,1291,1404,1361,1349,779,673,659,36,1252,1274,1529,1356,1506,1480,1495,1224,1499,1287,1465],"tags":[],"class_list":["post-243934","post","type-post","status-publish","format-standard","hentry","category-accion-politica-proyecciones","category-agricultura-produccion-proyecciones","category-brics","category-china-organizacion-multilateralismo-proyecciones","category-ciudadano","category-compromisos","category-concertacion","category-constitucional-control","category-control-proyecciones","category-debido-proceso","category-democracia","category-desarrollo","category-desinformacion-mediatica","category-elecciones","category-emergencias-ambiente","category-energia-produccion-proyecciones","category-estado-de-derecho","category-exploracion-espacial","category-g7","category-garantias","category-geopolitica-proyecciones","category-gobernanza","category-guerra-mediatica","category-guerra-politica","category-humanismo","category-ideologizacion","category-imperial","category-institucionalidad","category-integracion-cultural","category-inteligencia-artificial","category-libertades","category-mundo-cultural","category-mundo-en-guerra","category-mundo-politico","category-ocs","category-organizacion-internacional-proyecciones","category-poderes-mundiales","category-politico","category-primacia-de-la-realidad","category-proyecciones","category-proyecciones-paz","category-proyecciones-seguridad","category-reddeportiva-net","category-respeto","category-responsabilidad","category-robotizacion","category-rusia-proyecciones-multilateralismo","category-seguridad-nacional","category-sentido-a-la-vida","category-sentido-comun","category-solidaridad","category-sostenibilidad","category-transparencia","category-ue"],"_links":{"self":[{"href":"https:\/\/reddeportiva.net\/principal\/index.php?rest_route=\/wp\/v2\/posts\/243934","targetHints":{"allow":["GET"]}}],"collection":[{"href":"https:\/\/reddeportiva.net\/principal\/index.php?rest_route=\/wp\/v2\/posts"}],"about":[{"href":"https:\/\/reddeportiva.net\/principal\/index.php?rest_route=\/wp\/v2\/types\/post"}],"author":[{"embeddable":true,"href":"https:\/\/reddeportiva.net\/principal\/index.php?rest_route=\/wp\/v2\/users\/1"}],"replies":[{"embeddable":true,"href":"https:\/\/reddeportiva.net\/principal\/index.php?rest_route=%2Fwp%2Fv2%2Fcomments&post=243934"}],"version-history":[{"count":2,"href":"https:\/\/reddeportiva.net\/principal\/index.php?rest_route=\/wp\/v2\/posts\/243934\/revisions"}],"predecessor-version":[{"id":243936,"href":"https:\/\/reddeportiva.net\/principal\/index.php?rest_route=\/wp\/v2\/posts\/243934\/revisions\/243936"}],"wp:attachment":[{"href":"https:\/\/reddeportiva.net\/principal\/index.php?rest_route=%2Fwp%2Fv2%2Fmedia&parent=243934"}],"wp:term":[{"taxonomy":"category","embeddable":true,"href":"https:\/\/reddeportiva.net\/principal\/index.php?rest_route=%2Fwp%2Fv2%2Fcategories&post=243934"},{"taxonomy":"post_tag","embeddable":true,"href":"https:\/\/reddeportiva.net\/principal\/index.php?rest_route=%2Fwp%2Fv2%2Ftags&post=243934"}],"curies":[{"name":"wp","href":"https:\/\/api.w.org\/{rel}","templated":true}]}}