{"id":243908,"date":"2026-03-10T06:05:51","date_gmt":"2026-03-10T11:05:51","guid":{"rendered":"https:\/\/reddeportiva.net\/principal\/?p=243908"},"modified":"2026-03-10T06:05:53","modified_gmt":"2026-03-10T11:05:53","slug":"claves-del-dia-el-plan-maestro-de-trump-lo-que-puede-salir-mal-y-la-gran-amenaza-en-europa","status":"publish","type":"post","link":"https:\/\/reddeportiva.net\/principal\/?p=243908","title":{"rendered":"Claves del d\u00eda: El plan maestro de Trump, lo que puede salir mal y la gran amenaza en Europa"},"content":{"rendered":"\n<figure class=\"wp-block-embed is-type-video is-provider-youtube wp-block-embed-youtube wp-embed-aspect-16-9 wp-has-aspect-ratio\"><div class=\"wp-block-embed__wrapper\">\n<iframe loading=\"lazy\" title=\"Claves del d\u00eda: El plan maestro de Trump, lo que puede salir mal y la gran amenaza en Europa\" width=\"625\" height=\"352\" src=\"https:\/\/www.youtube.com\/embed\/Xg6Z7xZbyqs?feature=oembed\" frameborder=\"0\" allow=\"accelerometer; autoplay; clipboard-write; encrypted-media; gyroscope; picture-in-picture; web-share\" referrerpolicy=\"strict-origin-when-cross-origin\" allowfullscreen><\/iframe>\n<\/div><\/figure>\n\n\n\n<p>\u00bfQu\u00e9 planea China? Este es el mapa que preocupa a Occidente ante la guerra en Ir\u00e1n. ARISTEGUI (0:12:14)<\/p>\n\n\n\n<p>\u201c<a href=\"https:\/\/www.youtube.com\/watch?v=WIYhFRkaczI\">https:\/\/www.youtube.com\/watch?v=WIYhFRkaczI<\/a>\u201d<\/p>\n\n\n\n<p>\u00daLTIMA HORA | La OTAN refuerza Turqu\u00eda con sistemas antimisiles Patriot ante la tensi\u00f3n con Ir\u00e1n (0:00:47)<\/p>\n\n\n\n<p>\u201c<a href=\"https:\/\/www.youtube.com\/watch?v=QhdgnNESHFw\">https:\/\/www.youtube.com\/watch?v=QhdgnNESHFw<\/a>\u201d<\/p>\n\n\n\n<p>\u00daLTIMA HORA | La industria autom\u00f3vil de Alemania se tamblaea: Volkswagen anuncia 50.000 despidos (0:01:02)<\/p>\n\n\n\n<p>\u201c<a href=\"https:\/\/www.youtube.com\/watch?v=Nfr2tVFM6VA\">https:\/\/www.youtube.com\/watch?v=Nfr2tVFM6VA<\/a>\u201d<\/p>\n\n\n\n<p>VALDECASAS: \u00abEl objetivo de Israel es claro: tener un r\u00e9gimen en Ir\u00e1n sumiso con EEUU\u00bb (0:05:46)<\/p>\n\n\n\n<p>\u201c<a href=\"https:\/\/www.youtube.com\/watch?v=g5HTEpFTNkA\">https:\/\/www.youtube.com\/watch?v=g5HTEpFTNkA<\/a>\u201d<\/p>\n\n\n\n<p>\u00daLTIMA HORA | EEUU traslada misiles Patriot cerca de Ir\u00e1n pese a la oposici\u00f3n de Corea del Sur (0:01:45)<\/p>\n\n\n\n<p>\u201c<a href=\"https:\/\/www.youtube.com\/watch?v=G8uHPIRM0a0\">https:\/\/www.youtube.com\/watch?v=G8uHPIRM0a0<\/a>\u201d<\/p>\n\n\n\n<p>NOTICIAS: El petr\u00f3leo se desploma, Ir\u00e1n reta a Trump con misiles m\u00e1s potentes y el giro de Putin (0:18:34)<\/p>\n\n\n\n<p>\u201c<a href=\"https:\/\/www.youtube.com\/watch?v=iLWWewdicIU\">https:\/\/www.youtube.com\/watch?v=iLWWewdicIU<\/a>\u201d<\/p>\n\n\n\n<p>\u201cParece pretexto de acercamiento, pero es est\u00e1 incompleta\u201d: analista sobre el Escudo de las Am\u00e9ricas (0:19:13)<\/p>\n\n\n\n<p>\u201c<a href=\"https:\/\/www.youtube.com\/watch?v=fxUU5Owlhlg\">https:\/\/www.youtube.com\/watch?v=fxUU5Owlhlg<\/a>\u201d<\/p>\n\n\n\n<p>22 reuniones en 10 horas: La fren\u00e9tica agenda final de Jos\u00e9 Antonio Kast antes del cambio de mando. (0:15:44)<\/p>\n\n\n\n<p>\u201c<a href=\"https:\/\/www.youtube.com\/watch?v=x35nH8Ma-fc\">https:\/\/www.youtube.com\/watch?v=x35nH8Ma-fc<\/a>\u201d<\/p>\n\n\n\n<p>\u00abLa luna de miel ser\u00e1 corta\u00bb: La advertencia para el gobierno de Kast y el &#8216;plan de los 90 d\u00edas&#8217; (0:12:45)<\/p>\n\n\n\n<p>\u201c<a href=\"https:\/\/www.youtube.com\/watch?v=wjPZWsN-wtU\">https:\/\/www.youtube.com\/watch?v=wjPZWsN-wtU<\/a>\u201d<\/p>\n\n\n\n<p>Colombia dijo no a exguerrilleros de las Farc en el Congreso: entre los rechazados, &#8216;Sandra Ram\u00edrez&#8217; (0:09:12)<\/p>\n\n\n\n<p>\u201c<a href=\"https:\/\/www.youtube.com\/watch?v=4XySDVTlWRw\">https:\/\/www.youtube.com\/watch?v=4XySDVTlWRw<\/a>\u201d<\/p>\n\n\n\n<p>Legislativas en Colombia: \u00bfqu\u00e9 panorama queda para las elecciones presidenciales? (0:11:11)<\/p>\n\n\n\n<p>\u201c<a href=\"https:\/\/www.youtube.com\/watch?v=8d0UUVuU7eA\">https:\/\/www.youtube.com\/watch?v=8d0UUVuU7eA<\/a>\u201d<\/p>\n\n\n\n<p>CUBA SE APAGA: el plan de Trump para derribar el castrismo sin disparar &#8211; @SoloFonseca (0:25:49)<\/p>\n\n\n\n<p>\u201c<a href=\"https:\/\/www.youtube.com\/watch?v=a7f7nys12UU\">https:\/\/www.youtube.com\/watch?v=a7f7nys12UU<\/a>\u201d<\/p>\n\n\n\n<p>\u00abElla juega en la fase tres, en la elecci\u00f3n presidencial\u00bb: Antonio De La Cruz sobre Corina Machado (0:17:25)<\/p>\n\n\n\n<p>\u201c<a href=\"https:\/\/www.youtube.com\/watch?v=IrDYdKknNQw\">https:\/\/www.youtube.com\/watch?v=IrDYdKknNQw<\/a>\u201d<\/p>\n\n\n\n<p>Qu\u00e9 sectores son clave para la reconstrucci\u00f3n de Venezuela, un pa\u00eds en ruinas (0:32:33)<\/p>\n\n\n\n<p>\u201c<a href=\"https:\/\/www.youtube.com\/watch?v=ClXsNQr58P4\">https:\/\/www.youtube.com\/watch?v=ClXsNQr58P4<\/a>\u201d<\/p>\n\n\n\n<p>\u00abEstamos alerta\u00bb: poderosos aviones de guerra de EE. UU. sobrevolaron las costas de Venezuela (0:31:30)<\/p>\n\n\n\n<p>\u201c<a href=\"https:\/\/www.youtube.com\/watch?v=c_IrZigVG9c\">https:\/\/www.youtube.com\/watch?v=c_IrZigVG9c<\/a>\u201d<\/p>\n\n\n\n<p>Departamento de Estado explica alcance de restablecimiento de relaciones diplom\u00e1ticas EEUU-Venezuela (0:25:35)<\/p>\n\n\n\n<p>\u201c<a href=\"https:\/\/www.youtube.com\/watch?v=j_Efd8eVukw\">https:\/\/www.youtube.com\/watch?v=j_Efd8eVukw<\/a>\u201d<\/p>\n\n\n\n<p>Ir\u00e1n no se rinde: \u00bfSe viene una ofensiva final de EE.UU.? (0:22:04)<\/p>\n\n\n\n<p>\u201c<a href=\"https:\/\/www.youtube.com\/watch?v=LP4UEWPJJhc\">https:\/\/www.youtube.com\/watch?v=LP4UEWPJJhc<\/a>\u201d<\/p>\n\n\n\n<p>Milei consolida su camino a la reelecci\u00f3n (0:10:28)<\/p>\n\n\n\n<p>\u201c<a href=\"https:\/\/www.youtube.com\/watch?v=9UQir4LI8wE\">https:\/\/www.youtube.com\/watch?v=9UQir4LI8wE<\/a>\u201d<\/p>\n\n\n\n<p>\u00bfCu\u00e1l fue el impacto de la Cumbre de Am\u00e9ricas con Trump? &#8211; Es la Hora de Opinar &#8211; 09 de Marzo 2026 (0:51:22)<\/p>\n\n\n\n<p>\u201c<a href=\"https:\/\/www.youtube.com\/watch?v=8SVfrGmKGKI\">https:\/\/www.youtube.com\/watch?v=8SVfrGmKGKI<\/a>\u201d<\/p>\n\n\n\n<p>Respuesta de Sheinbaum ante Trump evita &#8216;un juego perverso&#8217;: Edmundo Jacobo Molina (0:20:25)<\/p>\n\n\n\n<p>\u201c<a href=\"https:\/\/www.youtube.com\/watch?v=OC937ZML_So\">https:\/\/www.youtube.com\/watch?v=OC937ZML_So<\/a>\u201d<\/p>\n\n\n\n<p>\u00bfQu\u00e9 dice la proclamaci\u00f3n de Trump contra los c\u00e1rteles? (0:12:11)<\/p>\n\n\n\n<p>\u201c<a href=\"https:\/\/www.youtube.com\/watch?v=EdoBlpPZDYM\">https:\/\/www.youtube.com\/watch?v=EdoBlpPZDYM<\/a>\u201d<\/p>\n\n\n\n<p>Amago de Trump de actuar unilateralmente en M\u00e9xico \u201chay que tomarlo bastante en serio\u201d: Esquivel (0:10:55)<\/p>\n\n\n\n<p>\u201c<a href=\"https:\/\/www.youtube.com\/watch?v=q_eC6Nd1cY8\">https:\/\/www.youtube.com\/watch?v=q_eC6Nd1cY8<\/a>\u201d<\/p>\n\n\n\n<p>\ud83d\udfe2 Trump calma a los mercados afirmando que la guerra de Ir\u00e1n ser\u00e1 corta (0:12:04)<\/p>\n\n\n\n<p>\u201c<a href=\"https:\/\/www.youtube.com\/watch?v=odF1djEOcBE\">https:\/\/www.youtube.com\/watch?v=odF1djEOcBE<\/a>\u201d<\/p>\n\n\n\n<p>Presidente Trump anuncia cu\u00e1l ser\u00eda su pr\u00f3ximo paso en operaciones contra el r\u00e9gimen iran\u00ed (0:15:37)<\/p>\n\n\n\n<p>\u201c<a href=\"https:\/\/www.youtube.com\/watch?v=v5xe1S4sMtY\">https:\/\/www.youtube.com\/watch?v=v5xe1S4sMtY<\/a>\u201d<\/p>\n\n\n\n<p>Poder\u00edo militar al l\u00edmite en Medio Oriente: El choque de fuerzas entre EEUU-Israel e Ir\u00e1n (0:21:02)<\/p>\n\n\n\n<p>\u201c<a href=\"https:\/\/www.youtube.com\/watch?v=LaDo9JbRJOU\">https:\/\/www.youtube.com\/watch?v=LaDo9JbRJOU<\/a>\u201d<\/p>\n\n\n\n<p>El sue\u00f1o roto del pueblo kurdo \u2022 FRANCE 24 Espa\u00f1ol (0:13:06)<\/p>\n\n\n\n<p>\u201c<a href=\"https:\/\/www.youtube.com\/watch?v=EVkIZznQRQI\">https:\/\/www.youtube.com\/watch?v=EVkIZznQRQI<\/a>\u201d<\/p>\n\n\n\n<p>\ud83d\udce2 ARGENTINO EN BAHREIN: 3 HERIDOS Y DA\u00d1OS EN UNA PLANTA DESESTABILIZADORA (0:15:53)<\/p>\n\n\n\n<p>\u201c<a href=\"https:\/\/www.youtube.com\/watch?v=qKNJeNDVj8k\">https:\/\/www.youtube.com\/watch?v=qKNJeNDVj8k<\/a>\u201d<\/p>\n\n\n\n<p>\ud83d\udfe3Ataques a la infraestructura petrolera en Oriente Medio disparan los precios del crudo (0:19:33)<\/p>\n\n\n\n<p>\u201c<a href=\"https:\/\/www.youtube.com\/watch?v=gc4ZpX5W-oE\">https:\/\/www.youtube.com\/watch?v=gc4ZpX5W-oE<\/a>\u201d<\/p>\n\n\n\n<p>En medio del caos, el sur de Yemen sue\u00f1a con recuperar la independencia \u2022 FRANCE 24 Espa\u00f1ol (0:29:11)<\/p>\n\n\n\n<p>\u201c<a href=\"https:\/\/www.youtube.com\/watch?v=bJcYtxKuutY\">https:\/\/www.youtube.com\/watch?v=bJcYtxKuutY<\/a>\u201d<\/p>\n\n\n\n<p>\u00daLTIMA HORA: Aviones brit\u00e1nicos derriban drones rumbo a Jordania y Bahr\u00e9in en plena tensi\u00f3n con Ir\u00e1n (0:02:03)<\/p>\n\n\n\n<p>\u201c<a href=\"https:\/\/www.youtube.com\/watch?v=StmLOXrAofg\">https:\/\/www.youtube.com\/watch?v=StmLOXrAofg<\/a>\u201d<\/p>\n\n\n\n<p>\u00daLTIMA HORA: Trump levantar\u00e1 las sanciones a Rusia ante la escalada con Ir\u00e1n tras hablar con Putin (0:01:23)<\/p>\n\n\n\n<p>\u201c<a href=\"https:\/\/www.youtube.com\/watch?v=yVNbTqr6pig\">https:\/\/www.youtube.com\/watch?v=yVNbTqr6pig<\/a>\u201d<\/p>\n\n\n\n<p>\u00daLTIMA HORA | Alerta m\u00e1xima en EEUU: Ir\u00e1n estar\u00eda activando \u201cc\u00e9lulas durmientes\u201d en otros pa\u00edses (0:01:32)<\/p>\n\n\n\n<p>\u201c<a href=\"https:\/\/www.youtube.com\/watch?v=kr9QPFW1m3U\">https:\/\/www.youtube.com\/watch?v=kr9QPFW1m3U<\/a>\u201d<\/p>\n\n\n\n<p>NOTICIAS DEL D\u00cdA: Ir\u00e1n ataca con misiles superpesados en bases de EEUU, Trump amenaza y Putin avisa (0:33:21)<\/p>\n\n\n\n<p>\u201c<a href=\"https:\/\/www.youtube.com\/watch?v=1FNpRta2ZQk\">https:\/\/www.youtube.com\/watch?v=1FNpRta2ZQk<\/a>\u201d<\/p>\n\n\n\n<p>TEMPRANO: \u201cTrump y EEUU no han medido. Esta guerra con Ir\u00e1n puede durar a\u00f1os\u201d (0:17:40)<\/p>\n\n\n\n<p>\u201c<a href=\"https:\/\/www.youtube.com\/watch?v=pGQdvtzO0gA\">https:\/\/www.youtube.com\/watch?v=pGQdvtzO0gA<\/a>\u201d<\/p>\n\n\n\n<p>LORENZO RAM\u00cdREZ: Lucha a muerte en Ir\u00e1n, Europa al l\u00edmite y el gran shock energ\u00e9tico global (0:25:39)<\/p>\n\n\n\n<p>\u201c<a href=\"https:\/\/www.youtube.com\/watch?v=ZNqG13iqvEk\">https:\/\/www.youtube.com\/watch?v=ZNqG13iqvEk<\/a>\u201d<\/p>\n\n\n\n<p>\u00daLTIMA HORA | La inflaci\u00f3n preocupa a M\u00e9xico: sube m\u00e1s de lo esperado y va directa a la alimentaci\u00f3n (0:05:15)<\/p>\n\n\n\n<p>\u201c<a href=\"https:\/\/www.youtube.com\/watch?v=QnS67bS4cVw\">https:\/\/www.youtube.com\/watch?v=QnS67bS4cVw<\/a>\u201d<\/p>\n\n\n\n<p>\u00daLTIMA HORA IR\u00c1N | Teher\u00e1n juega sus cartas, Europa al borde del abismo y Trump en la encrucijada (0:13:25)<\/p>\n\n\n\n<p>\u201c<a href=\"https:\/\/www.youtube.com\/watch?v=2cT4nd6W81Q\">https:\/\/www.youtube.com\/watch?v=2cT4nd6W81Q<\/a>\u201d<\/p>\n","protected":false},"excerpt":{"rendered":"<p>\u00bfQu\u00e9 planea China? Este es el mapa que preocupa a Occidente ante la guerra en Ir\u00e1n. ARISTEGUI (0:12:14) \u201chttps:\/\/www.youtube.com\/watch?v=WIYhFRkaczI\u201d \u00daLTIMA HORA | La OTAN refuerza Turqu\u00eda con sistemas antimisiles Patriot ante la tensi\u00f3n con Ir\u00e1n (0:00:47) \u201chttps:\/\/www.youtube.com\/watch?v=QhdgnNESHFw\u201d \u00daLTIMA HORA | La industria autom\u00f3vil de Alemania se tamblaea: Volkswagen anuncia 50.000 despidos (0:01:02) \u201chttps:\/\/www.youtube.com\/watch?v=Nfr2tVFM6VA\u201d VALDECASAS: \u00abEl [&hellip;]<\/p>\n","protected":false},"author":1,"featured_media":0,"comment_status":"closed","ping_status":"closed","sticky":false,"template":"","format":"standard","meta":{"_exactmetrics_skip_tracking":false,"_exactmetrics_sitenote_active":false,"_exactmetrics_sitenote_note":"","_exactmetrics_sitenote_category":0,"ngg_post_thumbnail":0,"footnotes":""},"categories":[1278,1532,1451,1365,1282,1448,1528,1303,1322,1546,1452,1411,1202,1324,1490,1319,1501,1425,1416,1222,1516,1223,1539,1291,1354,1404,1361,1349,779,673,659,1512,1529,1356,1465],"tags":[],"class_list":["post-243908","post","type-post","status-publish","format-standard","hentry","category-accion-politica-proyecciones","category-alineamientos","category-brics","category-china-organizacion-multilateralismo-proyecciones","category-control-proyecciones","category-corrupcion","category-crimen-lesa-humanidad","category-crimen-organizado","category-desinformacion-mediatica","category-exploracion-espacial","category-g7","category-garantias","category-geopolitica-proyecciones","category-guerra-mediatica","category-guerra-politica","category-ideologizacion","category-imperial","category-integracion-cultural","category-inteligencia-artificial","category-mundo-cultural","category-mundo-en-guerra","category-mundo-politico","category-ocs","category-organizacion-internacional-proyecciones","category-otan","category-poderes-mundiales","category-politico","category-primacia-de-la-realidad","category-proyecciones","category-proyecciones-paz","category-proyecciones-seguridad","category-reforma-monetaria","category-robotizacion","category-rusia-proyecciones-multilateralismo","category-ue"],"_links":{"self":[{"href":"https:\/\/reddeportiva.net\/principal\/index.php?rest_route=\/wp\/v2\/posts\/243908","targetHints":{"allow":["GET"]}}],"collection":[{"href":"https:\/\/reddeportiva.net\/principal\/index.php?rest_route=\/wp\/v2\/posts"}],"about":[{"href":"https:\/\/reddeportiva.net\/principal\/index.php?rest_route=\/wp\/v2\/types\/post"}],"author":[{"embeddable":true,"href":"https:\/\/reddeportiva.net\/principal\/index.php?rest_route=\/wp\/v2\/users\/1"}],"replies":[{"embeddable":true,"href":"https:\/\/reddeportiva.net\/principal\/index.php?rest_route=%2Fwp%2Fv2%2Fcomments&post=243908"}],"version-history":[{"count":2,"href":"https:\/\/reddeportiva.net\/principal\/index.php?rest_route=\/wp\/v2\/posts\/243908\/revisions"}],"predecessor-version":[{"id":243910,"href":"https:\/\/reddeportiva.net\/principal\/index.php?rest_route=\/wp\/v2\/posts\/243908\/revisions\/243910"}],"wp:attachment":[{"href":"https:\/\/reddeportiva.net\/principal\/index.php?rest_route=%2Fwp%2Fv2%2Fmedia&parent=243908"}],"wp:term":[{"taxonomy":"category","embeddable":true,"href":"https:\/\/reddeportiva.net\/principal\/index.php?rest_route=%2Fwp%2Fv2%2Fcategories&post=243908"},{"taxonomy":"post_tag","embeddable":true,"href":"https:\/\/reddeportiva.net\/principal\/index.php?rest_route=%2Fwp%2Fv2%2Ftags&post=243908"}],"curies":[{"name":"wp","href":"https:\/\/api.w.org\/{rel}","templated":true}]}}