{"id":243905,"date":"2026-03-10T05:13:46","date_gmt":"2026-03-10T10:13:46","guid":{"rendered":"https:\/\/reddeportiva.net\/principal\/?p=243905"},"modified":"2026-03-10T15:34:15","modified_gmt":"2026-03-10T20:34:15","slug":"la-feroz-disputa-por-la-segunda-vuelta-en-el-peru-03703","status":"publish","type":"post","link":"https:\/\/reddeportiva.net\/principal\/?p=243905","title":{"rendered":"\u00a1La feroz disputa por la segunda vuelta en el Per\u00fa! (0:37:03)"},"content":{"rendered":"\n<figure class=\"wp-block-embed is-type-video is-provider-youtube wp-block-embed-youtube wp-embed-aspect-16-9 wp-has-aspect-ratio\"><div class=\"wp-block-embed__wrapper\">\n<iframe loading=\"lazy\" title=\"\u00a1La feroz disputa por la segunda vuelta en el Per\u00fa!\" width=\"625\" height=\"352\" src=\"https:\/\/www.youtube.com\/embed\/MsVZuR_aCyA?feature=oembed\" frameborder=\"0\" allow=\"accelerometer; autoplay; clipboard-write; encrypted-media; gyroscope; picture-in-picture; web-share\" referrerpolicy=\"strict-origin-when-cross-origin\" allowfullscreen><\/iframe>\n<\/div><\/figure>\n\n\n\n<p>Elecciones generales 2026: nuevo sondeo de Datum cambia el panorama electoral (0:49:11)<\/p>\n\n\n\n<p>\u201c<a href=\"https:\/\/www.youtube.com\/watch?v=zKDXecvlnW8\">https:\/\/www.youtube.com\/watch?v=zKDXecvlnW8<\/a>\u201d<\/p>\n\n\n\n<p>Ahora y en la Hora &#8211; MAR 09 &#8211; 1\/2 &#8211; LO QUE LA CRISIS ENERG\u00c9TICA VIENE DEJANDO | Willax (0:45:44)<\/p>\n\n\n\n<p>\u201c<a href=\"https:\/\/www.youtube.com\/watch?v=UMpnUMHsu0A\">https:\/\/www.youtube.com\/watch?v=UMpnUMHsu0A<\/a>\u201d<\/p>\n\n\n\n<p>#EnVivo Keiko Fujimori supera a Rafael L\u00f3pez Aliaga en encuesta (1:29:54)<\/p>\n\n\n\n<p>\u201c<a href=\"https:\/\/www.youtube.com\/watch?v=U1Jy6i7r_BU\">https:\/\/www.youtube.com\/watch?v=U1Jy6i7r_BU<\/a>\u201d<\/p>\n\n\n\n<p>Ahora y en la Hora &#8211; MAR 09 &#8211; 2\/2 &#8211; POL\u00c9MICA POR FOTOPAPELETAS ABUSIVAS | Willax (0:13:01)<\/p>\n\n\n\n<p>\u201c<a href=\"https:\/\/www.youtube.com\/watch?v=gCyUcEopssk\">https:\/\/www.youtube.com\/watch?v=gCyUcEopssk<\/a>\u201d<\/p>\n\n\n\n<p>Clases virtuales otra vez: exministra de Educaci\u00f3n alerta impacto en estudiantes #LasCosasRPP (0:19:42)<\/p>\n\n\n\n<p>\u201c<a href=\"https:\/\/www.youtube.com\/watch?v=HlOcQC6rVDc\">https:\/\/www.youtube.com\/watch?v=HlOcQC6rVDc<\/a>\u201d<\/p>\n\n\n\n<p>\u00bfC\u00f3mo la FILOSOF\u00cdA dise\u00f1\u00f3 el mapa IDEOL\u00d3GICO de Europa? La Gran BATALLA cultural de la Edad Media. (0:25:09)<\/p>\n\n\n\n<p>\u201c<a href=\"https:\/\/www.youtube.com\/watch?v=3AY8Dq3Q7fE\">https:\/\/www.youtube.com\/watch?v=3AY8Dq3Q7fE<\/a>\u201d<\/p>\n","protected":false},"excerpt":{"rendered":"<p>Elecciones generales 2026: nuevo sondeo de Datum cambia el panorama electoral (0:49:11) \u201chttps:\/\/www.youtube.com\/watch?v=zKDXecvlnW8\u201d Ahora y en la Hora &#8211; MAR 09 &#8211; 1\/2 &#8211; LO QUE LA CRISIS ENERG\u00c9TICA VIENE DEJANDO | Willax (0:45:44) \u201chttps:\/\/www.youtube.com\/watch?v=UMpnUMHsu0A\u201d #EnVivo Keiko Fujimori supera a Rafael L\u00f3pez Aliaga en encuesta (1:29:54) \u201chttps:\/\/www.youtube.com\/watch?v=U1Jy6i7r_BU\u201d Ahora y en la Hora &#8211; MAR 09 [&hellip;]<\/p>\n","protected":false},"author":1,"featured_media":0,"comment_status":"closed","ping_status":"closed","sticky":false,"template":"","format":"standard","meta":{"_exactmetrics_skip_tracking":false,"_exactmetrics_sitenote_active":false,"_exactmetrics_sitenote_note":"","_exactmetrics_sitenote_category":0,"ngg_post_thumbnail":0,"footnotes":""},"categories":[1428,1282,1388,1376,1339,22,1226,1307,1325,1411,1241,1223,1361,36,1506,1480,1495],"tags":[],"class_list":["post-243905","post","type-post","status-publish","format-standard","hentry","category-camisea","category-control-proyecciones","category-debido-proceso","category-democracia","category-denuncias","category-educacion-proyecciones","category-elecciones","category-estado-de-derecho","category-excesos-del-poder","category-garantias","category-gobernanza","category-mundo-politico","category-politico","category-reddeportiva-net","category-seguridad-nacional","category-sentido-a-la-vida","category-sentido-comun"],"_links":{"self":[{"href":"https:\/\/reddeportiva.net\/principal\/index.php?rest_route=\/wp\/v2\/posts\/243905","targetHints":{"allow":["GET"]}}],"collection":[{"href":"https:\/\/reddeportiva.net\/principal\/index.php?rest_route=\/wp\/v2\/posts"}],"about":[{"href":"https:\/\/reddeportiva.net\/principal\/index.php?rest_route=\/wp\/v2\/types\/post"}],"author":[{"embeddable":true,"href":"https:\/\/reddeportiva.net\/principal\/index.php?rest_route=\/wp\/v2\/users\/1"}],"replies":[{"embeddable":true,"href":"https:\/\/reddeportiva.net\/principal\/index.php?rest_route=%2Fwp%2Fv2%2Fcomments&post=243905"}],"version-history":[{"count":2,"href":"https:\/\/reddeportiva.net\/principal\/index.php?rest_route=\/wp\/v2\/posts\/243905\/revisions"}],"predecessor-version":[{"id":243907,"href":"https:\/\/reddeportiva.net\/principal\/index.php?rest_route=\/wp\/v2\/posts\/243905\/revisions\/243907"}],"wp:attachment":[{"href":"https:\/\/reddeportiva.net\/principal\/index.php?rest_route=%2Fwp%2Fv2%2Fmedia&parent=243905"}],"wp:term":[{"taxonomy":"category","embeddable":true,"href":"https:\/\/reddeportiva.net\/principal\/index.php?rest_route=%2Fwp%2Fv2%2Fcategories&post=243905"},{"taxonomy":"post_tag","embeddable":true,"href":"https:\/\/reddeportiva.net\/principal\/index.php?rest_route=%2Fwp%2Fv2%2Ftags&post=243905"}],"curies":[{"name":"wp","href":"https:\/\/api.w.org\/{rel}","templated":true}]}}