{"id":243896,"date":"2026-03-09T06:00:49","date_gmt":"2026-03-09T11:00:49","guid":{"rendered":"https:\/\/reddeportiva.net\/principal\/?p=243896"},"modified":"2026-03-10T15:36:11","modified_gmt":"2026-03-10T20:36:11","slug":"invitado-de-lujo-francisco-tudela-llega-a-bethel-para-analizar-situacion-en-iran-02725","status":"publish","type":"post","link":"https:\/\/reddeportiva.net\/principal\/?p=243896","title":{"rendered":"\u00a1INVITADO DE LUJO! FRANCISCO TUDELA LLEGA A BETHEL PARA ANALIZAR SITUACI\u00d3N EN IR\u00c1N (0:27:25)"},"content":{"rendered":"\n<figure class=\"wp-block-embed is-type-video is-provider-youtube wp-block-embed-youtube wp-embed-aspect-16-9 wp-has-aspect-ratio\"><div class=\"wp-block-embed__wrapper\">\n<iframe loading=\"lazy\" title=\"\u00a1INVITADO DE LUJO! FRANCISCO TUDELA LLEGA A BETHEL PARA ANALIZAR SITUACI\u00d3N EN IR\u00c1N\" width=\"625\" height=\"352\" src=\"https:\/\/www.youtube.com\/embed\/skryFuJAoBo?feature=oembed\" frameborder=\"0\" allow=\"accelerometer; autoplay; clipboard-write; encrypted-media; gyroscope; picture-in-picture; web-share\" referrerpolicy=\"strict-origin-when-cross-origin\" allowfullscreen><\/iframe>\n<\/div><\/figure>\n\n\n\n<p>Para Reddeportiva.net est\u00e1 claro que el no tomar conciencia de que la sociedad peruana est\u00e1 bajo ataque desde hace 25 a\u00f1os nos est\u00e1 pasando la factura con el desconcierto que estamos viviendo.&nbsp; Dicho ataque viene de una alianza pol\u00edtica de la extrema derecha con la extrema izquierda en perjuicio del centro pol\u00edtico peruano.&nbsp; Los hechos son evidentes desde el gobierno de Alejandro Toledo con un proceso de descentralizaci\u00f3n totalmente arbitrario y sin haberse consultado con la ciudadan\u00eda.&nbsp; Continu\u00f3 con un programa de inversiones p\u00fablicas caracterizadas por orientarse m\u00e1s en beneficio de potencias extranjeras que las de nuestro pa\u00eds; cuyo resultado fue dar con presidentes del Poder Ejecutivo procesados y condenados penalmente.&nbsp; Cayendo finalmente en un proceso de cooptaci\u00f3n del poder pol\u00edtico bajo la doctrina impulsada por Antonio Gramsci que fuera acompa\u00f1ada de una persecuci\u00f3n contra pol\u00edticos opositores y miembros de las FF.AA.&nbsp; Los cambios en el escenario internacional, que neutralizan la influencia del Foro de Sao Paulo y el Grupo de Puebla, nos lleva a pensar que el ataque a nuestra sociedad \u00faltimamente se ha recrudecido tanto con la proliferaci\u00f3n del sicariato como el desabastecimiento del GNV y del GLP, en los que estamos convencidos han intervenido manos extranjeras.<\/p>\n\n\n\n<p>Crisis energ\u00e9tica | Cuarto Poder | Per\u00fa (0:12:09)<\/p>\n\n\n\n<p>\u201c<a href=\"https:\/\/www.youtube.com\/watch?v=psOOuSJ0GeA\">https:\/\/www.youtube.com\/watch?v=psOOuSJ0GeA<\/a>\u201d<\/p>\n\n\n\n<p>Ministro de Energ\u00eda y Minas en Panorama: \u201cReparaci\u00f3n del ducto de gas avanza al 48%\u201d (0:12:11)<\/p>\n\n\n\n<p>\u201c<a href=\"https:\/\/www.youtube.com\/watch?v=_P5mkvianJM\">https:\/\/www.youtube.com\/watch?v=_P5mkvianJM<\/a>\u201d<\/p>\n\n\n\n<p>\u270a AHORA: Manifestaci\u00f3n en Lima por el D\u00eda Internacional de la Mujer (1:48:25)<\/p>\n\n\n\n<p>\u201c<a href=\"https:\/\/www.youtube.com\/watch?v=iIVSicrgqK4&amp;t=130s\">https:\/\/www.youtube.com\/watch?v=iIVSicrgqK4&amp;t=130s<\/a>\u201d<\/p>\n\n\n\n<p>\u00bfHa avanzado realmente la participaci\u00f3n de las mujeres en la pol\u00edtica? #ADNRPP | ENTREVISTA (0:16:34)<\/p>\n\n\n\n<p>\u201c<a href=\"https:\/\/www.youtube.com\/watch?v=ti538EG8k7A\">https:\/\/www.youtube.com\/watch?v=ti538EG8k7A<\/a>\u201d<\/p>\n\n\n\n<p>Separadora Industrial podr\u00eda descongestionar Lima Este\u2026 \u00bfpor qu\u00e9 no se hace? (0:11:16)<\/p>\n\n\n\n<p>\u201c<a href=\"https:\/\/www.youtube.com\/watch?v=OUk8Gh4jwyU\">https:\/\/www.youtube.com\/watch?v=OUk8Gh4jwyU<\/a>\u201d<\/p>\n\n\n\n<p>Del Tao al Libre Mercado: la filosof\u00eda del orden espont\u00e1neo que inspir\u00f3 a Hayek. #escuelaaustriaca (0:17:21)<\/p>\n\n\n\n<p>\u201c<a href=\"https:\/\/www.youtube.com\/watch?v=B0xAaY8_fE8\">https:\/\/www.youtube.com\/watch?v=B0xAaY8_fE8<\/a>\u201d<\/p>\n","protected":false},"excerpt":{"rendered":"<p>Para Reddeportiva.net est\u00e1 claro que el no tomar conciencia de que la sociedad peruana est\u00e1 bajo ataque desde hace 25 a\u00f1os nos est\u00e1 pasando la factura con el desconcierto que estamos viviendo.&nbsp; Dicho ataque viene de una alianza pol\u00edtica de la extrema derecha con la extrema izquierda en perjuicio del centro pol\u00edtico peruano.&nbsp; Los hechos [&hellip;]<\/p>\n","protected":false},"author":1,"featured_media":0,"comment_status":"closed","ping_status":"closed","sticky":false,"template":"","format":"standard","meta":{"_exactmetrics_skip_tracking":false,"_exactmetrics_sitenote_active":false,"_exactmetrics_sitenote_note":"","_exactmetrics_sitenote_category":0,"ngg_post_thumbnail":0,"footnotes":""},"categories":[1428,1282,1448,1376,1226,1232,1307,1202,1241,1501,1516,1223,1361,36,1475,1506,1480,1495],"tags":[],"class_list":["post-243896","post","type-post","status-publish","format-standard","hentry","category-camisea","category-control-proyecciones","category-corrupcion","category-democracia","category-elecciones","category-energia-produccion-proyecciones","category-estado-de-derecho","category-geopolitica-proyecciones","category-gobernanza","category-imperial","category-mundo-en-guerra","category-mundo-politico","category-politico","category-reddeportiva-net","category-relativismo","category-seguridad-nacional","category-sentido-a-la-vida","category-sentido-comun"],"_links":{"self":[{"href":"https:\/\/reddeportiva.net\/principal\/index.php?rest_route=\/wp\/v2\/posts\/243896","targetHints":{"allow":["GET"]}}],"collection":[{"href":"https:\/\/reddeportiva.net\/principal\/index.php?rest_route=\/wp\/v2\/posts"}],"about":[{"href":"https:\/\/reddeportiva.net\/principal\/index.php?rest_route=\/wp\/v2\/types\/post"}],"author":[{"embeddable":true,"href":"https:\/\/reddeportiva.net\/principal\/index.php?rest_route=\/wp\/v2\/users\/1"}],"replies":[{"embeddable":true,"href":"https:\/\/reddeportiva.net\/principal\/index.php?rest_route=%2Fwp%2Fv2%2Fcomments&post=243896"}],"version-history":[{"count":2,"href":"https:\/\/reddeportiva.net\/principal\/index.php?rest_route=\/wp\/v2\/posts\/243896\/revisions"}],"predecessor-version":[{"id":243898,"href":"https:\/\/reddeportiva.net\/principal\/index.php?rest_route=\/wp\/v2\/posts\/243896\/revisions\/243898"}],"wp:attachment":[{"href":"https:\/\/reddeportiva.net\/principal\/index.php?rest_route=%2Fwp%2Fv2%2Fmedia&parent=243896"}],"wp:term":[{"taxonomy":"category","embeddable":true,"href":"https:\/\/reddeportiva.net\/principal\/index.php?rest_route=%2Fwp%2Fv2%2Fcategories&post=243896"},{"taxonomy":"post_tag","embeddable":true,"href":"https:\/\/reddeportiva.net\/principal\/index.php?rest_route=%2Fwp%2Fv2%2Ftags&post=243896"}],"curies":[{"name":"wp","href":"https:\/\/api.w.org\/{rel}","templated":true}]}}