{"id":243884,"date":"2026-03-07T04:13:20","date_gmt":"2026-03-07T09:13:20","guid":{"rendered":"https:\/\/reddeportiva.net\/principal\/?p=243884"},"modified":"2026-03-07T04:13:22","modified_gmt":"2026-03-07T09:13:22","slug":"hoy-el-peru-mas-cerca-de-la-peruanidad-que-en-la-independencia-02928","status":"publish","type":"post","link":"https:\/\/reddeportiva.net\/principal\/?p=243884","title":{"rendered":"\u00a1Hoy, el Per\u00fa m\u00e1s cerca de la peruanidad que en la independencia! (0:29:28)"},"content":{"rendered":"\n<figure class=\"wp-block-embed is-type-video is-provider-youtube wp-block-embed-youtube wp-embed-aspect-16-9 wp-has-aspect-ratio\"><div class=\"wp-block-embed__wrapper\">\n<iframe loading=\"lazy\" title=\"\u00a1Hoy, el Per\u00fa m\u00e1s cerca de la peruanidad que en la independencia!\" width=\"625\" height=\"352\" src=\"https:\/\/www.youtube.com\/embed\/0mnSUGiEflc?feature=oembed\" frameborder=\"0\" allow=\"accelerometer; autoplay; clipboard-write; encrypted-media; gyroscope; picture-in-picture; web-share\" referrerpolicy=\"strict-origin-when-cross-origin\" allowfullscreen><\/iframe>\n<\/div><\/figure>\n\n\n\n<p>Ahora y en la Hora &#8211; MAR 06 &#8211; 1\/2 &#8211; TODO SOBRE LA CRISIS ENERG\u00c9TICA | Willax (0:46:54)<\/p>\n\n\n\n<p>\u201c<a href=\"https:\/\/www.youtube.com\/watch?v=O7J-6X5Dppg\">https:\/\/www.youtube.com\/watch?v=O7J-6X5Dppg<\/a>\u201d<\/p>\n\n\n\n<p>En Reddeportiva.net sostenemos que el Per\u00fa ha sido gobernado en los \u00faltimos 25 a\u00f1os, salvo el periodo del gobierno de Alan Garc\u00eda en que solo avanz\u00f3 en los mandos medios, por una alianza de intereses conformada por la extrema derecha con la extrema izquierda.&nbsp; Ahora, con los cambios en el orden mundial, se ha producido un retroceso tanto del \u201cwokismo\u201d, al que podemos identificar con nuestro movimiento caviar, como del Foro de Sao Paulo (Brasil, M\u00e9xico, Cuba, Venezuela, entre otros pa\u00edses menos comprometidos), al que podemos relacionar con la gran mayor\u00eda de los gobiernos desde el de Alejandro Toledo, con su ministro Pedro Pablo Kuczynski, hasta el de Pedro Castillo y sus sucesores dentro de su quinquenio.&nbsp; Esta alianza es la que puso en marcha el ataque que sufre nuestra sociedad y su escala de valores, debi\u00e9ndosele responsabilizar tanto del sicariato, que est\u00e1 afectando nuestra movilidad social, como de la idea de que llegar al gobierno es como alcanzar un bot\u00edn y su respectiva repartija, dejando de lado el bien com\u00fan.&nbsp; La opacidad en el tema del gas de Camisea ha sido evidente desde la justificaci\u00f3n de la Planta de Melchorita la cual se argument\u00f3 con mucha desinformaci\u00f3n, la comercializaci\u00f3n del gas en el exterior a precios forzados, el paralizado gasoducto sur-peruano y hasta la puesta en explotaci\u00f3n de los lotes gas\u00edferos adjuntos al del Estado Peruano.&nbsp; Est\u00e1 claro que, desde que sali\u00f3 a la luz el caso \u201cLava Jato\u201d, el activismo de los intereses creados, con la ayuda de los medios period\u00edsticos denominados grandes, ha mantenido oculto este tema y fuera de la visi\u00f3n de la opini\u00f3n p\u00fablica (M\u00e1s informaci\u00f3n en: \u201c<a href=\"https:\/\/reddeportiva.net\/principal\/?cat=1428\">https:\/\/reddeportiva.net\/principal\/?cat=1428<\/a>\u201d). &nbsp;A esta situaci\u00f3n de desinter\u00e9s por el bien com\u00fan debemos asimilar el retroceso en algunos principios de regulaci\u00f3n del mercado, como la segmentaci\u00f3n del Sistema El\u00e9ctrico Nacional aprobada durante el gobierno de Alberto Fujimori.&nbsp; Esperamos que la confrontaci\u00f3n propia del presente proceso electoral contribuya a saber qui\u00e9n es qui\u00e9n en este tema.<\/p>\n\n\n\n<p>Explosi\u00f3n en Camisea: \u00bfSubir\u00e1 la luz y qu\u00e9 pas\u00f3 con el gas en Per\u00fa? #LasCosasRPP (0:18:02)<\/p>\n\n\n\n<p>\u201c<a href=\"https:\/\/www.youtube.com\/watch?v=_CCaDyZnQig\">https:\/\/www.youtube.com\/watch?v=_CCaDyZnQig<\/a>\u201d<\/p>\n\n\n\n<p>PBO EN VIVO (Rey con Barba \u2013 6\/03\/2026) (1:28:52)<\/p>\n\n\n\n<p>\u201c<a href=\"https:\/\/www.youtube.com\/watch?v=ysrCVt6Zzzw\">https:\/\/www.youtube.com\/watch?v=ysrCVt6Zzzw<\/a>\u201d<\/p>\n\n\n\n<p>Excomando CHAV\u00cdN DE HU\u00c1NTAR condenado a 20 A\u00d1OS DE PRISI\u00d3N sin pruebas directas. (0:25:00)<\/p>\n\n\n\n<p>\u201c<a href=\"https:\/\/www.youtube.com\/watch?v=012dtoi01PY\">https:\/\/www.youtube.com\/watch?v=012dtoi01PY<\/a>\u201d<\/p>\n\n\n\n<p>La muerte de las obras Gobierno a Gobierno en el Per\u00fa (0:14:17)<\/p>\n\n\n\n<p>\u201c<a href=\"https:\/\/www.youtube.com\/watch?v=3odY_TeXjq8\">https:\/\/www.youtube.com\/watch?v=3odY_TeXjq8<\/a>\u201d<\/p>\n\n\n\n<p>\u00bfPor qu\u00e9 el Per\u00fa NO avanza en innovaci\u00f3n? | Universidad Continental en Ynnovadores (0:32:30)<\/p>\n\n\n\n<p>\u201c<a href=\"https:\/\/www.youtube.com\/watch?v=JsUqEOTZL5A\">https:\/\/www.youtube.com\/watch?v=JsUqEOTZL5A<\/a>\u201d<\/p>\n\n\n\n<p>Productores construyeron su propio telef\u00e9rico y hoy es un gran atractivo tur\u00edstico en sierra de Lima (0:06:23)<\/p>\n\n\n\n<p>\u201c<a href=\"https:\/\/www.youtube.com\/watch?v=y8GDLegK95Y\">https:\/\/www.youtube.com\/watch?v=y8GDLegK95Y<\/a>\u201d<\/p>\n\n\n\n<p>\u00bfC\u00f3mo MANIPULAN el lenguaje pol\u00edtico para dominarnos? #documental #terrorismosem\u00e1ntico #historia (0:31:46)<\/p>\n\n\n\n<p>\u201c<a href=\"https:\/\/www.youtube.com\/watch?v=Bv0fp6nibyI\">https:\/\/www.youtube.com\/watch?v=Bv0fp6nibyI<\/a>\u201d<\/p>\n","protected":false},"excerpt":{"rendered":"<p>Ahora y en la Hora &#8211; MAR 06 &#8211; 1\/2 &#8211; TODO SOBRE LA CRISIS ENERG\u00c9TICA | Willax (0:46:54) \u201chttps:\/\/www.youtube.com\/watch?v=O7J-6X5Dppg\u201d En Reddeportiva.net sostenemos que el Per\u00fa ha sido gobernado en los \u00faltimos 25 a\u00f1os, salvo el periodo del gobierno de Alan Garc\u00eda en que solo avanz\u00f3 en los mandos medios, por una alianza de intereses [&hellip;]<\/p>\n","protected":false},"author":1,"featured_media":0,"comment_status":"closed","ping_status":"closed","sticky":false,"template":"","format":"standard","meta":{"_exactmetrics_skip_tracking":false,"_exactmetrics_sitenote_active":false,"_exactmetrics_sitenote_note":"","_exactmetrics_sitenote_category":0,"ngg_post_thumbnail":0,"footnotes":""},"categories":[1278,1428,1369,1553,1295,1282,1448,1406,1226,1223,1361,36,1480,1287],"tags":[],"class_list":["post-243884","post","type-post","status-publish","format-standard","hentry","category-accion-politica-proyecciones","category-camisea","category-ciudadano","category-clientelismo","category-compromisos","category-control-proyecciones","category-corrupcion","category-demagogia","category-elecciones","category-mundo-politico","category-politico","category-reddeportiva-net","category-sentido-a-la-vida","category-transparencia"],"_links":{"self":[{"href":"https:\/\/reddeportiva.net\/principal\/index.php?rest_route=\/wp\/v2\/posts\/243884","targetHints":{"allow":["GET"]}}],"collection":[{"href":"https:\/\/reddeportiva.net\/principal\/index.php?rest_route=\/wp\/v2\/posts"}],"about":[{"href":"https:\/\/reddeportiva.net\/principal\/index.php?rest_route=\/wp\/v2\/types\/post"}],"author":[{"embeddable":true,"href":"https:\/\/reddeportiva.net\/principal\/index.php?rest_route=\/wp\/v2\/users\/1"}],"replies":[{"embeddable":true,"href":"https:\/\/reddeportiva.net\/principal\/index.php?rest_route=%2Fwp%2Fv2%2Fcomments&post=243884"}],"version-history":[{"count":2,"href":"https:\/\/reddeportiva.net\/principal\/index.php?rest_route=\/wp\/v2\/posts\/243884\/revisions"}],"predecessor-version":[{"id":243886,"href":"https:\/\/reddeportiva.net\/principal\/index.php?rest_route=\/wp\/v2\/posts\/243884\/revisions\/243886"}],"wp:attachment":[{"href":"https:\/\/reddeportiva.net\/principal\/index.php?rest_route=%2Fwp%2Fv2%2Fmedia&parent=243884"}],"wp:term":[{"taxonomy":"category","embeddable":true,"href":"https:\/\/reddeportiva.net\/principal\/index.php?rest_route=%2Fwp%2Fv2%2Fcategories&post=243884"},{"taxonomy":"post_tag","embeddable":true,"href":"https:\/\/reddeportiva.net\/principal\/index.php?rest_route=%2Fwp%2Fv2%2Ftags&post=243884"}],"curies":[{"name":"wp","href":"https:\/\/api.w.org\/{rel}","templated":true}]}}