{"id":243844,"date":"2026-03-01T03:42:31","date_gmt":"2026-03-01T08:42:31","guid":{"rendered":"https:\/\/reddeportiva.net\/principal\/?p=243844"},"modified":"2026-03-01T03:51:55","modified_gmt":"2026-03-01T08:51:55","slug":"pbo-en-vivo-conversando-con-el-peru-28-02-2026-02802","status":"publish","type":"post","link":"https:\/\/reddeportiva.net\/principal\/?p=243844","title":{"rendered":"PBO EN VIVO (Conversando con el Per\u00fa \u2013 28\/02\/2026) (0:28:02)"},"content":{"rendered":"\n<figure class=\"wp-block-embed is-type-video is-provider-youtube wp-block-embed-youtube wp-embed-aspect-16-9 wp-has-aspect-ratio\"><div class=\"wp-block-embed__wrapper\">\n<iframe loading=\"lazy\" title=\"PBO EN VIVO\" width=\"625\" height=\"352\" src=\"https:\/\/www.youtube.com\/embed\/_S09hnKI7bk?feature=oembed\" frameborder=\"0\" allow=\"accelerometer; autoplay; clipboard-write; encrypted-media; gyroscope; picture-in-picture; web-share\" referrerpolicy=\"strict-origin-when-cross-origin\" allowfullscreen><\/iframe>\n<\/div><\/figure>\n\n\n\n<p>\u00bfEste Ni\u00f1o Costero ser\u00e1 igual de fuerte que el de 2017? Mapas clave para entender el panorama (0:22:22)<\/p>\n\n\n\n<p>\u201c<a href=\"https:\/\/www.youtube.com\/watch?v=LrIw4cgras0\">https:\/\/www.youtube.com\/watch?v=LrIw4cgras0<\/a>\u201d<\/p>\n\n\n\n<p>Ruta Ortodr\u00f3mica &#8211; Una verdad Inc\u00f3moda para Per\u00fa (0:15:27)<\/p>\n\n\n\n<p>\u201c<a href=\"https:\/\/www.youtube.com\/watch?v=StumJBJZBFQ\">https:\/\/www.youtube.com\/watch?v=StumJBJZBFQ<\/a>\u201d<\/p>\n\n\n\n<p>En Reddeportiva.net hemos defendido la importancia de la ruta por el Estrecho de Magallanes para el comercio bioce\u00e1nico en el lado sur de Sudam\u00e9rica.\u00a0 Estamos adjuntando dos v\u00eddeos a este p\u00e1rrafo que traslucen los enormes intereses particulares que se est\u00e1n haciendo presentes en las decisiones del Gobierno Peruano, las cuales pueden crearnos cargas financieras innecesarias, como fueron el caso de la transoce\u00e1nica sur o el del gasoducto sur-peruano.\u00a0 Nuestra preocupaci\u00f3n est\u00e1 referida a la facilidad con que en nuestro gobierno se toman opacas decisiones contrarias al inter\u00e9s nacional.\u00a0 Al final de esta nota incluimos enlaces vinculados a estos temas.\u00a0 Respecto a los mencionados v\u00eddeos, podemos decir lo siguiente: La navegaci\u00f3n comercial por el Estrecho de Magallanes est\u00e1 asegurada por el Derecho Internacional bajo el principio de la libre navegaci\u00f3n inocente o pac\u00edfica.\u00a0 Est\u00e1 claro que un notorio incremento del tr\u00e1fico traer\u00e1 necesidades de mayor seguridad en la navegaci\u00f3n, por lo que deber\u00e1 adoptarse medidas adicionales de control del tr\u00e1nsito, propias de cualquier canal oce\u00e1nico, en especial si se produjera una evoluci\u00f3n hacia barcos de mayores dimensiones.\u00a0 Tambi\u00e9n est\u00e1 claro que ser\u00e1 muy dif\u00edcil reemplazar un puerto como el de Cor\u00edo en su funci\u00f3n de \u201chub\u201d, por sus caracter\u00edsticas de ubicaci\u00f3n y profundidad, en relaci\u00f3n con cualquier puerto del Oc\u00e9ano Pac\u00edfico ubicado al norte de la l\u00ednea ecuatorial.\u00a0 En cuanto al tren que vaya de Cerro de Pasco a Chancay, est\u00e1 claro que tendr\u00eda las caracter\u00edsticas de enclave, por lo que la inversi\u00f3n deber\u00e1 ser asumida exclusivamente por la empresa privada.<\/p>\n\n\n\n<p>DE 18 A 5 HORAS \ud83d\ude86 El tren Chancay\u2013Sierra Central que redefine la log\u00edstica del PER\u00da (0:14:30)<\/p>\n\n\n\n<p>\u201c<a href=\"https:\/\/www.youtube.com\/watch?v=HLpQUVjnr-g\">https:\/\/www.youtube.com\/watch?v=HLpQUVjnr-g<\/a>\u201d<\/p>\n\n\n\n<p>\u00a1Por fin ASFALTAN la segunda calzada! | BYPASS LAS TORRES 2026 | Autopista Ramiro Prial\u00e9 (0:11:17)<\/p>\n\n\n\n<p>\u201c<a href=\"https:\/\/www.youtube.com\/watch?v=aqO88rdlGFk\">https:\/\/www.youtube.com\/watch?v=aqO88rdlGFk<\/a>\u201d<\/p>\n\n\n\n<p>\u00bfC\u00f3mo se FABRICA el sentido com\u00fan? Kant responde: \u00abNo es com\u00fan\u00bb. #documental #filosof\u00eda #pol\u00edtica (0:31:17)<\/p>\n\n\n\n<p>\u201c<a href=\"https:\/\/www.youtube.com\/watch?v=4T4JKQ0XK98\">https:\/\/www.youtube.com\/watch?v=4T4JKQ0XK98<\/a>\u201d<\/p>\n\n\n\n<p>Notas relacionadas con el Estrecho de Magallanes y el ferrocarril bioce\u00e1nico:<\/p>\n\n\n\n<p>\u201c<a href=\"https:\/\/reddeportiva.net\/principal\/?p=242699\">https:\/\/reddeportiva.net\/principal\/?p=242699<\/a>\u201d<\/p>\n\n\n\n<p>\u201c<a href=\"https:\/\/reddeportiva.net\/principal\/?p=242749\">https:\/\/reddeportiva.net\/principal\/?p=242749<\/a>\u201d<\/p>\n\n\n\n<p>\u201c<a href=\"https:\/\/reddeportiva.net\/principal\/?p=242852\">https:\/\/reddeportiva.net\/principal\/?p=242852<\/a>\u201d<\/p>\n\n\n\n<p>\u201c<a href=\"https:\/\/reddeportiva.net\/principal\/?p=242880\">https:\/\/reddeportiva.net\/principal\/?p=242880<\/a>\u201d<\/p>\n\n\n\n<p>\u201c<a href=\"https:\/\/reddeportiva.net\/principal\/?p=242988\">https:\/\/reddeportiva.net\/principal\/?p=242988<\/a>\u201d<\/p>\n\n\n\n<p>\u201c<a href=\"https:\/\/reddeportiva.net\/principal\/?p=243076\">https:\/\/reddeportiva.net\/principal\/?p=243076<\/a>\u201d<\/p>\n\n\n\n<p>\u201c<a href=\"https:\/\/reddeportiva.net\/principal\/?p=243088\">https:\/\/reddeportiva.net\/principal\/?p=243088<\/a>\u201d<\/p>\n","protected":false},"excerpt":{"rendered":"<p>\u00bfEste Ni\u00f1o Costero ser\u00e1 igual de fuerte que el de 2017? Mapas clave para entender el panorama (0:22:22) \u201chttps:\/\/www.youtube.com\/watch?v=LrIw4cgras0\u201d Ruta Ortodr\u00f3mica &#8211; Una verdad Inc\u00f3moda para Per\u00fa (0:15:27) \u201chttps:\/\/www.youtube.com\/watch?v=StumJBJZBFQ\u201d En Reddeportiva.net hemos defendido la importancia de la ruta por el Estrecho de Magallanes para el comercio bioce\u00e1nico en el lado sur de Sudam\u00e9rica.\u00a0 Estamos adjuntando [&hellip;]<\/p>\n","protected":false},"author":1,"featured_media":0,"comment_status":"closed","ping_status":"closed","sticky":false,"template":"","format":"standard","meta":{"_exactmetrics_skip_tracking":false,"_exactmetrics_sitenote_active":false,"_exactmetrics_sitenote_note":"","_exactmetrics_sitenote_category":0,"ngg_post_thumbnail":0,"footnotes":""},"categories":[1326,1261,1297,1223,871,36,1480,1336],"tags":[],"class_list":["post-243844","post","type-post","status-publish","format-standard","hentry","category-desarrollo","category-emergencias-ambiente","category-infraestructura-transporte-proyecciones","category-mundo-politico","category-proyecciones-rutas-de-comercio","category-reddeportiva-net","category-sentido-a-la-vida","category-transporte"],"_links":{"self":[{"href":"https:\/\/reddeportiva.net\/principal\/index.php?rest_route=\/wp\/v2\/posts\/243844","targetHints":{"allow":["GET"]}}],"collection":[{"href":"https:\/\/reddeportiva.net\/principal\/index.php?rest_route=\/wp\/v2\/posts"}],"about":[{"href":"https:\/\/reddeportiva.net\/principal\/index.php?rest_route=\/wp\/v2\/types\/post"}],"author":[{"embeddable":true,"href":"https:\/\/reddeportiva.net\/principal\/index.php?rest_route=\/wp\/v2\/users\/1"}],"replies":[{"embeddable":true,"href":"https:\/\/reddeportiva.net\/principal\/index.php?rest_route=%2Fwp%2Fv2%2Fcomments&post=243844"}],"version-history":[{"count":2,"href":"https:\/\/reddeportiva.net\/principal\/index.php?rest_route=\/wp\/v2\/posts\/243844\/revisions"}],"predecessor-version":[{"id":243846,"href":"https:\/\/reddeportiva.net\/principal\/index.php?rest_route=\/wp\/v2\/posts\/243844\/revisions\/243846"}],"wp:attachment":[{"href":"https:\/\/reddeportiva.net\/principal\/index.php?rest_route=%2Fwp%2Fv2%2Fmedia&parent=243844"}],"wp:term":[{"taxonomy":"category","embeddable":true,"href":"https:\/\/reddeportiva.net\/principal\/index.php?rest_route=%2Fwp%2Fv2%2Fcategories&post=243844"},{"taxonomy":"post_tag","embeddable":true,"href":"https:\/\/reddeportiva.net\/principal\/index.php?rest_route=%2Fwp%2Fv2%2Ftags&post=243844"}],"curies":[{"name":"wp","href":"https:\/\/api.w.org\/{rel}","templated":true}]}}