{"id":243839,"date":"2026-02-28T04:38:25","date_gmt":"2026-02-28T09:38:25","guid":{"rendered":"https:\/\/reddeportiva.net\/principal\/?p=243839"},"modified":"2026-02-28T04:53:30","modified_gmt":"2026-02-28T09:53:30","slug":"ahora-y-en-la-hora-feb-27-1-2-como-va-la-carrera-al-senado-willax-04925","status":"publish","type":"post","link":"https:\/\/reddeportiva.net\/principal\/?p=243839","title":{"rendered":"Ahora y en la Hora &#8211; FEB 27 &#8211; 1\/2 &#8211; \u00bfC\u00d3MO VA LA CARRERA AL SENADO? | Willax (0:49:25)"},"content":{"rendered":"\n<figure class=\"wp-block-embed is-type-video is-provider-youtube wp-block-embed-youtube wp-embed-aspect-16-9 wp-has-aspect-ratio\"><div class=\"wp-block-embed__wrapper\">\n<iframe loading=\"lazy\" title=\"Ahora y en la Hora - FEB 27 - 1\/2 - \u00bfC\u00d3MO VA LA CARRERA AL SENADO? | Willax\" width=\"625\" height=\"352\" src=\"https:\/\/www.youtube.com\/embed\/0rqnTrZhW6c?feature=oembed\" frameborder=\"0\" allow=\"accelerometer; autoplay; clipboard-write; encrypted-media; gyroscope; picture-in-picture; web-share\" referrerpolicy=\"strict-origin-when-cross-origin\" allowfullscreen><\/iframe>\n<\/div><\/figure>\n\n\n\n<p>#EnVivo L\u00f3pez Chau: Caretas revela que candidato solicit\u00f3 residencia en M\u00e9xico y luego sufri\u00f3 hackeo (1:45:06)<\/p>\n\n\n\n<p>\u201c<a href=\"https:\/\/www.youtube.com\/watch?v=kjBOSTS4rXA\">https:\/\/www.youtube.com\/watch?v=kjBOSTS4rXA<\/a>\u201d<\/p>\n\n\n\n<p>TC declara constitucional la Ley Soto: delitos prescribir\u00e1n en menor plazo #LASCOSASRPP (0:21:41)<\/p>\n\n\n\n<p>\u201c<a href=\"https:\/\/www.youtube.com\/watch?v=5X_rqucU3Gw\">https:\/\/www.youtube.com\/watch?v=5X_rqucU3Gw<\/a>\u201d<\/p>\n\n\n\n<p>\ud83c\udfe6\ud83d\udcb5 \u00bfQu\u00e9 es el Sistema de Finanzas Abiertas de la SBS y c\u00f3mo cambiar\u00e1 la banca en Per\u00fa? #ADNRPP (0:17:54)<\/p>\n\n\n\n<p>\u201c<a href=\"https:\/\/www.youtube.com\/watch?v=pc2pk6clvfk\">https:\/\/www.youtube.com\/watch?v=pc2pk6clvfk<\/a>\u201d<\/p>\n\n\n\n<p>Per\u00fa, \u00a1Al primer mundo! (0:36:29)<\/p>\n\n\n\n<p>\u201c<a href=\"https:\/\/www.youtube.com\/watch?v=s7f_580vxuo\">https:\/\/www.youtube.com\/watch?v=s7f_580vxuo<\/a>\u201d<\/p>\n\n\n\n<p>\u00bfQu\u00e9 estudian los hijos de los due\u00f1os de la IA? El sorprendente giro que nadie esperaba: LETRAS (0:11:25)<\/p>\n\n\n\n<p>\u201c<a href=\"https:\/\/www.youtube.com\/watch?v=s-mefN0turA\">https:\/\/www.youtube.com\/watch?v=s-mefN0turA<\/a>\u201d<\/p>\n\n\n\n<p>En Reddeportiva.net queremos hacer una reinterpretaci\u00f3n de lo informado en el v\u00eddeo anterior para la coyuntura electoral que actualmente vive el Per\u00fa.&nbsp; La propuesta para que los beneficiarios por herencia de la IA se dediquen a los estudios humanitarios, nos hace pensar en la importancia de que la clase pol\u00edtica peruana tome conciencia de que quienes tienen abierta la posibilidad de disfrutar del poder, piensen que llegar al gobierno no es tener acceso a un bot\u00edn y a la repartija de d\u00e1divas y beneficios; sino por lo contrario, al honor y la oportunidad de servir a la sociedad; y con mayor raz\u00f3n, si se trata de la Presidencia de la Rep\u00fablica a quien corresponde asumir el rol de \u201cprimer servidor\u201d de la Rep\u00fablica.<\/p>\n\n\n\n<p>\u00a1ROMPIENDO MITOS! Marcelo Gullo revela lo que verdaderamente pas\u00f3 en la conquista espa\u00f1ola (1:02:13)<\/p>\n\n\n\n<p>\u201c<a href=\"https:\/\/www.youtube.com\/watch?v=QctjRZ19EoQ\">https:\/\/www.youtube.com\/watch?v=QctjRZ19EoQ<\/a>\u201d<\/p>\n\n\n\n<p>Por qu\u00e9 fracasa el 90% de los emprendimientos en Am\u00e9rica Latina (0:26:00)<\/p>\n\n\n\n<p>\u201c<a href=\"https:\/\/www.youtube.com\/watch?v=kmagW8M-1h8\">https:\/\/www.youtube.com\/watch?v=kmagW8M-1h8<\/a>\u201d<\/p>\n\n\n\n<p>ROUSSEAU | \u00bfSufr\u00eda delirios cr\u00f3nicos y paranoia? #documental #rousseau (0:57:55)<\/p>\n\n\n\n<p>\u201c<a href=\"https:\/\/www.youtube.com\/watch?v=tH2iTGNltc8\">https:\/\/www.youtube.com\/watch?v=tH2iTGNltc8<\/a>\u201d <\/p>\n","protected":false},"excerpt":{"rendered":"<p>#EnVivo L\u00f3pez Chau: Caretas revela que candidato solicit\u00f3 residencia en M\u00e9xico y luego sufri\u00f3 hackeo (1:45:06) \u201chttps:\/\/www.youtube.com\/watch?v=kjBOSTS4rXA\u201d TC declara constitucional la Ley Soto: delitos prescribir\u00e1n en menor plazo #LASCOSASRPP (0:21:41) \u201chttps:\/\/www.youtube.com\/watch?v=5X_rqucU3Gw\u201d \ud83c\udfe6\ud83d\udcb5 \u00bfQu\u00e9 es el Sistema de Finanzas Abiertas de la SBS y c\u00f3mo cambiar\u00e1 la banca en Per\u00fa? #ADNRPP (0:17:54) \u201chttps:\/\/www.youtube.com\/watch?v=pc2pk6clvfk\u201d Per\u00fa, \u00a1Al primer [&hellip;]<\/p>\n","protected":false},"author":1,"featured_media":0,"comment_status":"closed","ping_status":"closed","sticky":false,"template":"","format":"standard","meta":{"_exactmetrics_skip_tracking":false,"_exactmetrics_sitenote_active":false,"_exactmetrics_sitenote_note":"","_exactmetrics_sitenote_category":0,"ngg_post_thumbnail":0,"footnotes":""},"categories":[1407,1399,1295,1282,1388,1376,22,1226,1307,1241,1370,1243,1223,1361,1349,36,1252,1274,1506,1480,1495,1224,1287],"tags":[],"class_list":["post-243839","post","type-post","status-publish","format-standard","hentry","category-acuerdo-digital-proyeccion","category-biologia-proyeccion","category-compromisos","category-control-proyecciones","category-debido-proceso","category-democracia","category-educacion-proyecciones","category-elecciones","category-estado-de-derecho","category-gobernanza","category-humanismo","category-institucionalidad","category-mundo-politico","category-politico","category-primacia-de-la-realidad","category-reddeportiva-net","category-respeto","category-responsabilidad","category-seguridad-nacional","category-sentido-a-la-vida","category-sentido-comun","category-solidaridad","category-transparencia"],"_links":{"self":[{"href":"https:\/\/reddeportiva.net\/principal\/index.php?rest_route=\/wp\/v2\/posts\/243839","targetHints":{"allow":["GET"]}}],"collection":[{"href":"https:\/\/reddeportiva.net\/principal\/index.php?rest_route=\/wp\/v2\/posts"}],"about":[{"href":"https:\/\/reddeportiva.net\/principal\/index.php?rest_route=\/wp\/v2\/types\/post"}],"author":[{"embeddable":true,"href":"https:\/\/reddeportiva.net\/principal\/index.php?rest_route=\/wp\/v2\/users\/1"}],"replies":[{"embeddable":true,"href":"https:\/\/reddeportiva.net\/principal\/index.php?rest_route=%2Fwp%2Fv2%2Fcomments&post=243839"}],"version-history":[{"count":2,"href":"https:\/\/reddeportiva.net\/principal\/index.php?rest_route=\/wp\/v2\/posts\/243839\/revisions"}],"predecessor-version":[{"id":243841,"href":"https:\/\/reddeportiva.net\/principal\/index.php?rest_route=\/wp\/v2\/posts\/243839\/revisions\/243841"}],"wp:attachment":[{"href":"https:\/\/reddeportiva.net\/principal\/index.php?rest_route=%2Fwp%2Fv2%2Fmedia&parent=243839"}],"wp:term":[{"taxonomy":"category","embeddable":true,"href":"https:\/\/reddeportiva.net\/principal\/index.php?rest_route=%2Fwp%2Fv2%2Fcategories&post=243839"},{"taxonomy":"post_tag","embeddable":true,"href":"https:\/\/reddeportiva.net\/principal\/index.php?rest_route=%2Fwp%2Fv2%2Ftags&post=243839"}],"curies":[{"name":"wp","href":"https:\/\/api.w.org\/{rel}","templated":true}]}}