{"id":243833,"date":"2026-02-27T03:25:42","date_gmt":"2026-02-27T08:25:42","guid":{"rendered":"https:\/\/reddeportiva.net\/principal\/?p=243833"},"modified":"2026-02-27T03:25:46","modified_gmt":"2026-02-27T08:25:46","slug":"ahora-y-en-la-hora-feb-26-1-2-como-se-movio-la-intencion-de-voto-presidencial-willax-03701","status":"publish","type":"post","link":"https:\/\/reddeportiva.net\/principal\/?p=243833","title":{"rendered":"Ahora y en la Hora &#8211; FEB 26 &#8211; 1\/2 &#8211; \u00bfC\u00d3MO SE MOVI\u00d3 LA INTENCI\u00d3N DE VOTO PRESIDENCIAL? | Willax (0:37:01)"},"content":{"rendered":"\n<figure class=\"wp-block-embed is-type-video is-provider-youtube wp-block-embed-youtube wp-embed-aspect-16-9 wp-has-aspect-ratio\"><div class=\"wp-block-embed__wrapper\">\n<iframe loading=\"lazy\" title=\"Ahora y en la Hora - FEB 26 - 1\/2 - \u00bfC\u00d3MO SE MOVI\u00d3 LA INTENCI\u00d3N DE VOTO PRESIDENCIAL? | Willax\" width=\"625\" height=\"352\" src=\"https:\/\/www.youtube.com\/embed\/A3QtJ1rKIFM?feature=oembed\" frameborder=\"0\" allow=\"accelerometer; autoplay; clipboard-write; encrypted-media; gyroscope; picture-in-picture; web-share\" referrerpolicy=\"strict-origin-when-cross-origin\" allowfullscreen><\/iframe>\n<\/div><\/figure>\n\n\n\n<p>Jaime De Althaus: \u2018Se mantienen ministros del pacto que llev\u00f3 a Jos\u00e9 Balc\u00e1zar\u2019 (0:16:04)<\/p>\n\n\n\n<p>\u201c<a href=\"https:\/\/www.youtube.com\/watch?v=VPHuY15h8dc\">https:\/\/www.youtube.com\/watch?v=VPHuY15h8dc<\/a>\u201d<\/p>\n\n\n\n<p>\u00bfC\u00f3mo llegamos a la crisis pol\u00edtica que vive el Per\u00fa? (0:42:05)<\/p>\n\n\n\n<p>\u201c<a href=\"https:\/\/www.youtube.com\/watch?v=tmZI0IfPGTY\">https:\/\/www.youtube.com\/watch?v=tmZI0IfPGTY<\/a>\u201d<\/p>\n\n\n\n<p>En Reddeportiva.net sostenemos que la sociedad peruana est\u00e1 bajo ataque de una alianza de la extrema derecha con la extrema izquierda que se ponen de acuerdo en destruir el centro pol\u00edtico.&nbsp; Dicha alianza ha sido muy efectiva haci\u00e9ndonos caer en una grave crisis moral que no es reconocida por gran parte de la clase pol\u00edtica nacional, benefici\u00e1ndose del juego de dichos extremos, a cambio de ingresos extraordinarios que reciben como consecuencia de su relaci\u00f3n con el Estado Peruano.&nbsp; Lo que en apariencia son cambios de gobierno en los \u00faltimos 25 a\u00f1os, salvando los resultados conseguidos por el gobierno de Alan Garc\u00eda, no es m\u00e1s que un cambio de autoridades en que quienes tienen la sart\u00e9n por el mango no solo conservan sus privilegios, sino que tambi\u00e9n mantienen el caos social.&nbsp; La extrema derecha: haciendo negocios en que su ganancia se deriva de los contratos que firma el Estado con empresarios que pactan arreglos bajo la mesa poco transparentes, como los miembros del club de la construcci\u00f3n entre otros grupos mafiosos, por el solo m\u00e9rito de haberlos hecho posible gracias a sus influencias y relaciones.&nbsp; La extrema izquierda: enriqueci\u00e9ndose con financiamientos ilegales, tanto de fuentes nacionales como de fuentes extranjeras, en que el objetivo buscado es el de incrementar las contradicciones internas manteniendo a las clases menos favorecidas en la pobreza y la frustraci\u00f3n.&nbsp; Como quiera que dicha alianza ha sufrido fuertes reveses, tanto en la opini\u00f3n p\u00fablica nacional como en la coyuntura internacional, se est\u00e1n produciendo cambios por los que nuevos actores aparecen como figuras dominantes, ocultando el hecho que es la extrema derecha la que les va a permitir realizar jugosos contratos y la extrema izquierda la que les va a permitir gozar de una importante paz social y laboral.&nbsp;<\/p>\n\n\n\n<p>El proceso social descrito en el p\u00e1rrafo anterior debe ser asumido por candidatos y electores con el fin asegurar resultados transparentes y justificados, orientados al bien com\u00fan y la reconciliaci\u00f3n en los pr\u00f3ximos procesos electorales, as\u00ed como alejarse de los razonamientos anecd\u00f3ticos, circunstanciales y de corto plazo, que normalmente caen en efectismo y mucho se parecen a la demagogia y a las listas de lavander\u00eda que solo consiguen la continuidad del r\u00e9gimen pol\u00edtico autoritario que todo ofrece y nada cumple que ha predominado en los \u00faltimos a\u00f1os; para que nada cambie.<\/p>\n\n\n\n<p>Fuerza Popular a\u00fan no define su voto de confianza al gabinete #LASCOSASRPP | ENTREVISTA (0:15:54)<\/p>\n\n\n\n<p>\u201c<a href=\"https:\/\/www.youtube.com\/watch?v=ps3xotTQGYo\">https:\/\/www.youtube.com\/watch?v=ps3xotTQGYo<\/a>\u201d<\/p>\n\n\n\n<p>Contra Corriente &#8211; FEB 25 &#8211; ENTREVISTA COMPLETA A KATHERINE AMPUERO | Willax<\/p>\n\n\n\n<p>\u201c<a href=\"https:\/\/www.youtube.com\/watch?v=sB3bRC5wrDY\">https:\/\/www.youtube.com\/watch?v=sB3bRC5wrDY<\/a>\u201d<\/p>\n\n\n\n<p>\u00bfC\u00f3mo MANIPULARON el lenguaje pol\u00edtico en la Era de la Raz\u00f3n? #documental #ilustracion (0:54:00) <\/p>\n\n\n\n<p>\u201c<a href=\"https:\/\/www.youtube.com\/watch?v=PfM2IWR6znQ\">https:\/\/www.youtube.com\/watch?v=PfM2IWR6znQ<\/a>\u201d <\/p>\n","protected":false},"excerpt":{"rendered":"<p>Jaime De Althaus: \u2018Se mantienen ministros del pacto que llev\u00f3 a Jos\u00e9 Balc\u00e1zar\u2019 (0:16:04) \u201chttps:\/\/www.youtube.com\/watch?v=VPHuY15h8dc\u201d \u00bfC\u00f3mo llegamos a la crisis pol\u00edtica que vive el Per\u00fa? (0:42:05) \u201chttps:\/\/www.youtube.com\/watch?v=tmZI0IfPGTY\u201d En Reddeportiva.net sostenemos que la sociedad peruana est\u00e1 bajo ataque de una alianza de la extrema derecha con la extrema izquierda que se ponen de acuerdo en destruir [&hellip;]<\/p>\n","protected":false},"author":1,"featured_media":0,"comment_status":"closed","ping_status":"closed","sticky":false,"template":"","format":"standard","meta":{"_exactmetrics_skip_tracking":false,"_exactmetrics_sitenote_active":false,"_exactmetrics_sitenote_note":"","_exactmetrics_sitenote_category":0,"ngg_post_thumbnail":0,"footnotes":""},"categories":[1407,1399,1239,1369,1295,1282,1388,1376,22,1226,1307,1241,1370,1243,1286,1237,1223,1361,1349,1350,1283,36,1252,1274,1506,1480,1495,1224,1287],"tags":[],"class_list":["post-243833","post","type-post","status-publish","format-standard","hentry","category-acuerdo-digital-proyeccion","category-biologia-proyeccion","category-cambio-social","category-ciudadano","category-compromisos","category-control-proyecciones","category-debido-proceso","category-democracia","category-educacion-proyecciones","category-elecciones","category-estado-de-derecho","category-gobernanza","category-humanismo","category-institucionalidad","category-integridad","category-libertades","category-mundo-politico","category-politico","category-primacia-de-la-realidad","category-prioridades","category-productividad","category-reddeportiva-net","category-respeto","category-responsabilidad","category-seguridad-nacional","category-sentido-a-la-vida","category-sentido-comun","category-solidaridad","category-transparencia"],"_links":{"self":[{"href":"https:\/\/reddeportiva.net\/principal\/index.php?rest_route=\/wp\/v2\/posts\/243833","targetHints":{"allow":["GET"]}}],"collection":[{"href":"https:\/\/reddeportiva.net\/principal\/index.php?rest_route=\/wp\/v2\/posts"}],"about":[{"href":"https:\/\/reddeportiva.net\/principal\/index.php?rest_route=\/wp\/v2\/types\/post"}],"author":[{"embeddable":true,"href":"https:\/\/reddeportiva.net\/principal\/index.php?rest_route=\/wp\/v2\/users\/1"}],"replies":[{"embeddable":true,"href":"https:\/\/reddeportiva.net\/principal\/index.php?rest_route=%2Fwp%2Fv2%2Fcomments&post=243833"}],"version-history":[{"count":2,"href":"https:\/\/reddeportiva.net\/principal\/index.php?rest_route=\/wp\/v2\/posts\/243833\/revisions"}],"predecessor-version":[{"id":243835,"href":"https:\/\/reddeportiva.net\/principal\/index.php?rest_route=\/wp\/v2\/posts\/243833\/revisions\/243835"}],"wp:attachment":[{"href":"https:\/\/reddeportiva.net\/principal\/index.php?rest_route=%2Fwp%2Fv2%2Fmedia&parent=243833"}],"wp:term":[{"taxonomy":"category","embeddable":true,"href":"https:\/\/reddeportiva.net\/principal\/index.php?rest_route=%2Fwp%2Fv2%2Fcategories&post=243833"},{"taxonomy":"post_tag","embeddable":true,"href":"https:\/\/reddeportiva.net\/principal\/index.php?rest_route=%2Fwp%2Fv2%2Ftags&post=243833"}],"curies":[{"name":"wp","href":"https:\/\/api.w.org\/{rel}","templated":true}]}}