{"id":243416,"date":"2025-12-23T06:21:37","date_gmt":"2025-12-23T11:21:37","guid":{"rendered":"https:\/\/reddeportiva.net\/principal\/?p=243416"},"modified":"2025-12-23T06:21:40","modified_gmt":"2025-12-23T11:21:40","slug":"aristegui-el-error-de-europa-ha-sido-creer-que-la-guerra-no-volveria-y-ahora-dependemos-de-otros","status":"publish","type":"post","link":"https:\/\/reddeportiva.net\/principal\/?p=243416","title":{"rendered":"AR\u00cdSTEGUI: \u201cEl error de Europa ha sido creer que la guerra no volver\u00eda, y ahora dependemos de otros\u00bb"},"content":{"rendered":"\n<figure class=\"wp-block-embed is-type-video is-provider-youtube wp-block-embed-youtube wp-embed-aspect-16-9 wp-has-aspect-ratio\"><div class=\"wp-block-embed__wrapper\">\n<iframe loading=\"lazy\" title=\"AR\u00cdSTEGUI: \u201cEl error de Europa ha sido creer que la guerra no volver\u00eda, y ahora dependemos de otros&quot;\" width=\"625\" height=\"352\" src=\"https:\/\/www.youtube.com\/embed\/Hi8BvJukpmk?feature=oembed\" frameborder=\"0\" allow=\"accelerometer; autoplay; clipboard-write; encrypted-media; gyroscope; picture-in-picture; web-share\" referrerpolicy=\"strict-origin-when-cross-origin\" allowfullscreen><\/iframe>\n<\/div><\/figure>\n\n\n\n<p><strong>NOTICIAS: Trump estrecha el cerco a Maduro con el petr\u00f3leo, Zelensky al l\u00edmite y tensi\u00f3n en la Fed (0:29:54)<\/strong><\/p>\n\n\n\n<p>\u201c<a href=\"https:\/\/www.youtube.com\/watch?v=S5Up4nxFXfg\">https:\/\/www.youtube.com\/watch?v=S5Up4nxFXfg<\/a>\u201d<\/p>\n\n\n\n<p><strong>\ud83d\udd34<\/strong><strong> EL CUENTO CAVIAR DEL \u00abPACTO MAFIOSO\u00bb Y \u00abLEYES PROCRIMEN\u00bb | INVITADO: JAIME DE ALTHAUS (0:31:17)<\/strong><\/p>\n\n\n\n<p>\u201c<a href=\"https:\/\/www.youtube.com\/watch?v=37Fa0GcyI7U\">https:\/\/www.youtube.com\/watch?v=37Fa0GcyI7U<\/a>\u201d<\/p>\n\n\n\n<p><strong>MEF definir\u00e1 qu\u00e9 leyes demandar\u00e1 ante el TC por afectar las finanzas p\u00fablicas #ADNRPP | ENTREVISTA (0:24:13)<\/strong><\/p>\n\n\n\n<p>\u201c<a href=\"https:\/\/www.youtube.com\/watch?v=A0D7eKY3-mA\">https:\/\/www.youtube.com\/watch?v=A0D7eKY3-mA<\/a>\u201d<\/p>\n\n\n\n<p><strong>TC: Luz Pacheco LAMENTA uso INDEBIDO de fallo que permiti\u00f3 iniciativa de gasto al Congreso #PDFRPP (0:24:00)<\/strong><\/p>\n\n\n\n<p>\u201c<a href=\"https:\/\/www.youtube.com\/watch?v=8nNOiatoWOQ\">https:\/\/www.youtube.com\/watch?v=8nNOiatoWOQ<\/a>\u201d<\/p>\n\n\n\n<p><strong>MAGISTRADO DEL TC SOBRE EL FISCAL PEREZ: NO PUDO SUSTENTAR NI ARGUMENTAR SU ACUSACION | CASO KEIKO (0:17:53)<\/strong><\/p>\n\n\n\n<p>\u201c<a href=\"https:\/\/www.youtube.com\/watch?v=jdNGvdgVKIk\">https:\/\/www.youtube.com\/watch?v=jdNGvdgVKIk<\/a>\u201d<\/p>\n\n\n\n<p><strong>FISCAL DE LA NACI\u00d3N SUSPENDIDA DENUNCIA PLAN CERCO Y LAMENTA SILENCIO DE JANET TELLO ANTE ARREMETIDA (0:25:06)<\/strong><\/p>\n\n\n\n<p>\u201c<a href=\"https:\/\/www.youtube.com\/watch?v=Y-6Dp3yrA9Q\">https:\/\/www.youtube.com\/watch?v=Y-6Dp3yrA9Q<\/a>\u201d<\/p>\n\n\n\n<p><strong>FISCAL PEREZ HABLA TRAS ANUNCIADA DESACTIVACION DE EQUIPOS ESPECIALES POR PARTE DE TOMAS GALVEZ F.N (0:24:28)<\/strong><\/p>\n\n\n\n<p>\u201c<a href=\"https:\/\/www.youtube.com\/watch?v=TabUWCGJGM4\">https:\/\/www.youtube.com\/watch?v=TabUWCGJGM4<\/a>\u201d<\/p>\n\n\n\n<p><strong>FISCAL TOMAS GALVEZ RESPONDE A FISCALES ESPINOZA, PEREZ Y VELA | DESACTIVACION DE EQUIPOS ESPECIALES (0:15:07)<\/strong><\/p>\n\n\n\n<p>\u201c<a href=\"https:\/\/www.youtube.com\/watch?v=3vCikKvdAFk\">https:\/\/www.youtube.com\/watch?v=3vCikKvdAFk<\/a>\u201d<\/p>\n\n\n\n<p><strong>Contra Corriente &#8211; DIC 22 &#8211; ENTREVISTA COMPLETA A JAIME VILLANUEVA | Willax (0:17:14)<\/strong><\/p>\n\n\n\n<p>\u201c<a href=\"https:\/\/www.youtube.com\/watch?v=N1YI3YRyyWE\">https:\/\/www.youtube.com\/watch?v=N1YI3YRyyWE<\/a>\u201d<\/p>\n\n\n\n<p><strong>PER\u00da ES LA CLAVE: Inversi\u00f3n minera acumulada alcanz\u00f3 los US$ 4.482 millones (0:10:33)<\/strong><\/p>\n\n\n\n<p>\u201c<a href=\"https:\/\/www.youtube.com\/watch?v=G_GtWhf-BT8\">https:\/\/www.youtube.com\/watch?v=G_GtWhf-BT8<\/a>\u201d<\/p>\n\n\n\n<p><strong>\ud83d\udd34<\/strong><strong> (#EnVivo) ProActivo TV \u2013 DP World Callao moviliza 2 millones de TEUS (0:32:39)<\/strong><\/p>\n\n\n\n<p>\u201c<a href=\"https:\/\/www.youtube.com\/watch?v=w4EBYBjmIV0\">https:\/\/www.youtube.com\/watch?v=w4EBYBjmIV0<\/a>\u201d<\/p>\n\n\n\n<p><strong>\u00bfDe qu\u00e9 se trata la operaci\u00f3n contra el narcotr\u00e1fico de EE. UU. en Ecuador? (0:08:40)<\/strong><\/p>\n\n\n\n<p>\u201c<a href=\"https:\/\/www.youtube.com\/watch?v=54uc6U4z_Bg\">https:\/\/www.youtube.com\/watch?v=54uc6U4z_Bg<\/a>\u201d<\/p>\n\n\n\n<p><strong>De Argentina a Ecuador: El despliegue internacional del presidente electo Jos\u00e9 Antonio Kast (0:26:03)<\/strong><\/p>\n\n\n\n<p>\u201c<a href=\"https:\/\/www.youtube.com\/watch?v=uNfywYB1d7s\">https:\/\/www.youtube.com\/watch?v=uNfywYB1d7s<\/a>\u201d<\/p>\n\n\n\n<p><strong>Causa y Efecto: Las lecciones de la destituci\u00f3n de Diego Simpertigue del Poder Judicial (0:12:22)<\/strong><\/p>\n\n\n\n<p>\u201c<a href=\"https:\/\/www.youtube.com\/watch?v=kbdLIsRebrw\">https:\/\/www.youtube.com\/watch?v=kbdLIsRebrw<\/a>\u201d<\/p>\n\n\n\n<p><strong>Operaci\u00f3n Apocalipsis: detienen a abogado por facilitar tel\u00e9fono a gendarme imputado (0:07:55)<\/strong><\/p>\n\n\n\n<p>\u201c<a href=\"https:\/\/www.youtube.com\/watch?v=m3K5zMXMPpQ\">https:\/\/www.youtube.com\/watch?v=m3K5zMXMPpQ<\/a>\u201d<\/p>\n\n\n\n<p><strong>Exiliados cubanos enfrentan a embajadora de Cuba en EEUU en lujoso restaurante de Tampa (0:11:56)<\/strong><\/p>\n\n\n\n<p>\u201c<a href=\"https:\/\/www.youtube.com\/watch?v=9ylTcVUVcJY\">https:\/\/www.youtube.com\/watch?v=9ylTcVUVcJY<\/a>\u201d<\/p>\n\n\n\n<p><strong>\u00abEs un periodo para que los grupos armados se fortalezcan, crezcan en armas, capacidades y hombres\u00bb (0:14:40)<\/strong><\/p>\n\n\n\n<p>\u201c<a href=\"https:\/\/www.youtube.com\/watch?v=v0kwU94oSpM\">https:\/\/www.youtube.com\/watch?v=v0kwU94oSpM<\/a>\u201d<\/p>\n\n\n\n<p><strong>Corte Constitucional, al rescate de Colombia por emergencia econ\u00f3mica del presidente Gustavo Petro (0:08:21)<\/strong><\/p>\n\n\n\n<p>\u201c<a href=\"https:\/\/www.youtube.com\/watch?v=-KXyHxHRI2A\">https:\/\/www.youtube.com\/watch?v=-KXyHxHRI2A<\/a>\u201d<\/p>\n\n\n\n<p><strong>Emergencia econ\u00f3mica: medida desesperada de Petro ante crisis de plata (0:19:57)<\/strong><\/p>\n\n\n\n<p>\u201c<a href=\"https:\/\/www.youtube.com\/watch?v=wkwDqIRWKgU\">https:\/\/www.youtube.com\/watch?v=wkwDqIRWKgU<\/a>\u201d<\/p>\n\n\n\n<p><strong>\u201cHay un presupuesto desbordado creciente\u201d: experto sobre el decreto de emergencia econ\u00f3mica de Petro (0:15:42)<\/strong><\/p>\n\n\n\n<p>\u201c<a href=\"https:\/\/www.youtube.com\/watch?v=M8Y6PdtQNtU\">https:\/\/www.youtube.com\/watch?v=M8Y6PdtQNtU<\/a>\u201d<\/p>\n\n\n\n<p><strong>Expertos cuestionan la emergencia econ\u00f3mica anunciada por el Gobierno de Colombia (0:19:53)<\/strong><\/p>\n\n\n\n<p>\u201c<a href=\"https:\/\/www.youtube.com\/watch?v=uiZrw1cS4K8\">https:\/\/www.youtube.com\/watch?v=uiZrw1cS4K8<\/a>\u201d<\/p>\n\n\n\n<p><strong>\u201cLa emergencia econ\u00f3mica ser\u00eda el mayor acto de autoritarismo del Gobierno Petro\u201d: H\u00e9ctor Riveros (0:23:32)<\/strong><\/p>\n\n\n\n<p>\u201c<a href=\"https:\/\/www.youtube.com\/watch?v=kf0_D1PsK80\">https:\/\/www.youtube.com\/watch?v=kf0_D1PsK80<\/a>\u201d<\/p>\n\n\n\n<p><strong>Trump se quedar\u00e1 con el petr\u00f3leo asegurado a Venezuela y manda mensaje a Petro (0:02:25)<\/strong><\/p>\n\n\n\n<p>\u201c<a href=\"https:\/\/www.youtube.com\/watch?v=RaI60rVnY2E\">https:\/\/www.youtube.com\/watch?v=RaI60rVnY2E<\/a>\u201d<\/p>\n\n\n\n<p><strong>Venezuela anuncia zarpe de buque de EEUU con petr\u00f3leo en medio de aumento de tensiones (0:01:49)<\/strong><\/p>\n\n\n\n<p>\u201c<a href=\"https:\/\/www.youtube.com\/watch?v=AWV4apyrmNg\">https:\/\/www.youtube.com\/watch?v=AWV4apyrmNg<\/a>\u201d<\/p>\n\n\n\n<p><strong>\u00abNo se trata de derecha o de izquierda, se trata de un pueblo sometido\u00bb: analista sobre Venezuela (0:09:45)<\/strong><\/p>\n\n\n\n<p>\u201c<a href=\"https:\/\/www.youtube.com\/watch?v=o4wFDMZjom0\">https:\/\/www.youtube.com\/watch?v=o4wFDMZjom0<\/a>\u201d<\/p>\n\n\n\n<p><strong>Incertidumbre en Washington por acciones de Estados Unidos sobre Venezuela: Esquivel (0:24:43)<\/strong><\/p>\n\n\n\n<p>\u201c<a href=\"https:\/\/www.youtube.com\/watch?v=4KR2VnGZdiQ\">https:\/\/www.youtube.com\/watch?v=4KR2VnGZdiQ<\/a>\u201d<\/p>\n\n\n\n<p><strong>Esc\u00e1ndalo de la AFA: avanza la investigaci\u00f3n contra Tapia y Toviggino (0:35:36)<\/strong><\/p>\n\n\n\n<p>\u201c<a href=\"https:\/\/www.youtube.com\/watch?v=MYoiGVacZmY\">https:\/\/www.youtube.com\/watch?v=MYoiGVacZmY<\/a>\u201d<\/p>\n\n\n\n<p><strong>Trazos principales de un nuevo mapa de poder: el editorial de Carlos Pagni en Odisea Argentina (0:43:24)<\/strong><\/p>\n\n\n\n<p>\u201c<a href=\"https:\/\/www.youtube.com\/watch?v=0_RZ3aJcOsE\">https:\/\/www.youtube.com\/watch?v=0_RZ3aJcOsE<\/a>\u201d<\/p>\n\n\n\n<p><strong>\ud83d\udcb0<\/strong><strong> Javier Milei recorta 38 mil millones de d\u00f3lares en gasto p\u00fablico en dos a\u00f1os en Argentina | DNews (0:08:30)<\/strong><\/p>\n\n\n\n<p>\u201c<a href=\"https:\/\/www.youtube.com\/watch?v=2Pa1_ArP1L4\">https:\/\/www.youtube.com\/watch?v=2Pa1_ArP1L4<\/a>\u201d<\/p>\n\n\n\n<p><strong>As\u00ed cambi\u00f3 Argentina tras dos a\u00f1os de Milei (0:12:05)<\/strong><\/p>\n\n\n\n<p>\u201c<a href=\"https:\/\/www.youtube.com\/watch?v=ry10OBxKq_o\">https:\/\/www.youtube.com\/watch?v=ry10OBxKq_o<\/a>\u201d<\/p>\n\n\n\n<p><strong>Culiac\u00e1n Bajo Fuego: C\u00e1rteles se enfrentan y dejan bloqueos y ejecuciones &#8211; En Punto (0:01:42)<\/strong><\/p>\n\n\n\n<p>\u201c<a href=\"https:\/\/www.youtube.com\/watch?v=Uw7CdpwkQSE\">https:\/\/www.youtube.com\/watch?v=Uw7CdpwkQSE<\/a>\u201d<\/p>\n\n\n\n<p><strong>Respuesta de M\u00e9xico a la ONU por Rancho Izaguirre es ret\u00f3rica y no atiende desapariciones | experto (0:30:36)<\/strong><\/p>\n\n\n\n<p>\u201c<a href=\"https:\/\/www.youtube.com\/watch?v=NHmwBsFnN00\">https:\/\/www.youtube.com\/watch?v=NHmwBsFnN00<\/a>\u201d<\/p>\n\n\n\n<p><strong>\ud83c\uddfb\ud83c\uddea<\/strong><strong> \u00bfQui\u00e9nes est\u00e1n con Maduro y qui\u00e9nes est\u00e1n en contra? Venezuela divide a Am\u00e9rica Latina | DNews (0:15:00)<\/strong><\/p>\n\n\n\n<p>\u201c<a href=\"https:\/\/www.youtube.com\/watch?v=PtFILQhbD1k\">https:\/\/www.youtube.com\/watch?v=PtFILQhbD1k<\/a>\u201d<\/p>\n\n\n\n<p><strong>Palantir: la empresa que convierte tus datos en poder (0:34:49)<\/strong><\/p>\n\n\n\n<p>\u201c<a href=\"https:\/\/www.youtube.com\/watch?v=RZRb1_fpT2U\">https:\/\/www.youtube.com\/watch?v=RZRb1_fpT2U<\/a>\u201d<\/p>\n\n\n\n<p><strong>Trump anuncia la ampliaci\u00f3n de la fuerza naval en mitad de la creciente tensi\u00f3n con Venezuela (0:51:10)<\/strong><\/p>\n\n\n\n<p>\u201c<a href=\"https:\/\/www.youtube.com\/watch?v=f3QHlbgRNzc\">https:\/\/www.youtube.com\/watch?v=f3QHlbgRNzc<\/a>\u201d<\/p>\n\n\n\n<p><strong>Trump anuncia la construcci\u00f3n de dos fragatas y un portaaviones con nuevas y poderosas tecnolog\u00edas (0:06:40)<\/strong><\/p>\n\n\n\n<p>\u201c<a href=\"https:\/\/www.youtube.com\/watch?v=Yu0ubdBRh30\">https:\/\/www.youtube.com\/watch?v=Yu0ubdBRh30<\/a>\u201d<\/p>\n\n\n\n<p><strong>\u00a1Rusia toma rehenes! Las tropas de Putin act\u00faan como terroristas, secuestrando personas (0:13:26)<\/strong><\/p>\n\n\n\n<p>\u201c<a href=\"https:\/\/www.youtube.com\/watch?v=SyW9OryinaM\">https:\/\/www.youtube.com\/watch?v=SyW9OryinaM<\/a>\u201d<\/p>\n\n\n\n<p><strong>\ud83d\udd34<\/strong><strong> DW Noticias 22 de diciembre | Trump: Lo m\u00e1s \u00abinteligente\u00bb para Maduro ser\u00eda irse (0:15:01)<\/strong><\/p>\n\n\n\n<p>\u201c<a href=\"https:\/\/www.youtube.com\/watch?v=p8NfmsfYaoM\">https:\/\/www.youtube.com\/watch?v=p8NfmsfYaoM<\/a>\u201d<\/p>\n\n\n\n<p><strong>Noticias del 2025\/12\/22 19h00 \u2022 FRANCE 24 Espa\u00f1ol (0:14:21)<\/strong><\/p>\n\n\n\n<p>\u201c<a href=\"https:\/\/www.youtube.com\/watch?v=hFdTdOX_OX0\">https:\/\/www.youtube.com\/watch?v=hFdTdOX_OX0<\/a>\u201d<\/p>\n\n\n\n<p><strong>Noticias del 2025\/12\/22 16h00 \u2022 FRANCE 24 Espa\u00f1ol (0:14:49)<\/strong><\/p>\n\n\n\n<p>\u201c<a href=\"https:\/\/www.youtube.com\/watch?v=S7Q42sp9Bic\">https:\/\/www.youtube.com\/watch?v=S7Q42sp9Bic<\/a>\u201d<\/p>\n\n\n\n<p><strong>NOTICIERO: Interceptan un avi\u00f3n contra Trump, atentado con un coche bomba en Mosc\u00fa y Rusia advierte (0:31:43)<\/strong><\/p>\n\n\n\n<p>\u201c<a href=\"https:\/\/www.youtube.com\/watch?v=rOxxmUg2RJ4\">https:\/\/www.youtube.com\/watch?v=rOxxmUg2RJ4<\/a>\u201d<\/p>\n\n\n\n<p><strong>INFORMATIVO: Interceptan un avi\u00f3n contra Trump, \u00bfataque inminente de Ir\u00e1n? y Rusia advierte a la UE (0:29:27)<\/strong><\/p>\n\n\n\n<p>\u201c<a href=\"https:\/\/www.youtube.com\/watch?v=udFvGJWjGqc\">https:\/\/www.youtube.com\/watch?v=udFvGJWjGqc<\/a>\u201d<\/p>\n\n\n\n<p><strong>LAS NOTICIAS: Atentado en Rusia, EEUU aprieta al petr\u00f3leo de Maduro y China impone nuevos aranceles (0:25:22)<\/strong><\/p>\n\n\n\n<p>\u201c<a href=\"https:\/\/www.youtube.com\/watch?v=DKBn0t3MZfI\">https:\/\/www.youtube.com\/watch?v=DKBn0t3MZfI<\/a>\u201d<\/p>\n","protected":false},"excerpt":{"rendered":"<p>NOTICIAS: Trump estrecha el cerco a Maduro con el petr\u00f3leo, Zelensky al l\u00edmite y tensi\u00f3n en la Fed (0:29:54) \u201chttps:\/\/www.youtube.com\/watch?v=S5Up4nxFXfg\u201d \ud83d\udd34 EL CUENTO CAVIAR DEL \u00abPACTO MAFIOSO\u00bb Y \u00abLEYES PROCRIMEN\u00bb | INVITADO: JAIME DE ALTHAUS (0:31:17) \u201chttps:\/\/www.youtube.com\/watch?v=37Fa0GcyI7U\u201d MEF definir\u00e1 qu\u00e9 leyes demandar\u00e1 ante el TC por afectar las finanzas p\u00fablicas #ADNRPP | ENTREVISTA (0:24:13) \u201chttps:\/\/www.youtube.com\/watch?v=A0D7eKY3-mA\u201d [&hellip;]<\/p>\n","protected":false},"author":1,"featured_media":0,"comment_status":"closed","ping_status":"closed","sticky":false,"template":"","format":"standard","meta":{"_exactmetrics_skip_tracking":false,"_exactmetrics_sitenote_active":false,"_exactmetrics_sitenote_note":"","_exactmetrics_sitenote_category":0,"ngg_post_thumbnail":0,"footnotes":""},"categories":[1278,1407,1262,1363,1357,1532,1364,1421,1399,1260,1451,1253,1290,1239,1386,1365,1408,1369,1295,1463,1282,1448,1528,1303,1534,1388,1376,1326,1322,1255,22,1226,1225,1307,1527,1256,1452,1411,1202,1417,1241,1324,1490,1370,1319,1501,1377,1358,1297,1243,1425,1286,1416,1498,1310,1340,1237,1462,1547,1429,1222,1516,1293,1223,1539,1291,1354,1404,1361,1270,1446,1280,1349,1515,1350,1283,779,673,871,659,603,1213,1285,36,1252,1529,1356,1506,1480,1495,200,1461,1509,1499,1389,1301,1336,1355,1328,1465,1420],"tags":[],"class_list":["post-243416","post","type-post","status-publish","format-standard","hentry","category-accion-politica-proyecciones","category-acuerdo-digital-proyeccion","category-acuerdos","category-administrativo","category-alemania-proyecciones-multilateralismo","category-alineamientos","category-arabe-islamico","category-big-techs","category-biologia-proyeccion","category-bolsa-finanzas","category-brics","category-buenas-practicas","category-cadena-de-valor","category-cambio-social","category-centroafricano","category-china-organizacion-multilateralismo-proyecciones","category-ciclo-economico","category-ciudadano","category-compromisos","category-constitucional-control","category-control-proyecciones","category-corrupcion","category-crimen-lesa-humanidad","category-crimen-organizado","category-criptomonedas","category-debido-proceso","category-democracia","category-desarrollo","category-desinformacion-mediatica","category-divisas-finanzas","category-educacion-proyecciones","category-elecciones","category-empoderamiento-proyeccion","category-estado-de-derecho","category-fiscal-control","category-fondos-finanzas","category-g7","category-garantias","category-geopolitica-proyecciones","category-global-britain","category-gobernanza","category-guerra-mediatica","category-guerra-politica","category-humanismo","category-ideologizacion","category-imperial","category-india","category-indo-pacific","category-infraestructura-transporte-proyecciones","category-institucionalidad","category-integracion-cultural","category-integridad","category-inteligencia-artificial","category-japon-organizacion-multilateralismo-proyecciones","category-judicial","category-legalidad","category-libertades","category-maduracion","category-meritocracia","category-mineria-produccion-proyecciones","category-mundo-cultural","category-mundo-en-guerra","category-mundo-laboral","category-mundo-politico","category-ocs","category-organizacion-internacional-proyecciones","category-otan","category-poderes-mundiales","category-politico","category-prestamos-finanzas","category-presupuestal","category-presupuestos-finanzas","category-primacia-de-la-realidad","category-primas-de-riesgo","category-prioridades","category-productividad","category-proyecciones","category-proyecciones-paz","category-proyecciones-rutas-de-comercio","category-proyecciones-seguridad","category-proyecciones-sostenible","category-proyecciones-tecnologicas","category-reciprocidad-proyecciones","category-reddeportiva-net","category-respeto","category-robotizacion","category-rusia-proyecciones-multilateralismo","category-seguridad-nacional","category-sentido-a-la-vida","category-sentido-comun","category-separata-reddeportiva","category-sistemico","category-social","category-sostenibilidad","category-tasas-de-interes-finanzas","category-terrorismo","category-transporte","category-turquia","category-tutelaje","category-ue","category-valor"],"_links":{"self":[{"href":"https:\/\/reddeportiva.net\/principal\/index.php?rest_route=\/wp\/v2\/posts\/243416","targetHints":{"allow":["GET"]}}],"collection":[{"href":"https:\/\/reddeportiva.net\/principal\/index.php?rest_route=\/wp\/v2\/posts"}],"about":[{"href":"https:\/\/reddeportiva.net\/principal\/index.php?rest_route=\/wp\/v2\/types\/post"}],"author":[{"embeddable":true,"href":"https:\/\/reddeportiva.net\/principal\/index.php?rest_route=\/wp\/v2\/users\/1"}],"replies":[{"embeddable":true,"href":"https:\/\/reddeportiva.net\/principal\/index.php?rest_route=%2Fwp%2Fv2%2Fcomments&post=243416"}],"version-history":[{"count":2,"href":"https:\/\/reddeportiva.net\/principal\/index.php?rest_route=\/wp\/v2\/posts\/243416\/revisions"}],"predecessor-version":[{"id":243418,"href":"https:\/\/reddeportiva.net\/principal\/index.php?rest_route=\/wp\/v2\/posts\/243416\/revisions\/243418"}],"wp:attachment":[{"href":"https:\/\/reddeportiva.net\/principal\/index.php?rest_route=%2Fwp%2Fv2%2Fmedia&parent=243416"}],"wp:term":[{"taxonomy":"category","embeddable":true,"href":"https:\/\/reddeportiva.net\/principal\/index.php?rest_route=%2Fwp%2Fv2%2Fcategories&post=243416"},{"taxonomy":"post_tag","embeddable":true,"href":"https:\/\/reddeportiva.net\/principal\/index.php?rest_route=%2Fwp%2Fv2%2Ftags&post=243416"}],"curies":[{"name":"wp","href":"https:\/\/api.w.org\/{rel}","templated":true}]}}