{"id":243392,"date":"2025-12-17T05:42:27","date_gmt":"2025-12-17T10:42:27","guid":{"rendered":"https:\/\/reddeportiva.net\/principal\/?p=243392"},"modified":"2025-12-17T06:06:51","modified_gmt":"2025-12-17T11:06:51","slug":"contra-corriente-dic-16-3-3-tension-en-latinoamerica-willax","status":"publish","type":"post","link":"https:\/\/reddeportiva.net\/principal\/?p=243392","title":{"rendered":"Contra Corriente &#8211; DIC 16 &#8211; 3\/3 &#8211; TENSI\u00d3N EN LATINOAM\u00c9RICA | Willax"},"content":{"rendered":"\n<figure class=\"wp-block-embed is-type-video is-provider-youtube wp-block-embed-youtube wp-embed-aspect-16-9 wp-has-aspect-ratio\"><div class=\"wp-block-embed__wrapper\">\n<iframe loading=\"lazy\" title=\"Contra Corriente - DIC 16 - 3\/3 - TENSI\u00d3N EN LATINOAM\u00c9RICA | Willax\" width=\"625\" height=\"352\" src=\"https:\/\/www.youtube.com\/embed\/8mElQL4FXno?feature=oembed\" frameborder=\"0\" allow=\"accelerometer; autoplay; clipboard-write; encrypted-media; gyroscope; picture-in-picture; web-share\" referrerpolicy=\"strict-origin-when-cross-origin\" allowfullscreen><\/iframe>\n<\/div><\/figure>\n\n\n\n<h2 class=\"wp-block-heading\">Von der Leyen alerta: \u201cEuropa debe defenderse sola, ya no es una opci\u00f3n, es una obligaci\u00f3n\u201d (0:12:55)<\/h2>\n\n\n\n<p>\u201c<a href=\"https:\/\/www.youtube.com\/watch?v=3Sad2Qa_92Q\">https:\/\/www.youtube.com\/watch?v=3Sad2Qa_92Q<\/a>\u201d <\/p>\n\n\n\n<h2 class=\"wp-block-heading\">\u00daLTIMA HORA | EEUU amenaza con nuevas sanciones a Rusia, si Putin rechaza el acuerdo de paz con Kiev (0:01:50)<\/h2>\n\n\n\n<p>\u201c<a href=\"https:\/\/www.youtube.com\/watch?v=lZPLXkZL6_U\">https:\/\/www.youtube.com\/watch?v=lZPLXkZL6_U<\/a>\u201d <\/p>\n\n\n\n<h2 class=\"wp-block-heading\">\u00daLTIMA HORA | Trump pone contra las cuerdas a Europa por los intentos de expropiar los activos rusos (0:01:27)<\/h2>\n\n\n\n<p>\u201c<a href=\"https:\/\/www.youtube.com\/watch?v=Mc39jBKV4Nw\">https:\/\/www.youtube.com\/watch?v=Mc39jBKV4Nw<\/a>\u201d <\/p>\n\n\n\n<h2 class=\"wp-block-heading\">LORENZO RAM\u00cdREZ: \u201cSe est\u00e1 intentando forzar la entrada de Ucrania a la UE por la puerta de atr\u00e1s\u201d (0:13:23)<\/h2>\n\n\n\n<p>\u201c<a href=\"https:\/\/www.youtube.com\/watch?v=UhQLCFYj-j8\">https:\/\/www.youtube.com\/watch?v=UhQLCFYj-j8<\/a>\u201d <\/p>\n\n\n\n<h2 class=\"wp-block-heading\">NOTICIAS: Putin ignora la presi\u00f3n de Trump, Ucrania contra las cuerdas y EEUU cierra Venezuela (0:32:10)<\/h2>\n\n\n\n<p>\u201c<a href=\"https:\/\/www.youtube.com\/watch?v=XkkasBFfDs0\">https:\/\/www.youtube.com\/watch?v=XkkasBFfDs0<\/a>\u201d <\/p>\n\n\n\n<h2 class=\"wp-block-heading\">PBO &#8211; En Vivo (Combutters \u2013 16\/12\/2025) (1:08:15)<\/h2>\n\n\n\n<p>\u201c<a href=\"https:\/\/www.youtube.com\/watch?v=17KsACBKHZ8&amp;t=9000s\">https:\/\/www.youtube.com\/watch?v=17KsACBKHZ8&amp;t=9000s<\/a>\u201d <\/p>\n\n\n\n<h2 class=\"wp-block-heading\">China CONSTRUIR\u00c1 su MEGATREN de US$ 420 millones en Per\u00fa \ud83c\uddf5\ud83c\uddea (0:06:19)<\/h2>\n\n\n\n<p>\u201c<a href=\"https:\/\/www.youtube.com\/watch?v=TLz7FDZa8LE\">https:\/\/www.youtube.com\/watch?v=TLz7FDZa8LE<\/a>\u201d <\/p>\n\n\n\n<p>En Reddeportiva.net opinamos que el Per\u00fa deber\u00eda contar con un sistema ferroviario integrado a un sistema de transporte eficiente en gran parte del territorio nacional que tambi\u00e9n utilice los medios a\u00e9reo, mar\u00edtimo, carretero y fluvial (ver: \u201c<a href=\"https:\/\/reddeportiva.net\/principal\/?p=242715\">https:\/\/reddeportiva.net\/principal\/?p=242715<\/a>\u201d).\u00a0 En ese sentido, hemos sugerido que el estado peruano debe invertir en dos l\u00edneas de trenes longitudinales, una por la costa y otra por la sierra y, adem\u00e1s, apoyar o financiar tres ferrocarriles de penetraci\u00f3n que lleguen a tres importantes r\u00edos como lo son el Mara\u00f1\u00f3n, el Mantaro y el Apur\u00edmac, as\u00ed como sus \u00e1reas de influencia.\u00a0 Al cubrir las rutas de estos tres r\u00edos, se atender\u00e1 una gran cantidad de poblaci\u00f3n y de empresas con lo que se tendr\u00eda una proyecci\u00f3n econ\u00f3mica realmente significativa de alcance nacional. \u00a0Solo la primera de estas l\u00edneas de penetraci\u00f3n est\u00e1 por construir, aunque existe un proyecto que se propone unir Puerto Eten con un punto cercano al Pongo de Manseriche, con car\u00e1cter de corredor bioce\u00e1nico del tipo multimodal que llegue hasta Manaos, a cargo de inversionistas asi\u00e1ticos. \u00a0Las dos \u00faltimas l\u00edneas est\u00e1n construidas en gran medida pudiendo integrarse tanto con las longitudinales de la costa y de la sierra, as\u00ed como posteriormente con otra longitudinal de la selva, conformando un sistema nacional integrado.\u00a0 El tren planteado en el v\u00eddeo bien puede ser construido por inversionistas privados ya que tendr\u00eda un dise\u00f1o de enclave o uso restringido que atender\u00eda principalmente minas como la de Volcan, entre otras m\u00e1s pegadas a la carretera central como CHINALCO.<\/p>\n\n\n\n<h2 class=\"wp-block-heading\">Decana del Colegio de Arquitectos cuestiona viaductos en Javier Prado: \u201cNo solucionan el tr\u00e1fico\u201d (0:16:56)<\/h2>\n\n\n\n<p>\u201c<a href=\"https:\/\/www.youtube.com\/watch?v=yIO5DlqM85U\">https:\/\/www.youtube.com\/watch?v=yIO5DlqM85U<\/a>\u201d <\/p>\n\n\n\n<h2 class=\"wp-block-heading\">\u00abVIADUCTO Javier Prado ES PARA TODOS\u00bb afirma MUNICIPALIDAD DE LIMA (0:15:36)<\/h2>\n\n\n\n<p>\u201c<a href=\"https:\/\/www.youtube.com\/watch?v=Usg9Dz_bNCs\">https:\/\/www.youtube.com\/watch?v=Usg9Dz_bNCs<\/a>\u201d <\/p>\n\n\n\n<h2 class=\"wp-block-heading\">Toh\u00e1 comenta el encuentro entre Kast y Milei en Argentina tras su triunfo l CNN Prime (0:29:45)<\/h2>\n\n\n\n<p>\u201c<a href=\"https:\/\/www.youtube.com\/watch?v=hvbysCyU0NI\">https:\/\/www.youtube.com\/watch?v=hvbysCyU0NI<\/a>\u201d <\/p>\n\n\n\n<h2 class=\"wp-block-heading\">ATAQUES en Cauca: disidencias se tomaron el municipio de Buenos Aires y superaron la fuerza p\u00fablica (0:18:33)<\/h2>\n\n\n\n<p>\u201c<a href=\"https:\/\/www.youtube.com\/watch?v=xpQDCodhlX0\">https:\/\/www.youtube.com\/watch?v=xpQDCodhlX0<\/a>\u201d <\/p>\n\n\n\n<h2 class=\"wp-block-heading\">\u00bfQui\u00e9nes eran los dos uniformados asesinados en Cali y por qu\u00e9 el ataque se lo atribuyen al ELN? (0:20:26)<\/h2>\n\n\n\n<p>\u201c<a href=\"https:\/\/www.youtube.com\/watch?v=WBs8ULE7n1k\">https:\/\/www.youtube.com\/watch?v=WBs8ULE7n1k<\/a>\u201d <\/p>\n\n\n\n<h2 class=\"wp-block-heading\">De \u00abseguidor de Hitler\u00bb a \u00abnarco dictador\u00bb: La escalada de tensi\u00f3n entre Kast y Maduro (0:02:52)<\/h2>\n\n\n\n<p>\u201c<a href=\"https:\/\/www.youtube.com\/watch?v=994uNme4wKU\">https:\/\/www.youtube.com\/watch?v=994uNme4wKU<\/a>\u201d <\/p>\n\n\n\n<h2 class=\"wp-block-heading\">EEUU anunci\u00f3 que el r\u00e9gimen venezolano ha sido designado como una organizaci\u00f3n terrorista extranjera (0:07:26)<\/h2>\n\n\n\n<p>\u201c<a href=\"https:\/\/www.youtube.com\/watch?v=lcpoYHsw014\">https:\/\/www.youtube.com\/watch?v=lcpoYHsw014<\/a>\u201d <\/p>\n\n\n\n<h2 class=\"wp-block-heading\">\u00bfCu\u00e1les fueron las explicaciones de Rubio y Hegseth sobre el despliegue cerca de Venezuela? (0:38:54)<\/h2>\n\n\n\n<p>\u201c<a href=\"https:\/\/www.youtube.com\/watch?v=GhP6nI8l6nM\">https:\/\/www.youtube.com\/watch?v=GhP6nI8l6nM<\/a>\u201d <\/p>\n\n\n\n<h2 class=\"wp-block-heading\">Estados Unidos destruye tres narcolanchas en medio de la operaci\u00f3n Lanza del Sur (0:10:39)<\/h2>\n\n\n\n<p>\u201c<a href=\"https:\/\/www.youtube.com\/watch?v=YSQD_W4HcDo\">https:\/\/www.youtube.com\/watch?v=YSQD_W4HcDo<\/a>\u201d <\/p>\n\n\n\n<h2 class=\"wp-block-heading\">Kast pidio gestiones para que Maduro deje el cargo. El an\u00e1lisis de Carlos Ruckauf. (0:20:05)<\/h2>\n\n\n\n<p>\u201c<a href=\"https:\/\/www.youtube.com\/watch?v=k-CnBlGoCQw\">https:\/\/www.youtube.com\/watch?v=k-CnBlGoCQw<\/a>\u201d <\/p>\n\n\n\n<h2 class=\"wp-block-heading\">Caso AFA: crece el esc\u00e1ndalo por la mansi\u00f3n de Pilar (0:19:59)<\/h2>\n\n\n\n<p>\u201c<a href=\"https:\/\/www.youtube.com\/watch?v=VZ1gRY-lxsU\">https:\/\/www.youtube.com\/watch?v=VZ1gRY-lxsU<\/a>\u201d <\/p>\n\n\n\n<h2 class=\"wp-block-heading\">Orden de Trump sobre el fentanilo apunta a eliminar a presuntos traficantes extranjeros: Esquivel (0:15:55)<\/h2>\n\n\n\n<p>\u201c<a href=\"https:\/\/www.youtube.com\/watch?v=HI-pYx7T5ws\">https:\/\/www.youtube.com\/watch?v=HI-pYx7T5ws<\/a>\u201d <\/p>\n\n\n\n<h2 class=\"wp-block-heading\">\u201cNo hab\u00eda condiciones para continuar\u201d: la versi\u00f3n del PAN sobre la sesi\u00f3n que termin\u00f3 en violencia (0:18:05)<\/h2>\n\n\n\n<p>\u201c<a href=\"https:\/\/www.youtube.com\/watch?v=b-iE6ddqghI\">https:\/\/www.youtube.com\/watch?v=b-iE6ddqghI<\/a>\u201d <\/p>\n\n\n\n<h2 class=\"wp-block-heading\">Abogado vincula huachicol con el crimen organizado y advierte grave da\u00f1o a las finanzas p\u00fablicas (0:44:20)<\/h2>\n\n\n\n<p>\u201c<a href=\"https:\/\/www.youtube.com\/watch?v=eKMQPJVuE4U\">https:\/\/www.youtube.com\/watch?v=eKMQPJVuE4U<\/a>\u201d &nbsp; <\/p>\n\n\n\n<h2 class=\"wp-block-heading\">\u201cMe voy calladamente\u2026\u201d dice Warren Buffett en su \u00faltima carta (0:08:19)<\/h2>\n\n\n\n<p>\u201c<a href=\"https:\/\/www.youtube.com\/watch?v=zvsIfWSI8Cs\">https:\/\/www.youtube.com\/watch?v=zvsIfWSI8Cs<\/a>\u201d <\/p>\n\n\n\n<h2 class=\"wp-block-heading\">\u00bfQu\u00e9 busca el Pent\u00e1gono con una posible reestructuraci\u00f3n militar en Estados Unidos? (0:12:12)<\/h2>\n\n\n\n<p>\u201c<a href=\"https:\/\/www.youtube.com\/watch?v=Iw1bvwVgDWA\">https:\/\/www.youtube.com\/watch?v=Iw1bvwVgDWA<\/a>\u201d <\/p>\n\n\n\n<h2 class=\"wp-block-heading\">Australia investiga posible v\u00ednculo del ataque en Bondi con el Estado Isl\u00e1mico (0:01:49)<\/h2>\n\n\n\n<p>\u201c<a href=\"https:\/\/www.youtube.com\/watch?v=EX2vWE3rfnI\">https:\/\/www.youtube.com\/watch?v=EX2vWE3rfnI<\/a>\u201d <\/p>\n\n\n\n<h2 class=\"wp-block-heading\">La \u200b\u200bflota rusa fue DESTRUIDA: Ucrania priv\u00f3 a Rusia de su dominio en el Mar Negro (0:12:56)<\/h2>\n\n\n\n<p>\u201c<a href=\"https:\/\/www.youtube.com\/watch?v=0888i81A7XI\">https:\/\/www.youtube.com\/watch?v=0888i81A7XI<\/a>\u201d <\/p>\n\n\n\n<h2 class=\"wp-block-heading\">\ud83d\udfe2 La Uni\u00f3n Europea extiende la vida de los autos de combusti\u00f3n (0:12:01)<\/h2>\n\n\n\n<p>\u201c<a href=\"https:\/\/www.youtube.com\/watch?v=A79buNsYbNw\">https:\/\/www.youtube.com\/watch?v=A79buNsYbNw<\/a>\u201d <\/p>\n\n\n\n<h2 class=\"wp-block-heading\">\ud83d\udd34 DW Noticias del 16 de diciembre: Pent\u00e1gono no revelar\u00e1 video de bombardeo a lancha en el Caribe (0:27:29)<\/h2>\n\n\n\n<p>\u201c<a href=\"https:\/\/www.youtube.com\/watch?v=3_77dI4a6-I\">https:\/\/www.youtube.com\/watch?v=3_77dI4a6-I<\/a>\u201d <\/p>\n\n\n\n<h2 class=\"wp-block-heading\">Neurodivergencia y teatro (0:26:01)<\/h2>\n\n\n\n<p>\u201c<a href=\"https:\/\/www.youtube.com\/watch?v=kaeLEgwkm4A\">https:\/\/www.youtube.com\/watch?v=kaeLEgwkm4A<\/a>\u201d <\/p>\n\n\n\n<h2 class=\"wp-block-heading\">Noticias del 2025\/12\/16 20h00 \u2022 FRANCE 24 Espa\u00f1ol (0:14:52)<\/h2>\n\n\n\n<p>\u201c<a href=\"https:\/\/www.youtube.com\/watch?v=KpaGaKgClxQ\">https:\/\/www.youtube.com\/watch?v=KpaGaKgClxQ<\/a>\u201d <\/p>\n\n\n\n<h2 class=\"wp-block-heading\">Noticias del 2025\/12\/16 16h30 \u2022 FRANCE 24 Espa\u00f1ol (0:14:59)<\/h2>\n\n\n\n<p>\u201c<a href=\"https:\/\/www.youtube.com\/watch?v=7pt-CxJXz6Q\">https:\/\/www.youtube.com\/watch?v=7pt-CxJXz6Q<\/a>\u201d <\/p>\n\n\n\n<h2 class=\"wp-block-heading\">\u00daLTIMA HORA | La plata explota: sube un 130% en un a\u00f1o y marca su m\u00e1ximo hist\u00f3rico en 66 d\u00f3lares (0:01:45)<\/h2>\n\n\n\n<p>\u201c<a href=\"https:\/\/www.youtube.com\/watch?v=_AtRsxe5nlM\">https:\/\/www.youtube.com\/watch?v=_AtRsxe5nlM<\/a>\u201d <\/p>\n\n\n\n<h2 class=\"wp-block-heading\">El \u00c1rtico en \u00abpunto de ebullici\u00f3n\u00bb: un calentamiento in\u00e9dito que pasar\u00e1 factura a la econom\u00eda global (0:03:19)<\/h2>\n\n\n\n<p>\u201c<a href=\"https:\/\/www.youtube.com\/watch?v=bGfSdOesPQE\">https:\/\/www.youtube.com\/watch?v=bGfSdOesPQE<\/a>\u201d <\/p>\n\n\n\n<h2 class=\"wp-block-heading\">\u00daLTIMA HORA | Tesla bate r\u00e9cord hist\u00f3rico en Bolsa: Se dispara por las pruebas del Robotaxi (0:01:18)<\/h2>\n\n\n\n<p>\u201c<a href=\"https:\/\/www.youtube.com\/watch?v=CowOceE9Poc\">https:\/\/www.youtube.com\/watch?v=CowOceE9Poc<\/a>\u201d <\/p>\n\n\n\n<h2 class=\"wp-block-heading\">\u00bfSe acab\u00f3 el petr\u00f3leo caro? El crudo cae bajo 60 d\u00f3lares y los mercados apuestan a la paz mundial (0:05:05)<\/h2>\n\n\n\n<p>\u201c<a href=\"https:\/\/www.youtube.com\/watch?v=bFEgCVrz62Y\">https:\/\/www.youtube.com\/watch?v=bFEgCVrz62Y<\/a>\u201d <\/p>\n\n\n\n<h2 class=\"wp-block-heading\">NOTICIERO: Rusia realiza un despliegue masivo cerca de la OTAN, alerta en Venezuela y Europa avisa (0:27:58)<\/h2>\n\n\n\n<p>\u201c<a href=\"https:\/\/www.youtube.com\/watch?v=j1v7XCGpDwg\">https:\/\/www.youtube.com\/watch?v=j1v7XCGpDwg<\/a>\u201d <\/p>\n\n\n\n<h2 class=\"wp-block-heading\">\u00bfCerca de encontrar vida fuera de la Tierra? La NASA detecta las se\u00f1ales in\u00e9ditas en un exoplaneta (0:02:47)<\/h2>\n\n\n\n<p>\u201c<a href=\"https:\/\/www.youtube.com\/watch?v=h1NxE2-rPkc\">https:\/\/www.youtube.com\/watch?v=h1NxE2-rPkc<\/a>\u201d <\/p>\n\n\n\n<h2 class=\"wp-block-heading\">AR\u00cdSTEGUI: \u00abEstamos ante la posibilidad de una acuerdo de paz en Ucrania para enero de 2026\u00bb (0:23:16)<\/h2>\n\n\n\n<p>\u201c<a href=\"https:\/\/www.youtube.com\/watch?v=mmjDIILTIyk\">https:\/\/www.youtube.com\/watch?v=mmjDIILTIyk<\/a>\u201d <\/p>\n\n\n\n<h2 class=\"wp-block-heading\">\u00daLTIMA HORA | Trump alerta al mundo: har\u00e1 un \u00abDiscurso a la Naci\u00f3n\u00bb hist\u00f3rico en EEUU (0:00:57)<\/h2>\n\n\n\n<p>\u201c<a href=\"https:\/\/www.youtube.com\/watch?v=i3ncGTnNOns\">https:\/\/www.youtube.com\/watch?v=i3ncGTnNOns<\/a>\u201d <\/p>\n\n\n\n<h2 class=\"wp-block-heading\">\u00daLTIMA HORA | Casting para la Fed: Trump entrevistar\u00e1 a Waller para presidir el banco central (0:01:27)<\/h2>\n\n\n\n<p>\u201c<a href=\"https:\/\/www.youtube.com\/watch?v=JTPnkAnT0YM\">https:\/\/www.youtube.com\/watch?v=JTPnkAnT0YM<\/a>\u201d <\/p>\n\n\n\n<h2 class=\"wp-block-heading\">NOTICIAS DEL D\u00cdA: Rusia despliega 360.000 soldados en Bielorrusia, alerta en la OTAN y Trump amenaza (0:27:58)<\/h2>\n\n\n\n<p>\u201c<a href=\"https:\/\/www.youtube.com\/watch?v=rw23bTbtMM8\">https:\/\/www.youtube.com\/watch?v=rw23bTbtMM8<\/a>\u201d <\/p>\n\n\n\n<h2 class=\"wp-block-heading\">ESPECIAL EMPLEO EEUU | Powell est\u00e1 acorralado: Trump ten\u00eda raz\u00f3n y el desempleo sube al 4,2% (0:28:50)<\/h2>\n\n\n\n<p>\u201c<a href=\"https:\/\/www.youtube.com\/watch?v=nAEmq8dbPmU\">https:\/\/www.youtube.com\/watch?v=nAEmq8dbPmU<\/a>\u201d <\/p>\n\n\n\n<h2 class=\"wp-block-heading\">INFORMATIVO: Rusia rechaza una tregua navide\u00f1a, Maduro sube el tono con Trump y 3I\/Atlas sorprende (0:29:05)<\/h2>\n\n\n\n<p>\u201c<a href=\"https:\/\/www.youtube.com\/watch?v=LZ9MD70WzlY\">https:\/\/www.youtube.com\/watch?v=LZ9MD70WzlY<\/a>\u201d <\/p>\n\n\n\n<h2 class=\"wp-block-heading\">\u00daLTIMA HORA | Duro rev\u00e9s para la OTAN: solo el 34% de los ucranianos conf\u00eda en la Alianza (0:01:31)<\/h2>\n\n\n\n<p>\u201c<a href=\"https:\/\/www.youtube.com\/watch?v=W1-rzroliMg\">https:\/\/www.youtube.com\/watch?v=W1-rzroliMg<\/a>\u201d <\/p>\n\n\n\n<h2 class=\"wp-block-heading\">\u00daLTIMA HORA | El desempleo deja a Powell contra las cuerdas: sube al 4.6% y enfurece a Trump (0:01:10)<\/h2>\n\n\n\n<p>\u201c<a href=\"https:\/\/www.youtube.com\/watch?v=ZU0Zq4rmqzM\">https:\/\/www.youtube.com\/watch?v=ZU0Zq4rmqzM<\/a>\u201d <\/p>\n\n\n\n<h2 class=\"wp-block-heading\">LAS NOTICIAS: Rusia deja por los suelos a Trump y rechaza una tregua, Maduro amenaza y Musk advierte (0:21:30)<\/h2>\n\n\n\n<p>\u201c<a href=\"https:\/\/www.youtube.com\/watch?v=eGYpfrMoCss\">https:\/\/www.youtube.com\/watch?v=eGYpfrMoCss<\/a>\u201d <\/p>\n","protected":false},"excerpt":{"rendered":"<p>Von der Leyen alerta: \u201cEuropa debe defenderse sola, ya no es una opci\u00f3n, es una obligaci\u00f3n\u201d (0:12:55) \u201chttps:\/\/www.youtube.com\/watch?v=3Sad2Qa_92Q\u201d \u00daLTIMA HORA | EEUU amenaza con nuevas sanciones a Rusia, si Putin rechaza el acuerdo de paz con Kiev (0:01:50) \u201chttps:\/\/www.youtube.com\/watch?v=lZPLXkZL6_U\u201d \u00daLTIMA HORA | Trump pone contra las cuerdas a Europa por los intentos de expropiar los [&hellip;]<\/p>\n","protected":false},"author":1,"featured_media":0,"comment_status":"closed","ping_status":"closed","sticky":false,"template":"","format":"standard","meta":{"_exactmetrics_skip_tracking":false,"_exactmetrics_sitenote_active":false,"_exactmetrics_sitenote_note":"","_exactmetrics_sitenote_category":0,"ngg_post_thumbnail":0,"footnotes":""},"categories":[1278,1407,1262,1363,1357,1532,1364,1421,1399,1260,1451,1253,1290,1239,1386,1365,1408,1369,1295,1463,1282,1448,1528,1303,1534,1388,1376,1326,1322,1255,22,1226,1225,1307,1527,1256,1452,1411,1202,1417,1241,1324,1490,1370,1319,1501,1377,1358,1297,1243,1425,1286,1416,1498,1310,1340,1237,1547,1222,1516,1293,1223,1539,1291,1354,1404,1361,1270,1446,1280,1349,1515,1350,1283,779,673,871,659,603,1213,1285,36,1252,1529,1356,94,1506,1480,1495,200,1461,1509,1499,1389,1301,1336,1355,1465,1420],"tags":[],"class_list":["post-243392","post","type-post","status-publish","format-standard","hentry","category-accion-politica-proyecciones","category-acuerdo-digital-proyeccion","category-acuerdos","category-administrativo","category-alemania-proyecciones-multilateralismo","category-alineamientos","category-arabe-islamico","category-big-techs","category-biologia-proyeccion","category-bolsa-finanzas","category-brics","category-buenas-practicas","category-cadena-de-valor","category-cambio-social","category-centroafricano","category-china-organizacion-multilateralismo-proyecciones","category-ciclo-economico","category-ciudadano","category-compromisos","category-constitucional-control","category-control-proyecciones","category-corrupcion","category-crimen-lesa-humanidad","category-crimen-organizado","category-criptomonedas","category-debido-proceso","category-democracia","category-desarrollo","category-desinformacion-mediatica","category-divisas-finanzas","category-educacion-proyecciones","category-elecciones","category-empoderamiento-proyeccion","category-estado-de-derecho","category-fiscal-control","category-fondos-finanzas","category-g7","category-garantias","category-geopolitica-proyecciones","category-global-britain","category-gobernanza","category-guerra-mediatica","category-guerra-politica","category-humanismo","category-ideologizacion","category-imperial","category-india","category-indo-pacific","category-infraestructura-transporte-proyecciones","category-institucionalidad","category-integracion-cultural","category-integridad","category-inteligencia-artificial","category-japon-organizacion-multilateralismo-proyecciones","category-judicial","category-legalidad","category-libertades","category-meritocracia","category-mundo-cultural","category-mundo-en-guerra","category-mundo-laboral","category-mundo-politico","category-ocs","category-organizacion-internacional-proyecciones","category-otan","category-poderes-mundiales","category-politico","category-prestamos-finanzas","category-presupuestal","category-presupuestos-finanzas","category-primacia-de-la-realidad","category-primas-de-riesgo","category-prioridades","category-productividad","category-proyecciones","category-proyecciones-paz","category-proyecciones-rutas-de-comercio","category-proyecciones-seguridad","category-proyecciones-sostenible","category-proyecciones-tecnologicas","category-reciprocidad-proyecciones","category-reddeportiva-net","category-respeto","category-robotizacion","category-rusia-proyecciones-multilateralismo","category-salud-mental","category-seguridad-nacional","category-sentido-a-la-vida","category-sentido-comun","category-separata-reddeportiva","category-sistemico","category-social","category-sostenibilidad","category-tasas-de-interes-finanzas","category-terrorismo","category-transporte","category-turquia","category-ue","category-valor"],"_links":{"self":[{"href":"https:\/\/reddeportiva.net\/principal\/index.php?rest_route=\/wp\/v2\/posts\/243392","targetHints":{"allow":["GET"]}}],"collection":[{"href":"https:\/\/reddeportiva.net\/principal\/index.php?rest_route=\/wp\/v2\/posts"}],"about":[{"href":"https:\/\/reddeportiva.net\/principal\/index.php?rest_route=\/wp\/v2\/types\/post"}],"author":[{"embeddable":true,"href":"https:\/\/reddeportiva.net\/principal\/index.php?rest_route=\/wp\/v2\/users\/1"}],"replies":[{"embeddable":true,"href":"https:\/\/reddeportiva.net\/principal\/index.php?rest_route=%2Fwp%2Fv2%2Fcomments&post=243392"}],"version-history":[{"count":3,"href":"https:\/\/reddeportiva.net\/principal\/index.php?rest_route=\/wp\/v2\/posts\/243392\/revisions"}],"predecessor-version":[{"id":243396,"href":"https:\/\/reddeportiva.net\/principal\/index.php?rest_route=\/wp\/v2\/posts\/243392\/revisions\/243396"}],"wp:attachment":[{"href":"https:\/\/reddeportiva.net\/principal\/index.php?rest_route=%2Fwp%2Fv2%2Fmedia&parent=243392"}],"wp:term":[{"taxonomy":"category","embeddable":true,"href":"https:\/\/reddeportiva.net\/principal\/index.php?rest_route=%2Fwp%2Fv2%2Fcategories&post=243392"},{"taxonomy":"post_tag","embeddable":true,"href":"https:\/\/reddeportiva.net\/principal\/index.php?rest_route=%2Fwp%2Fv2%2Ftags&post=243392"}],"curies":[{"name":"wp","href":"https:\/\/api.w.org\/{rel}","templated":true}]}}