{"id":243377,"date":"2025-12-14T05:32:11","date_gmt":"2025-12-14T10:32:11","guid":{"rendered":"https:\/\/reddeportiva.net\/principal\/?p=243377"},"modified":"2025-12-14T05:32:13","modified_gmt":"2025-12-14T10:32:13","slug":"los-tipos-de-interes-de-la-deuda-publica-no-dejan-de-subir-que-esta-pasando-01128","status":"publish","type":"post","link":"https:\/\/reddeportiva.net\/principal\/?p=243377","title":{"rendered":"Los tipos de inter\u00e9s de la deuda p\u00fablica no dejan de subir: \u00bfqu\u00e9 est\u00e1 pasando? (0:11:28)"},"content":{"rendered":"\n<figure class=\"wp-block-embed is-type-video is-provider-youtube wp-block-embed-youtube wp-embed-aspect-16-9 wp-has-aspect-ratio\"><div class=\"wp-block-embed__wrapper\">\n<iframe loading=\"lazy\" title=\"Los tipos de inter\u00e9s de la deuda p\u00fablica no dejan de subir: \u00bfqu\u00e9 est\u00e1 pasando?\" width=\"625\" height=\"352\" src=\"https:\/\/www.youtube.com\/embed\/1ZWuQk3YP2E?feature=oembed\" frameborder=\"0\" allow=\"accelerometer; autoplay; clipboard-write; encrypted-media; gyroscope; picture-in-picture; web-share\" referrerpolicy=\"strict-origin-when-cross-origin\" allowfullscreen><\/iframe>\n<\/div><\/figure>\n\n\n\n<h2 class=\"wp-block-heading\">ESPECIAL FED | Ruptura total: Powell recorta tipos y estalla una crisis interna sin precedentes (1:22:56)<\/h2>\n\n\n\n<p>\u201c<a href=\"https:\/\/www.youtube.com\/watch?v=P7V89iFq8YE\">https:\/\/www.youtube.com\/watch?v=P7V89iFq8YE<\/a>\u201d <\/p>\n\n\n\n<p>En Reddeportiva.net pensamos que el mundo est\u00e1 llegando a un momento similar al de la \u00e9poca anterior a 1618, que condujera a la guerra de los Treinta A\u00f1os y a la Paz de Westfalia, en que los gremios y burgues\u00edas productores de riqueza se levantaron contra los imperios.\u00a0 Esa parece ser la interpretaci\u00f3n de fondo en la subida de intereses del mercado mundial, en que las \u00e9lites internacionales parecen tener la sart\u00e9n por el mango haciendo valer sus derechos ante los imperios y sus bancos centrales.\u00a0 En cuanto a nuestra interpretaci\u00f3n de la realidad peruana actual, decimos que, en los \u00faltimos 25 a\u00f1os, una alianza extrema conformada por la extrema derecha y la extrema izquierda, con financiamiento y m\u00e9todos de corrupci\u00f3n externos, impuso su poder sobre el sistema democr\u00e1tico en nuestro pa\u00eds distorsion\u00e1ndolo, no solo en su propio beneficio hasta crear un estado de anomia social con grave p\u00e9rdida de la Moral P\u00fablica; sino tambi\u00e9n en la orientaci\u00f3n de las acciones de gobierno, alej\u00e1ndolas de la b\u00fasqueda del Bien Com\u00fan.\u00a0 La diferencia, del Per\u00fa con otros pa\u00edses, es que el pueblo peruano est\u00e1 corrigiendo lo se\u00f1alado con sus propios medios lo que debe ser considerado como muy meritorio, en la misma forma que fue superado el shock econ\u00f3mico de 1990. \u00a0Actualmente, estamos recuper\u00e1ndonos lenta y dolorosamente de los mencionados ataques de extremistas e imperios antidemocr\u00e1ticos, as\u00ed como retornando a un estado equilibrado en el que el r\u00e9gimen constitucional sea respetado plenamente en su naturaleza, prevalencia y finalidad.\u00a0 Para nosotros, el Per\u00fa est\u00e1 revirtiendo el dominio de una ultraderecha que medra a partir de sus relaciones sociales sin realizar mayores inversiones, como s\u00ed lo hacen los verdaderos empresarios, apoy\u00e1ndose en el poder que les proporciona la gesti\u00f3n de los grandes medios period\u00edsticos y el avance de las ciencias de la comunicaci\u00f3n a partir de la sicolog\u00eda de las masas.\u00a0 En cuanto a la ultraizquierda, que busca crecer agudizando las contradicciones internas, claramente est\u00e1 en retroceso en funci\u00f3n de haber agotado su capacidad de convencer al ciudadano debido a su contundente fracaso como gobiernos saludables y honestos, capaces de corregir los \u00edndices de pobreza y seguridad social. \u00a0Al parecer, la poblaci\u00f3n percibe que mucho de los males actuales se deben a decisiones intencionalmente malas de los gobiernos de izquierda, principalmente de aquellas que buscaron el debilitamiento de la PNP y del orden interno, como permitir la inmigraci\u00f3n indiscriminada desde Venezuela. <\/p>\n\n\n\n<h2 class=\"wp-block-heading\">EL DA\u00d1O DEL FUJIMORISMO AL PER\u00da FT. JOS\u00c9 RAGAS | LA VERDAD A FONDO CON PEDRO SALINAS (0:59:47)<\/h2>\n\n\n\n<p>\u201c<a href=\"https:\/\/www.youtube.com\/watch?v=3UKuyjKJjck\">https:\/\/www.youtube.com\/watch?v=3UKuyjKJjck<\/a>\u201d <\/p>\n\n\n\n<h2 class=\"wp-block-heading\">&nbsp;Desactivaci\u00f3n de equipo Lava Jato y el escenario rumbo a las elecciones #LasCosasRPP (0:57:55)<\/h2>\n\n\n\n<p>\u201c<a href=\"https:\/\/www.youtube.com\/watch?v=Fr7oqzftGNg\">https:\/\/www.youtube.com\/watch?v=Fr7oqzftGNg<\/a>\u201d <\/p>\n\n\n\n<h2 class=\"wp-block-heading\">TOMAS GALVEZ RESPONDE X PRESUNTA REMOCION DE FISCAL Q LO INVESTIGA Y EL PROXIMO FISCAL DE LA NACION (0:34:01)<\/h2>\n\n\n\n<p>\u201c<a href=\"https:\/\/www.youtube.com\/watch?v=zbiUmaYvQZA\">https:\/\/www.youtube.com\/watch?v=zbiUmaYvQZA<\/a>\u201d <\/p>\n\n\n\n<h2 class=\"wp-block-heading\">Disoluci\u00f3n de equipos especiales: Ch\u00e1vez Cotrina se pronuncia tras anuncio de Tom\u00e1s G\u00e1lvez #PDFRPP (0:22:29)<\/h2>\n\n\n\n<p>\u201c<a href=\"https:\/\/www.youtube.com\/watch?v=01xzDCtHlAU\">https:\/\/www.youtube.com\/watch?v=01xzDCtHlAU<\/a>\u201d <\/p>\n\n\n\n<h2 class=\"wp-block-heading\">Nakazaki advierte riesgos de eliminar equipos especiales anticorrupci\u00f3n #ADNRPP (0:10:13)<\/h2>\n\n\n\n<p>\u201c<a href=\"https:\/\/www.youtube.com\/watch?v=xqvf3uK6Uy4\">https:\/\/www.youtube.com\/watch?v=xqvf3uK6Uy4<\/a>\u201d <\/p>\n\n\n\n<h2 class=\"wp-block-heading\">Intervienen a 1500 extranjeros tras megaoperativo en Lima (0:03:17)<\/h2>\n\n\n\n<p>\u201c<a href=\"https:\/\/www.youtube.com\/watch?v=f07PUB3cmS4\">https:\/\/www.youtube.com\/watch?v=f07PUB3cmS4<\/a>\u201d <\/p>\n\n\n\n<h2 class=\"wp-block-heading\">\ud83d\uded1As\u00ed CAYERON 19 Sicarios en un Yate de LUJO en el Callao (0:08:16)<\/h2>\n\n\n\n<p>\u201c<a href=\"https:\/\/www.youtube.com\/watch?v=fgN2sBT-F1U\">https:\/\/www.youtube.com\/watch?v=fgN2sBT-F1U<\/a>\u201d <\/p>\n\n\n\n<h2 class=\"wp-block-heading\">Mauricio Mulder critica a Jos\u00e9 Luna y C\u00e9sar Acu\u00f1a: \u201cSolo buscan poder\u201d (0:21:30)<\/h2>\n\n\n\n<p>\u201c<a href=\"https:\/\/www.youtube.com\/watch?v=Ce1s7ejt3Hk\">https:\/\/www.youtube.com\/watch?v=Ce1s7ejt3Hk<\/a>\u201d <\/p>\n\n\n\n<h2 class=\"wp-block-heading\">\ud83d\uded1PNP revienta condominio y DESARTICULA banda de 25 extranjeros (0:08:15)<\/h2>\n\n\n\n<p>\u00a1<a href=\"https:\/\/www.youtube.com\/watch?v=unYz_AE8BYU\">https:\/\/www.youtube.com\/watch?v=unYz_AE8BYU<\/a>\u201d <\/p>\n\n\n\n<h2 class=\"wp-block-heading\">LA PNP LOS ESPERABA: EXTORSIONADORES DEJABAN EXPLOSIVOS EN BODEGAS (0:08:47)<\/h2>\n\n\n\n<p>\u201c<a href=\"https:\/\/www.youtube.com\/watch?v=9yq0kjgc_Hg\">https:\/\/www.youtube.com\/watch?v=9yq0kjgc_Hg<\/a>\u201d <\/p>\n\n\n\n<h2 class=\"wp-block-heading\">PNP REVIENTA MAFIA EN MUNICIPALIDAD DE ATE: \u00a1ROBABAN MILLONES! (0:08:03)<\/h2>\n\n\n\n<p>\u201c<a href=\"https:\/\/www.youtube.com\/watch?v=sSbVh8WXaAA\">https:\/\/www.youtube.com\/watch?v=sSbVh8WXaAA<\/a>\u201d <\/p>\n\n\n\n<h2 class=\"wp-block-heading\">\u201cLos Gallegos Nueva Sangre\u201d: cae banda que extorsionaba a poller\u00edas y bodegas (0:02:33)<\/h2>\n\n\n\n<p>\u201c<a href=\"https:\/\/www.youtube.com\/watch?v=chQucUCf1nU\">https:\/\/www.youtube.com\/watch?v=chQucUCf1nU<\/a>\u201d <\/p>\n\n\n\n<h2 class=\"wp-block-heading\">Caen M\u00e1s Integrantes De DESA DEL NORTE E Investigan A Centro De Rehabilitaci\u00f3n (0:09:03)<\/h2>\n\n\n\n<p>\u201c<a href=\"https:\/\/www.youtube.com\/watch?v=3kEROW2G9Hg\">https:\/\/www.youtube.com\/watch?v=3kEROW2G9Hg<\/a>\u201d <\/p>\n\n\n\n<h2 class=\"wp-block-heading\">CRISIS del MANGO en Per\u00fa : chileno reacciona a Precios Bajos y Exceso de Oferta #peru #agricultura (0:15:32)<\/h2>\n\n\n\n<p>\u201c<a href=\"https:\/\/www.youtube.com\/watch?v=Zb4hr8jtwyM\">https:\/\/www.youtube.com\/watch?v=Zb4hr8jtwyM<\/a>\u201d <\/p>\n\n\n\n<p>Nota: Ha llegado la hora de evaluar la creaci\u00f3n de un mercado de productos estandarizados por su tipo con el fin de habilitar el mercado de productos futuros, robusteciendo la importancia del cumplimiento de los compromisos y del respeto por la moral p\u00fablica. <\/p>\n\n\n\n<h2 class=\"wp-block-heading\">Hidrov\u00eda Amaz\u00f3nica: Fracaso del megaproyecto en Per\u00fa sirve de advertencia al Tren Bioce\u00e1nico (0:10:22)<\/h2>\n\n\n\n<p>\u201c<a href=\"https:\/\/www.youtube.com\/watch?v=w0z-Q84k6Xg\">https:\/\/www.youtube.com\/watch?v=w0z-Q84k6Xg<\/a>\u201d <\/p>\n\n\n\n<h2 class=\"wp-block-heading\">Este mes SE ABRE TODO! \ud83d\udea7 Bypass LAS TORRES \u2022 3 KM rumbo al Puente Girasoles | Lima Per\u00fa (0:10:48)<\/h2>\n\n\n\n<p>\u201c<a href=\"https:\/\/www.youtube.com\/watch?v=whPfKcP4yeY\">https:\/\/www.youtube.com\/watch?v=whPfKcP4yeY<\/a>\u201d <\/p>\n\n\n\n<h2 class=\"wp-block-heading\">As\u00ed nos impacta hablar m\u00e1s de salud mental (0:26:00)<\/h2>\n\n\n\n<p>\u201c<a href=\"https:\/\/www.youtube.com\/watch?v=HC6asXerStE\">https:\/\/www.youtube.com\/watch?v=HC6asXerStE<\/a>\u201d <\/p>\n\n\n\n<h2 class=\"wp-block-heading\">Expresidente de Bolivia va a la c\u00e1rcel por ser \u00abcorresponsable directo del desfalco\u201d en el pa\u00eds (0:07:49)<\/h2>\n\n\n\n<p>\u201c<a href=\"https:\/\/www.youtube.com\/watch?v=4U_XPQpSehM\">https:\/\/www.youtube.com\/watch?v=4U_XPQpSehM<\/a>\u201d <\/p>\n\n\n\n<h2 class=\"wp-block-heading\">Segunda vuelta en Chile: Jeannette Jara y Jos\u00e9 Antonio Kast se disputan la presidencia (0:02:33)<\/h2>\n\n\n\n<p>\u201c<a href=\"https:\/\/www.youtube.com\/watch?v=PcC3jXhB88Y\">https:\/\/www.youtube.com\/watch?v=PcC3jXhB88Y<\/a>\u201d <\/p>\n\n\n\n<h2 class=\"wp-block-heading\">Elecciones: Desbordes refuerza cr\u00edticas a Jara e insta a empoderar Chile Vamos si gana Kast (2:02:57)<\/h2>\n\n\n\n<p>\u201c<a href=\"https:\/\/www.youtube.com\/watch?v=BU53kdgRkP4&amp;t=130s\">https:\/\/www.youtube.com\/watch?v=BU53kdgRkP4&amp;t=130s<\/a>\u201d <\/p>\n\n\n\n<h2 class=\"wp-block-heading\">\ud83d\udd34 \u00a1QUED\u00d3 LA ESCOBA! JARA comete ERROR que AMENAZA con HUNDIR su CAMPA\u00d1A y EMPODERA a KAST (0:10:56)<\/h2>\n\n\n\n<p>\u201c<a href=\"https:\/\/www.youtube.com\/watch?v=UlIYEm6qATE\">https:\/\/www.youtube.com\/watch?v=UlIYEm6qATE<\/a>\u201d <\/p>\n\n\n\n<h2 class=\"wp-block-heading\">Luis Carlos Reyes habla de Petro, la tensi\u00f3n entre Venezuela y Estados Unidos y econom\u00eda del pa\u00eds (0:09:38)<\/h2>\n\n\n\n<p>\u201c<a href=\"https:\/\/www.youtube.com\/watch?v=-OxUPAwouCE\">https:\/\/www.youtube.com\/watch?v=-OxUPAwouCE<\/a>\u201d <\/p>\n\n\n\n<h2 class=\"wp-block-heading\">\u00bfColombia en la mira de Trump? EE. UU. anuncia ataques terrestres contra carteles (0:16:54)<\/h2>\n\n\n\n<p>\u201c<a href=\"https:\/\/www.youtube.com\/watch?v=Hz4qwfr-sz4\">https:\/\/www.youtube.com\/watch?v=Hz4qwfr-sz4<\/a>\u201d <\/p>\n\n\n\n<h2 class=\"wp-block-heading\">Trump sube el tono contra Petro: \u201cM\u00e1s le vale que se d\u00e9 cuenta o ser\u00e1 el siguiente\u201d (0:09:50)<\/h2>\n\n\n\n<p>\u201c<a href=\"https:\/\/www.youtube.com\/watch?v=r69XvsEDKoQ\">https:\/\/www.youtube.com\/watch?v=r69XvsEDKoQ<\/a>\u201d <\/p>\n\n\n\n<h2 class=\"wp-block-heading\">\u00bfPor qu\u00e9 el ELN decret\u00f3 un paro armado nacional? Su justificaci\u00f3n apunta a Donald Trump (0:18:42)<\/h2>\n\n\n\n<p>\u201c<a href=\"https:\/\/www.youtube.com\/watch?v=OR_tM7KNvOQ\">https:\/\/www.youtube.com\/watch?v=OR_tM7KNvOQ<\/a>\u201d <\/p>\n\n\n\n<h2 class=\"wp-block-heading\">La dura noticia migratoria: miles de latinos deben abandonar EE. UU. en enero. (0:17:06)<\/h2>\n\n\n\n<p>\u201c<a href=\"https:\/\/www.youtube.com\/watch?v=MVvj7pco-R0\">https:\/\/www.youtube.com\/watch?v=MVvj7pco-R0<\/a>\u201d <\/p>\n\n\n\n<h2 class=\"wp-block-heading\">ELN anuncia paro armado desde el 14 de diciembre por amenazas de Trump contra Colombia (0:18:40)<\/h2>\n\n\n\n<p>\u201c<a href=\"https:\/\/www.youtube.com\/watch?v=cefGJaUm5xA\">https:\/\/www.youtube.com\/watch?v=cefGJaUm5xA<\/a>\u201d <\/p>\n\n\n\n<h2 class=\"wp-block-heading\">Encuesta revela qu\u00e9 tan polarizados estamos los colombianos | Resultados del estudio 2025 (0:08:10)<\/h2>\n\n\n\n<p>\u201c<a href=\"https:\/\/www.youtube.com\/watch?v=u3cGP8SKJoo\">https:\/\/www.youtube.com\/watch?v=u3cGP8SKJoo<\/a>\u201d <\/p>\n\n\n\n<h2 class=\"wp-block-heading\">\u201cSe debe ser exigente con quienes tanto da\u00f1o han hecho al pueblo venezolano\u201d: l\u00edder iberoamericano (0:23:39)<\/h2>\n\n\n\n<p>\u201c<a href=\"https:\/\/www.youtube.com\/watch?v=MvTVN4CXVXQ\">https:\/\/www.youtube.com\/watch?v=MvTVN4CXVXQ<\/a>\u201d <\/p>\n\n\n\n<h2 class=\"wp-block-heading\">Equipo de Mar\u00eda Corina rechaza propuesta de Petro: \u201cNo entendemos que abogue por esos criminales\u201d (0:28:07)<\/h2>\n\n\n\n<p>\u201c<a href=\"https:\/\/www.youtube.com\/watch?v=GWrNuTsy7ds\">https:\/\/www.youtube.com\/watch?v=GWrNuTsy7ds<\/a>\u201d <\/p>\n\n\n\n<h2 class=\"wp-block-heading\">Comienza la ASFIXIA TOTAL: EEUU golpea el petr\u00f3leo venezolano @VisualPolitik (0:19:11)<\/h2>\n\n\n\n<p>\u201c<a href=\"https:\/\/www.youtube.com\/watch?v=cPU7MOF-6CI\">https:\/\/www.youtube.com\/watch?v=cPU7MOF-6CI<\/a>\u201d <\/p>\n\n\n\n<h2 class=\"wp-block-heading\">C\u00f3mo operan los buques fantasma petroleros como el confiscado por EE.UU. cerca de Venezuela (0:04:39)<\/h2>\n\n\n\n<p>\u201c<a href=\"https:\/\/www.youtube.com\/watch?v=hEiHfxtNh3g\">https:\/\/www.youtube.com\/watch?v=hEiHfxtNh3g<\/a>\u201d <\/p>\n\n\n\n<h2 class=\"wp-block-heading\">La Justicia secuestr\u00f3 45 autos de lujo y obras de arte de la mansi\u00f3n que le adjudican a Chiqui Tapia (0:06:26)<\/h2>\n\n\n\n<p>\u201c<a href=\"https:\/\/www.youtube.com\/watch?v=fy9VbErQ5mg\">https:\/\/www.youtube.com\/watch?v=fy9VbErQ5mg<\/a>\u201d <\/p>\n\n\n\n<h2 class=\"wp-block-heading\">Ruta del dinero AFA: avanza la investigaci\u00f3n y los caminos conducen a Sur Finanzas (0:49:04)<\/h2>\n\n\n\n<p>\u201c<a href=\"https:\/\/www.youtube.com\/watch?v=BY14puc7ZK4\">https:\/\/www.youtube.com\/watch?v=BY14puc7ZK4<\/a>\u201d <\/p>\n\n\n\n<h2 class=\"wp-block-heading\">China critica a M\u00e9xico por nuevos aranceles y lanza advertencia comercial (0:02:16)<\/h2>\n\n\n\n<p>\u201c<a href=\"https:\/\/www.youtube.com\/watch?v=PwzYzOlYL0w\">https:\/\/www.youtube.com\/watch?v=PwzYzOlYL0w<\/a>\u201d <\/p>\n\n\n\n<h2 class=\"wp-block-heading\">M\u00c9XICO declara la GUERRA COMERCIAL a CHINA: \u00bfSuicidio Econ\u00f3mico o Plan Maestro?- VisualEconomik (0:19:05)<\/h2>\n\n\n\n<p>\u201c<a href=\"https:\/\/www.youtube.com\/watch?v=O2mfDHmfhh0\">https:\/\/www.youtube.com\/watch?v=O2mfDHmfhh0<\/a>\u201d <\/p>\n\n\n\n<h2 class=\"wp-block-heading\">La versi\u00f3n distorsionada de Trump de la Doctrina Monroe (0:29:35)<\/h2>\n\n\n\n<p>\u201c<a href=\"https:\/\/www.youtube.com\/watch?v=-iyVH3dH2DA\">https:\/\/www.youtube.com\/watch?v=-iyVH3dH2DA<\/a>\u201d <\/p>\n\n\n\n<h2 class=\"wp-block-heading\">Ra\u00fal Sohr: \u00abEE.UU. vuelve a decir que Am\u00e9rica Latina es el patio trasero\u00bb (0:28:32)<\/h2>\n\n\n\n<p>\u201c<a href=\"https:\/\/www.youtube.com\/watch?v=huAW_DLQMHA\">https:\/\/www.youtube.com\/watch?v=huAW_DLQMHA<\/a>\u201d <\/p>\n\n\n\n<h2 class=\"wp-block-heading\">Donald Trump arremete contra Europa: dice que hay pa\u00edses que har\u00e1n que la civilizaci\u00f3n desaparezca (0:08:34)<\/h2>\n\n\n\n<p>\u201c<a href=\"https:\/\/www.youtube.com\/watch?v=zryctTXWGnQ\">https:\/\/www.youtube.com\/watch?v=zryctTXWGnQ<\/a>\u201d <\/p>\n\n\n\n<h2 class=\"wp-block-heading\">JP Morgan advierte: Europa camina hacia el abismo (0:08:55)<\/h2>\n\n\n\n<p>\u201c<a href=\"https:\/\/www.youtube.com\/watch?v=bFg8qJg1WYM\">https:\/\/www.youtube.com\/watch?v=bFg8qJg1WYM<\/a>\u201d <\/p>\n\n\n\n<h2 class=\"wp-block-heading\">El gran fracaso de Europa: Jamie Dimon desvela los motivos de la decadencia (0:05:18)<\/h2>\n\n\n\n<p>\u201c<a href=\"https:\/\/www.youtube.com\/watch?v=ecDfdRkpPaI\">https:\/\/www.youtube.com\/watch?v=ecDfdRkpPaI<\/a>\u201d <\/p>\n\n\n\n<h2 class=\"wp-block-heading\">\u26a1\ufe0f \u00a1RUSIA SE DERRUMBA! \u00a1Ej\u00e9rcito mercenario de CUBA y CHINA! \u00a157 regiones sin GASOLINA! (0:22:35)<\/h2>\n\n\n\n<p>\u201c<a href=\"https:\/\/www.youtube.com\/watch?v=P3gCQ3yOoqw\">https:\/\/www.youtube.com\/watch?v=P3gCQ3yOoqw<\/a>\u201d <\/p>\n\n\n\n<h2 class=\"wp-block-heading\">\u26a1\ufe0f CIENTOS DE DRONES, DECENAS DE MISILES: MILES DE UCRANIANOS SIN ELECTRICIDAD (0:11:22)<\/h2>\n\n\n\n<p>\u201c<a href=\"https:\/\/www.youtube.com\/watch?v=HLiJIGXQGMs\">https:\/\/www.youtube.com\/watch?v=HLiJIGXQGMs<\/a>\u201d <\/p>\n\n\n\n<h2 class=\"wp-block-heading\">\u00a1EN VIVO! \u00a1GOLPE CR\u00cdTICO SOBRE MOSC\u00da! \u00a1UCRANIA PRESENTA NUEVA ARMA! (0:15:33)<\/h2>\n\n\n\n<p>\u201c<a href=\"https:\/\/www.youtube.com\/watch?v=nfT-TADjab0\">https:\/\/www.youtube.com\/watch?v=nfT-TADjab0<\/a>\u201d <\/p>\n\n\n\n<h2 class=\"wp-block-heading\">\ud83d\udd34 DW Noticias 13 de diciembre: Bielorrusia libera al nobel de la paz Ales Bialiatski (0:15:01)<\/h2>\n\n\n\n<p>\u201c<a href=\"https:\/\/www.youtube.com\/watch?v=mKLeZVGsEE4\">https:\/\/www.youtube.com\/watch?v=mKLeZVGsEE4<\/a>\u201d <\/p>\n\n\n\n<h2 class=\"wp-block-heading\">Por qu\u00e9 afirman que el mecenas de Trump y JD Vance es el billonario m\u00e1s peligroso de nuestra \u00e9poca (0:12:31)<\/h2>\n\n\n\n<p>\u201c<a href=\"https:\/\/www.youtube.com\/watch?v=UbADdGeRF7Q\">https:\/\/www.youtube.com\/watch?v=UbADdGeRF7Q<\/a>\u201d <\/p>\n\n\n\n<h2 class=\"wp-block-heading\">\u00bfSon los migrantes los culpables de que suba el precio de la vivienda? (0:12:55)<\/h2>\n\n\n\n<p>\u201c<a href=\"https:\/\/www.youtube.com\/watch?v=lw64IesgnXs\">https:\/\/www.youtube.com\/watch?v=lw64IesgnXs<\/a>\u201d <\/p>\n\n\n\n<h2 class=\"wp-block-heading\">Noticias del 2025\/12\/13 19h00 \u2022 FRANCE 24 Espa\u00f1ol (0:15:11)<\/h2>\n\n\n\n<p>\u201c<a href=\"https:\/\/www.youtube.com\/watch?v=AaowR-0OP9s\">https:\/\/www.youtube.com\/watch?v=AaowR-0OP9s<\/a>\u201d <\/p>\n\n\n\n<h2 class=\"wp-block-heading\">Noticias del 2025\/12\/13 13h00 \u2022 FRANCE 24 Espa\u00f1ol (0:14:50)<\/h2>\n\n\n\n<p>\u201c<a href=\"https:\/\/www.youtube.com\/watch?v=fA4FgPCY8RE\">https:\/\/www.youtube.com\/watch?v=fA4FgPCY8RE<\/a>\u201d <\/p>\n\n\n\n<h2 class=\"wp-block-heading\">El mundo en bancarrota: EEUU y China provocan que la deuda global rompa el techo de los 345 billones (0:02:05)<\/h2>\n\n\n\n<p>\u201c<a href=\"https:\/\/www.youtube.com\/watch?v=8YELfKPT5Pc\">https:\/\/www.youtube.com\/watch?v=8YELfKPT5Pc<\/a>\u201d <\/p>\n\n\n\n<h2 class=\"wp-block-heading\">\u201cVenezuela ya est\u00e1 invadida\u201d. Mar\u00eda Corina Machado avisa sobre injerencia extranjera. \u201cNo es EEUU\u00bb (0:16:20)<\/h2>\n\n\n\n<p>\u201c<a href=\"https:\/\/www.youtube.com\/watch?v=xzDFKr90dYM\">https:\/\/www.youtube.com\/watch?v=xzDFKr90dYM<\/a>\u201d <\/p>\n\n\n\n<h2 class=\"wp-block-heading\">Rusia acusa: \u201cEuropa nos enga\u00f1\u00f3\u201d. Bruselas de \u00abus\u00f3 Minsk para ganar tiempo y armar a Ucrania\u201d (0:10:30)<\/h2>\n\n\n\n<p>\u201c<a href=\"https:\/\/www.youtube.com\/watch?v=DS_E_1tQdYw\">https:\/\/www.youtube.com\/watch?v=DS_E_1tQdYw<\/a>\u201d <\/p>\n","protected":false},"excerpt":{"rendered":"<p>ESPECIAL FED | Ruptura total: Powell recorta tipos y estalla una crisis interna sin precedentes (1:22:56) \u201chttps:\/\/www.youtube.com\/watch?v=P7V89iFq8YE\u201d En Reddeportiva.net pensamos que el mundo est\u00e1 llegando a un momento similar al de la \u00e9poca anterior a 1618, que condujera a la guerra de los Treinta A\u00f1os y a la Paz de Westfalia, en que los gremios [&hellip;]<\/p>\n","protected":false},"author":1,"featured_media":0,"comment_status":"closed","ping_status":"closed","sticky":false,"template":"","format":"standard","meta":{"_exactmetrics_skip_tracking":false,"_exactmetrics_sitenote_active":false,"_exactmetrics_sitenote_note":"","_exactmetrics_sitenote_category":0,"ngg_post_thumbnail":0,"footnotes":""},"categories":[1278,1407,1262,1363,1229,1357,1532,1364,1421,1399,1260,1451,1253,1290,1239,1386,1365,1408,1369,1295,1463,1282,1448,1528,1303,1534,1388,1376,1326,1322,1255,22,1226,1225,1307,1527,1256,1452,1411,1202,1417,1241,1324,1490,1370,1319,1501,1377,1358,1297,1243,1425,1286,1416,1498,1310,1340,1237,1462,1547,1222,1516,1293,1223,1539,1291,1354,1404,1361,1270,1446,1280,1349,1515,1350,1283,779,673,871,659,603,1213,1285,36,1252,1529,1356,94,1506,1480,1495,200,1461,1509,1499,1389,1301,1336,1355,1328,1465,1420],"tags":[],"class_list":["post-243377","post","type-post","status-publish","format-standard","hentry","category-accion-politica-proyecciones","category-acuerdo-digital-proyeccion","category-acuerdos","category-administrativo","category-agricultura-produccion-proyecciones","category-alemania-proyecciones-multilateralismo","category-alineamientos","category-arabe-islamico","category-big-techs","category-biologia-proyeccion","category-bolsa-finanzas","category-brics","category-buenas-practicas","category-cadena-de-valor","category-cambio-social","category-centroafricano","category-china-organizacion-multilateralismo-proyecciones","category-ciclo-economico","category-ciudadano","category-compromisos","category-constitucional-control","category-control-proyecciones","category-corrupcion","category-crimen-lesa-humanidad","category-crimen-organizado","category-criptomonedas","category-debido-proceso","category-democracia","category-desarrollo","category-desinformacion-mediatica","category-divisas-finanzas","category-educacion-proyecciones","category-elecciones","category-empoderamiento-proyeccion","category-estado-de-derecho","category-fiscal-control","category-fondos-finanzas","category-g7","category-garantias","category-geopolitica-proyecciones","category-global-britain","category-gobernanza","category-guerra-mediatica","category-guerra-politica","category-humanismo","category-ideologizacion","category-imperial","category-india","category-indo-pacific","category-infraestructura-transporte-proyecciones","category-institucionalidad","category-integracion-cultural","category-integridad","category-inteligencia-artificial","category-japon-organizacion-multilateralismo-proyecciones","category-judicial","category-legalidad","category-libertades","category-maduracion","category-meritocracia","category-mundo-cultural","category-mundo-en-guerra","category-mundo-laboral","category-mundo-politico","category-ocs","category-organizacion-internacional-proyecciones","category-otan","category-poderes-mundiales","category-politico","category-prestamos-finanzas","category-presupuestal","category-presupuestos-finanzas","category-primacia-de-la-realidad","category-primas-de-riesgo","category-prioridades","category-productividad","category-proyecciones","category-proyecciones-paz","category-proyecciones-rutas-de-comercio","category-proyecciones-seguridad","category-proyecciones-sostenible","category-proyecciones-tecnologicas","category-reciprocidad-proyecciones","category-reddeportiva-net","category-respeto","category-robotizacion","category-rusia-proyecciones-multilateralismo","category-salud-mental","category-seguridad-nacional","category-sentido-a-la-vida","category-sentido-comun","category-separata-reddeportiva","category-sistemico","category-social","category-sostenibilidad","category-tasas-de-interes-finanzas","category-terrorismo","category-transporte","category-turquia","category-tutelaje","category-ue","category-valor"],"_links":{"self":[{"href":"https:\/\/reddeportiva.net\/principal\/index.php?rest_route=\/wp\/v2\/posts\/243377","targetHints":{"allow":["GET"]}}],"collection":[{"href":"https:\/\/reddeportiva.net\/principal\/index.php?rest_route=\/wp\/v2\/posts"}],"about":[{"href":"https:\/\/reddeportiva.net\/principal\/index.php?rest_route=\/wp\/v2\/types\/post"}],"author":[{"embeddable":true,"href":"https:\/\/reddeportiva.net\/principal\/index.php?rest_route=\/wp\/v2\/users\/1"}],"replies":[{"embeddable":true,"href":"https:\/\/reddeportiva.net\/principal\/index.php?rest_route=%2Fwp%2Fv2%2Fcomments&post=243377"}],"version-history":[{"count":2,"href":"https:\/\/reddeportiva.net\/principal\/index.php?rest_route=\/wp\/v2\/posts\/243377\/revisions"}],"predecessor-version":[{"id":243379,"href":"https:\/\/reddeportiva.net\/principal\/index.php?rest_route=\/wp\/v2\/posts\/243377\/revisions\/243379"}],"wp:attachment":[{"href":"https:\/\/reddeportiva.net\/principal\/index.php?rest_route=%2Fwp%2Fv2%2Fmedia&parent=243377"}],"wp:term":[{"taxonomy":"category","embeddable":true,"href":"https:\/\/reddeportiva.net\/principal\/index.php?rest_route=%2Fwp%2Fv2%2Fcategories&post=243377"},{"taxonomy":"post_tag","embeddable":true,"href":"https:\/\/reddeportiva.net\/principal\/index.php?rest_route=%2Fwp%2Fv2%2Ftags&post=243377"}],"curies":[{"name":"wp","href":"https:\/\/api.w.org\/{rel}","templated":true}]}}