{"id":242991,"date":"2025-09-16T06:00:05","date_gmt":"2025-09-16T11:00:05","guid":{"rendered":"https:\/\/reddeportiva.net\/principal\/?p=242991"},"modified":"2025-09-16T06:07:45","modified_gmt":"2025-09-16T11:07:45","slug":"claves-del-dia-el-gran-problema-de-israel-a-trump-le-crecen-los-frentes-y-charlie-kirk-y-los-woke","status":"publish","type":"post","link":"https:\/\/reddeportiva.net\/principal\/?p=242991","title":{"rendered":"Claves del d\u00eda: El gran problema de Israel, a Trump le crecen los frentes, y Charlie Kirk y los woke"},"content":{"rendered":"\n<figure class=\"wp-block-embed is-type-video is-provider-youtube wp-block-embed-youtube wp-embed-aspect-16-9 wp-has-aspect-ratio\"><div class=\"wp-block-embed__wrapper\">\n<iframe loading=\"lazy\" title=\"Claves del d\u00eda: El gran problema de Israel, a Trump le crecen los frentes, y Charlie Kirk y los woke\" width=\"625\" height=\"352\" src=\"https:\/\/www.youtube.com\/embed\/R5EWYYf11Ng?feature=oembed\" frameborder=\"0\" allow=\"accelerometer; autoplay; clipboard-write; encrypted-media; gyroscope; picture-in-picture; web-share\" referrerpolicy=\"strict-origin-when-cross-origin\" allowfullscreen><\/iframe>\n<\/div><\/figure>\n\n\n\n<h2 class=\"wp-block-heading\">\u00daLTIMA HORA | Mario Draghi avisa a Europa del desastre: estos son los grandes riesgos (0:35:45)<\/h2>\n\n\n\n<p>\u201c<a href=\"https:\/\/www.youtube.com\/watch?v=sdRoBZtIQak\">https:\/\/www.youtube.com\/watch?v=sdRoBZtIQak<\/a>\u201d <\/p>\n\n\n\n<h2 class=\"wp-block-heading\">\u00daLTIMA HORA | Europa se somete de nuevo a EEUU: Von der Leyen secunda a Trump sobre el petr\u00f3leo ruso (0:03:30)<\/h2>\n\n\n\n<p>\u201c<a href=\"https:\/\/www.youtube.com\/watch?v=gGK06tupun0\">https:\/\/www.youtube.com\/watch?v=gGK06tupun0<\/a>\u201d <\/p>\n\n\n\n<h2 class=\"wp-block-heading\">\u00daLTIMA HORA | M\u00e1s tensi\u00f3n Espa\u00f1a-Israel: convocan a la embajadora por los mensajes contra S\u00e1nchez (0:01:16)<\/h2>\n\n\n\n<p>\u201c<a href=\"https:\/\/www.youtube.com\/watch?v=cB0ZbhIn2Ng\">https:\/\/www.youtube.com\/watch?v=cB0ZbhIn2Ng<\/a>\u201d <\/p>\n\n\n\n<h2 class=\"wp-block-heading\">DE AR\u00cdSTEGUI: El cabreo de Trump ha sido sonoro ante la sorpresa de los ataques de Israel en Catar (0:20:47)<\/h2>\n\n\n\n<p>\u201c<a href=\"https:\/\/www.youtube.com\/watch?v=drWyT3r84eU\">https:\/\/www.youtube.com\/watch?v=drWyT3r84eU<\/a>\u201d <\/p>\n\n\n\n<h2 class=\"wp-block-heading\">\u00daLTIMA HORA | Trump se reunir\u00e1 con Zelensky: EEUU busca impulsar un posible acuerdo de paz con Rusia (0:00:41)<\/h2>\n\n\n\n<p>\u201c<a href=\"https:\/\/www.youtube.com\/watch?v=gSQt9SVqoPU\">https:\/\/www.youtube.com\/watch?v=gSQt9SVqoPU<\/a>\u201d <\/p>\n\n\n\n<h2 class=\"wp-block-heading\">NOTICIAS DE LA MA\u00d1ANA: Trump respalda a Netanyahu, golpea a Venezuela y guerra con los medios (0:24:15)<\/h2>\n\n\n\n<p>\u201c<a href=\"https:\/\/www.youtube.com\/watch?v=qFQpUCp0o94\">https:\/\/www.youtube.com\/watch?v=qFQpUCp0o94<\/a>\u201d <\/p>\n\n\n\n<p>En Reddeportiva.net sostenemos que gran parte de la violencia que se est\u00e1 generando en la sociedad peruana tiene origen en acciones puestas en marcha desde el exterior.\u00a0 Por lo tanto, estamos muy sorprendidos por la escasa difusi\u00f3n medi\u00e1tica que ha tenido la noticia de la captura de un alto n\u00famero de miembros del tren de Aragua, como consecuencia de una acci\u00f3n antidelincuencial coordinada entre la Inteligencia Financiera de la SBS, el Ministerio P\u00fablico y nuestra Polic\u00eda Nacional del Per\u00fa.\u00a0 Estos hechos fueron mencionados en la argumentaci\u00f3n que hizo el Ministro del Interior en su defensa, durante su reciente interpelaci\u00f3n parlamentaria, sin que haya sido acogida tanto por los grandes medios como por los otros que no califican como tales.\u00a0 Es muy importante detener la violencia que est\u00e1 afectando a nuestra sociedad.\u00a0 En ese sentido, hemos afirmado que la movilidad social es una caracter\u00edstica importante para controlar la violencia social, raz\u00f3n por la cual debemos darnos cuenta de que la mayor prioridad, entre los objetivos perseguidos por el mencionado apoyo exterior, la tiene el sabotear y el obstaculizar la movilidad social en nuestra sociedad.\u00a0 Es por esta raz\u00f3n que desde esta tribuna recomendamos combatir las acciones denunciadas no solo con actividades educativas y de salud; entre otras como una gesti\u00f3n de abajo hacia arriba, la consolidaci\u00f3n de una meritocracia y un control anticipado de los actos antisociales; como lo indican las recomendaciones tradicionales; sino tambi\u00e9n, con el de asumir un fuerte liderazgo en actividades de desarrollo, como podr\u00edan ser las vinculadas con el nuevo proyecto de desarrollo agr\u00edcola en Nazca, adelantando acciones del tipo rese\u00f1adas en el siguiente enlace \u201c<a href=\"https:\/\/reddeportiva.net\/principal\/?cat=1317\">https:\/\/reddeportiva.net\/principal\/?cat=1317<\/a>\u201d; as\u00ed como actividades de promoci\u00f3n agr\u00edcola, pecuaria y forestal en todo el pa\u00eds; en especial con proyectos de recuperaci\u00f3n de actividades tradicionales como la cr\u00eda de llamas cuyo descuido ha sido denunciado en PBO, en un programa cuyo v\u00eddeo no hemos podido localizar.<\/p>\n\n\n\n<h2 class=\"wp-block-heading\">5 IMPACTOS de la Geopol\u00edtica Mundial que podr\u00edan CAMBIAR a PER\u00da para siempre (0:08:50)<\/h2>\n\n\n\n<p>\u201c<a href=\"https:\/\/www.youtube.com\/watch?v=Ur5hB27aiWU\">https:\/\/www.youtube.com\/watch?v=Ur5hB27aiWU<\/a>\u201d <\/p>\n\n\n\n<h2 class=\"wp-block-heading\">El gobierno a favor de un nuevo retiro de la AFP: \u00bfqu\u00e9 pas\u00f3? | #noticiasempresariales (0:18:59)<\/h2>\n\n\n\n<p>\u201c<a href=\"https:\/\/www.youtube.com\/watch?v=4MxyzB7ZneM\">https:\/\/www.youtube.com\/watch?v=4MxyzB7ZneM<\/a>\u201d <\/p>\n\n\n\n<h2 class=\"wp-block-heading\">\u00bfQu\u00e9 implica la decisi\u00f3n de Estados Unidos de descertificar a Colombia en lucha antidrogas? (0:58:05)<\/h2>\n\n\n\n<p>\u201c<a href=\"https:\/\/www.youtube.com\/watch?v=JTBfhSPZl-0\">https:\/\/www.youtube.com\/watch?v=JTBfhSPZl-0<\/a>\u201d <\/p>\n\n\n\n<h2 class=\"wp-block-heading\">Estados Unidos confirma descertificaci\u00f3n para Colombia en la lucha antidrogas: hay excepciones (0:06:34)<\/h2>\n\n\n\n<p>\u201c<a href=\"https:\/\/www.youtube.com\/watch?v=a7mHdFcaaX4\">https:\/\/www.youtube.com\/watch?v=a7mHdFcaaX4<\/a>\u201d <\/p>\n\n\n\n<h2 class=\"wp-block-heading\">Exfiscal Francisco Barbosa habla de raz\u00f3nes por las que Colombia podr\u00eda ser desertificado por EEUU (0:14:43)<\/h2>\n\n\n\n<p>\u201c<a href=\"https:\/\/www.youtube.com\/watch?v=DhpRinrqzAI\">https:\/\/www.youtube.com\/watch?v=DhpRinrqzAI<\/a>\u201d <\/p>\n\n\n\n<h2 class=\"wp-block-heading\">Colombia espera la certificaci\u00f3n antidrogas: \u00bfse conseguir\u00e1, pero con un \u201ccastigo\u201d? (0:15:04)<\/h2>\n\n\n\n<p>\u201c<a href=\"https:\/\/www.youtube.com\/watch?v=K15Zw3Q80CY\">https:\/\/www.youtube.com\/watch?v=K15Zw3Q80CY<\/a>\u201d <\/p>\n\n\n\n<h2 class=\"wp-block-heading\">\u00c9xodo a la inversa: venezolanos regresan por medidas de Trump y tensi\u00f3n militar | Noticias UNO (0:08:48)<\/h2>\n\n\n\n<p>\u201c<a href=\"https:\/\/www.youtube.com\/watch?v=r5WBxmUlksA\">https:\/\/www.youtube.com\/watch?v=r5WBxmUlksA<\/a>\u201d <\/p>\n\n\n\n<h2 class=\"wp-block-heading\">Inauguran la M\u00e1s Grande Presa de \u00c1frica que Bloquea el Nilo (0:14:44)<\/h2>\n\n\n\n<p>\u201c<a href=\"https:\/\/www.youtube.com\/watch?v=R7jWENs847Y\">https:\/\/www.youtube.com\/watch?v=R7jWENs847Y<\/a>\u201d <\/p>\n\n\n\n<h2 class=\"wp-block-heading\">Fiesta y protesta: el doble rostro del desfile mexicano en EE. UU. (0:01:30)<\/h2>\n\n\n\n<p>\u201c<a href=\"https:\/\/www.youtube.com\/watch?v=bCC3H3rMT60\">https:\/\/www.youtube.com\/watch?v=bCC3H3rMT60<\/a>\u201d <\/p>\n\n\n\n<h2 class=\"wp-block-heading\">\ud83d\udd34DW Noticias del 15 de septiembre: EE. UU. destruye otra embarcaci\u00f3n venezolana en el Caribe (0:27:34)<\/h2>\n\n\n\n<p>\u201c<a href=\"https:\/\/www.youtube.com\/watch?v=2HUE7VtT8Wc\">https:\/\/www.youtube.com\/watch?v=2HUE7VtT8Wc<\/a>\u201d <\/p>\n\n\n\n<h2 class=\"wp-block-heading\">Ultraderecha de Alemania casi triplica su resultado en el estado m\u00e1s poblado (0:03:36)<\/h2>\n\n\n\n<p>\u201c<a href=\"https:\/\/www.youtube.com\/watch?v=pOrcTYPRri0\">https:\/\/www.youtube.com\/watch?v=pOrcTYPRri0<\/a>\u201d <\/p>\n\n\n\n<h2 class=\"wp-block-heading\">Noticias del 2025\/09\/15 20h00 \u2022 FRANCE 24 Espa\u00f1ol (0:29:00)<\/h2>\n\n\n\n<p>\u201c<a href=\"https:\/\/www.youtube.com\/watch?v=O3YhfFPcQAI\">https:\/\/www.youtube.com\/watch?v=O3YhfFPcQAI<\/a>\u201d <\/p>\n\n\n\n<h2 class=\"wp-block-heading\">NOTICIERO: Rusia advierte a Europa de \u00abuna cat\u00e1strofe\u00bb, p\u00e1nico en la OTAN y Trump advierte a China (0:33:31)<\/h2>\n\n\n\n<p>\u201c<a href=\"https:\/\/www.youtube.com\/watch?v=-HIzOjaxE08\">https:\/\/www.youtube.com\/watch?v=-HIzOjaxE08<\/a>\u201d <\/p>\n\n\n\n<h2 class=\"wp-block-heading\">\u00daLTIMA HORA | As\u00ed ha sido el ataque de EEUU a barcos de narcoterroristas de Venezuela (0:04:58)<\/h2>\n\n\n\n<p>\u201c<a href=\"https:\/\/www.youtube.com\/watch?v=IlMtSoJcF4w\">https:\/\/www.youtube.com\/watch?v=IlMtSoJcF4w<\/a>\u201d <\/p>\n\n\n\n<h2 class=\"wp-block-heading\">INFORMATIVO: Rusia lanza una advertencia fulminante, alerta m\u00e1xima en la OTAN y Trump avisa a China (0:34:12)<\/h2>\n\n\n\n<p>\u201c<a href=\"https:\/\/www.youtube.com\/watch?v=F244wq8zwMI\">https:\/\/www.youtube.com\/watch?v=F244wq8zwMI<\/a>\u201d <\/p>\n\n\n\n<h2 class=\"wp-block-heading\">VIVES: Europa en peligro: estas son las armas y estrategias de Rusia que ponen a la OTAN al l\u00edmite (0:13:55)<\/h2>\n\n\n\n<p>\u201c<a href=\"https:\/\/www.youtube.com\/watch?v=wycjRvuTFVc\">https:\/\/www.youtube.com\/watch?v=wycjRvuTFVc<\/a>\u201d <\/p>\n\n\n\n<h2 class=\"wp-block-heading\">LAS NOTICIAS: Rusia advierte a la OTAN de una guerra total, Trump amenaza a China y jaque a Merz (0:25:25)<\/h2>\n\n\n\n<p>\u201c<a href=\"https:\/\/www.youtube.com\/watch?v=IoTrvYPhu2Q\">https:\/\/www.youtube.com\/watch?v=IoTrvYPhu2Q<\/a>\u201d <\/p>\n\n\n\n<h2 class=\"wp-block-heading\">\u00abPutin est\u00e1 jugando a ver cu\u00e1l es la respuesta de la OTAN, identificando sus puntos d\u00e9biles\u00bb. Torres (0:15:05)<\/h2>\n\n\n\n<p>\u201c<a href=\"https:\/\/www.youtube.com\/watch?v=-s9OFQu7t5s\">https:\/\/www.youtube.com\/watch?v=-s9OFQu7t5s<\/a>\u201d <\/p>\n","protected":false},"excerpt":{"rendered":"<p>\u00daLTIMA HORA | Mario Draghi avisa a Europa del desastre: estos son los grandes riesgos (0:35:45) \u201chttps:\/\/www.youtube.com\/watch?v=sdRoBZtIQak\u201d \u00daLTIMA HORA | Europa se somete de nuevo a EEUU: Von der Leyen secunda a Trump sobre el petr\u00f3leo ruso (0:03:30) \u201chttps:\/\/www.youtube.com\/watch?v=gGK06tupun0\u201d \u00daLTIMA HORA | M\u00e1s tensi\u00f3n Espa\u00f1a-Israel: convocan a la embajadora por los mensajes contra S\u00e1nchez (0:01:16) [&hellip;]<\/p>\n","protected":false},"author":1,"featured_media":0,"comment_status":"closed","ping_status":"closed","sticky":false,"template":"","format":"standard","meta":{"_exactmetrics_skip_tracking":false,"_exactmetrics_sitenote_active":false,"_exactmetrics_sitenote_note":"","_exactmetrics_sitenote_category":0,"ngg_post_thumbnail":0,"footnotes":""},"categories":[1278,1407,1262,1363,1229,1357,1532,1364,1421,1399,1260,1451,1253,1290,1239,1365,1408,1369,1317,1272,1463,1282,1448,1528,1303,1534,1388,1376,1326,1322,1255,22,1307,1527,1452,1411,1202,1417,1241,1324,1490,1370,1319,1501,1377,1358,1243,1425,1286,1416,1498,1310,1340,1237,1222,1516,1293,1223,1539,1291,1354,1404,1361,1270,1446,1280,1349,1515,1350,1283,779,673,659,603,1213,1285,36,1252,1356,1505,1506,1480,1495,200,1461,1509,1499,1389,1355,1465,1420],"tags":[],"class_list":["post-242991","post","type-post","status-publish","format-standard","hentry","category-accion-politica-proyecciones","category-acuerdo-digital-proyeccion","category-acuerdos","category-administrativo","category-agricultura-produccion-proyecciones","category-alemania-proyecciones-multilateralismo","category-alineamientos","category-arabe-islamico","category-big-techs","category-biologia-proyeccion","category-bolsa-finanzas","category-brics","category-buenas-practicas","category-cadena-de-valor","category-cambio-social","category-china-organizacion-multilateralismo-proyecciones","category-ciclo-economico","category-ciudadano","category-colonizaciones","category-competencia-leal","category-constitucional-control","category-control-proyecciones","category-corrupcion","category-crimen-lesa-humanidad","category-crimen-organizado","category-criptomonedas","category-debido-proceso","category-democracia","category-desarrollo","category-desinformacion-mediatica","category-divisas-finanzas","category-educacion-proyecciones","category-estado-de-derecho","category-fiscal-control","category-g7","category-garantias","category-geopolitica-proyecciones","category-global-britain","category-gobernanza","category-guerra-mediatica","category-guerra-politica","category-humanismo","category-ideologizacion","category-imperial","category-india","category-indo-pacific","category-institucionalidad","category-integracion-cultural","category-integridad","category-inteligencia-artificial","category-japon-organizacion-multilateralismo-proyecciones","category-judicial","category-legalidad","category-libertades","category-mundo-cultural","category-mundo-en-guerra","category-mundo-laboral","category-mundo-politico","category-ocs","category-organizacion-internacional-proyecciones","category-otan","category-poderes-mundiales","category-politico","category-prestamos-finanzas","category-presupuestal","category-presupuestos-finanzas","category-primacia-de-la-realidad","category-primas-de-riesgo","category-prioridades","category-productividad","category-proyecciones","category-proyecciones-paz","category-proyecciones-seguridad","category-proyecciones-sostenible","category-proyecciones-tecnologicas","category-reciprocidad-proyecciones","category-reddeportiva-net","category-respeto","category-rusia-proyecciones-multilateralismo","category-sabotage","category-seguridad-nacional","category-sentido-a-la-vida","category-sentido-comun","category-separata-reddeportiva","category-sistemico","category-social","category-sostenibilidad","category-tasas-de-interes-finanzas","category-turquia","category-ue","category-valor"],"_links":{"self":[{"href":"https:\/\/reddeportiva.net\/principal\/index.php?rest_route=\/wp\/v2\/posts\/242991","targetHints":{"allow":["GET"]}}],"collection":[{"href":"https:\/\/reddeportiva.net\/principal\/index.php?rest_route=\/wp\/v2\/posts"}],"about":[{"href":"https:\/\/reddeportiva.net\/principal\/index.php?rest_route=\/wp\/v2\/types\/post"}],"author":[{"embeddable":true,"href":"https:\/\/reddeportiva.net\/principal\/index.php?rest_route=\/wp\/v2\/users\/1"}],"replies":[{"embeddable":true,"href":"https:\/\/reddeportiva.net\/principal\/index.php?rest_route=%2Fwp%2Fv2%2Fcomments&post=242991"}],"version-history":[{"count":3,"href":"https:\/\/reddeportiva.net\/principal\/index.php?rest_route=\/wp\/v2\/posts\/242991\/revisions"}],"predecessor-version":[{"id":242995,"href":"https:\/\/reddeportiva.net\/principal\/index.php?rest_route=\/wp\/v2\/posts\/242991\/revisions\/242995"}],"wp:attachment":[{"href":"https:\/\/reddeportiva.net\/principal\/index.php?rest_route=%2Fwp%2Fv2%2Fmedia&parent=242991"}],"wp:term":[{"taxonomy":"category","embeddable":true,"href":"https:\/\/reddeportiva.net\/principal\/index.php?rest_route=%2Fwp%2Fv2%2Fcategories&post=242991"},{"taxonomy":"post_tag","embeddable":true,"href":"https:\/\/reddeportiva.net\/principal\/index.php?rest_route=%2Fwp%2Fv2%2Ftags&post=242991"}],"curies":[{"name":"wp","href":"https:\/\/api.w.org\/{rel}","templated":true}]}}