{"id":242973,"date":"2025-09-12T04:37:11","date_gmt":"2025-09-12T09:37:11","guid":{"rendered":"https:\/\/reddeportiva.net\/principal\/?p=242973"},"modified":"2025-09-12T04:37:13","modified_gmt":"2025-09-12T09:37:13","slug":"claves-del-dia-rusia-asusta-a-europa-polonia-moviliza-40-000-soldados-y-el-super-control-social","status":"publish","type":"post","link":"https:\/\/reddeportiva.net\/principal\/?p=242973","title":{"rendered":"Claves del d\u00eda: Rusia asusta a Europa, Polonia moviliza 40.000 soldados y el s\u00faper control social"},"content":{"rendered":"\n<figure class=\"wp-block-embed is-type-video is-provider-youtube wp-block-embed-youtube wp-embed-aspect-16-9 wp-has-aspect-ratio\"><div class=\"wp-block-embed__wrapper\">\n<iframe loading=\"lazy\" title=\"Claves del d\u00eda: Rusia asusta a Europa, Polonia moviliza 40.000 soldados y el s\u00faper control social\" width=\"625\" height=\"352\" src=\"https:\/\/www.youtube.com\/embed\/nE054L6jRYQ?feature=oembed\" frameborder=\"0\" allow=\"accelerometer; autoplay; clipboard-write; encrypted-media; gyroscope; picture-in-picture; web-share\" referrerpolicy=\"strict-origin-when-cross-origin\" allowfullscreen><\/iframe>\n<\/div><\/figure>\n\n\n\n<h2 class=\"wp-block-heading\">TEMPRANO: \u201cLo de Polonia no fue un error, fue un test calculado de Putin\u201d (0:23:30)<\/h2>\n\n\n\n<p>\u201c<a href=\"https:\/\/www.youtube.com\/watch?v=0cLQgJMHpso\">https:\/\/www.youtube.com\/watch?v=0cLQgJMHpso<\/a>\u201d <\/p>\n\n\n\n<h2 class=\"wp-block-heading\">BRUTAL! CON LA SALIDA DE SILVANA CARRION GORRITI QUEDA EN UNA SITUACI\u00d3N COMPLICADA SE ACABA IMPUNIDA (0:40:27)<\/h2>\n\n\n\n<p>\u201c<a href=\"https:\/\/www.youtube.com\/watch?v=7GiSAcCTC1Y\">https:\/\/www.youtube.com\/watch?v=7GiSAcCTC1Y<\/a>\u201d <\/p>\n\n\n\n<h2 class=\"wp-block-heading\">Al asesinato Charlie Kirk en USA y el odio del wokismo (0:30:03)<\/h2>\n\n\n\n<p>\u201c<a href=\"https:\/\/www.youtube.com\/watch?v=IbWfl69iVxM\">https:\/\/www.youtube.com\/watch?v=IbWfl69iVxM<\/a>\u201d <\/p>\n\n\n\n<h2 class=\"wp-block-heading\">Bolsonaro condenado a 27 a\u00f1os de c\u00e1rcel por intento de golpe tras elecciones en Brasil (0:02:23)<\/h2>\n\n\n\n<p>\u201c<a href=\"https:\/\/www.youtube.com\/watch?v=uWhvQqXaQMk\">https:\/\/www.youtube.com\/watch?v=uWhvQqXaQMk<\/a>\u201d <\/p>\n\n\n\n<h2 class=\"wp-block-heading\">Experto explica implicaciones de la condena al expresidente Bolsonaro: \u00abNo se trata de persecuci\u00f3n\u00bb (0:18:51)<\/h2>\n\n\n\n<p>\u201c<a href=\"https:\/\/www.youtube.com\/watch?v=MEdqR4bmbIg\">https:\/\/www.youtube.com\/watch?v=MEdqR4bmbIg<\/a>\u201d <\/p>\n\n\n\n<h2 class=\"wp-block-heading\">\u00bfEstamos ante un nuevo punto de quiebre entre el gobierno franc\u00e9s y la ciudadan\u00eda? (0:43:40)<\/h2>\n\n\n\n<p>\u201c<a href=\"https:\/\/www.youtube.com\/watch?v=s95iTp7ggI8\">https:\/\/www.youtube.com\/watch?v=s95iTp7ggI8<\/a>\u201d <\/p>\n\n\n\n<h2 class=\"wp-block-heading\">La GRAN AMENAZA de EUROPA VIENE de DENTRO (0:28:12)<\/h2>\n\n\n\n<p>\u201c<a href=\"https:\/\/www.youtube.com\/watch?v=jzvH5ehaEi4\">https:\/\/www.youtube.com\/watch?v=jzvH5ehaEi4<\/a>\u201d <\/p>\n\n\n\n<h2 class=\"wp-block-heading\">Von der Leyen propone sanciones y suspensi\u00f3n parcial de comercio con Israel (0:13:50)<\/h2>\n\n\n\n<p>\u201c<a href=\"https:\/\/www.youtube.com\/watch?v=FkwSXjLXYzY\">https:\/\/www.youtube.com\/watch?v=FkwSXjLXYzY<\/a>\u201d <\/p>\n\n\n\n<h2 class=\"wp-block-heading\">Europa va a pique: el discurso del miedo de Von der Leyen y la amenaza a la soberan\u00eda nacional (0:18:22)<\/h2>\n\n\n\n<p>\u201c<a href=\"https:\/\/www.youtube.com\/watch?v=xX7eSQVwyaE\">https:\/\/www.youtube.com\/watch?v=xX7eSQVwyaE<\/a>\u201d <\/p>\n\n\n\n<h2 class=\"wp-block-heading\">Parlamento Europeo aprueba resoluci\u00f3n para que la UE declare al Cartel de los Soles grupo terrorista (0:11:06)<\/h2>\n\n\n\n<p>\u201c<a href=\"https:\/\/www.youtube.com\/watch?v=BPQpJerrkh0\">https:\/\/www.youtube.com\/watch?v=BPQpJerrkh0<\/a>\u201d <\/p>\n\n\n\n<h2 class=\"wp-block-heading\">Aumenta la inflaci\u00f3n en EE. UU. mientras el mercado laboral se debilita (0:12:02)<\/h2>\n\n\n\n<p>\u201c<a href=\"https:\/\/www.youtube.com\/watch?v=9vGu7jAHwSk\">https:\/\/www.youtube.com\/watch?v=9vGu7jAHwSk<\/a>\u201d <\/p>\n\n\n\n<h2 class=\"wp-block-heading\">M\u00e9xico sube aranceles al 50 % para autos chinos (0:05:04)<\/h2>\n\n\n\n<p>\u201c<a href=\"https:\/\/www.youtube.com\/watch?v=rPz83BDcStw\">https:\/\/www.youtube.com\/watch?v=rPz83BDcStw<\/a>\u201d <\/p>\n\n\n\n<h2 class=\"wp-block-heading\">\ud83d\udd34 DW Noticias del 11 de septiembre: Jair Bolsonaro, condenado por intento de golpe de Estado (0:24:50)<\/h2>\n\n\n\n<p>\u201c<a href=\"https:\/\/www.youtube.com\/watch?v=nWOugpoIBuI\">https:\/\/www.youtube.com\/watch?v=nWOugpoIBuI<\/a>\u201d <\/p>\n\n\n\n<h2 class=\"wp-block-heading\">Noticias del 2025\/09\/11 21h00 \u2022 FRANCE 24 Espa\u00f1ol (0:14:44)<\/h2>\n\n\n\n<p>\u201c<a href=\"https:\/\/www.youtube.com\/watch?v=mJxdPZkzrWY\">https:\/\/www.youtube.com\/watch?v=mJxdPZkzrWY<\/a>\u201d <\/p>\n\n\n\n<h2 class=\"wp-block-heading\">NOTICIERO: caos total en EEUU por el asesinato de Kirk, Trump enfurecido y Rusia alerta a la OTAN (0:29:07)<\/h2>\n\n\n\n<p>\u201c<a href=\"https:\/\/www.youtube.com\/watch?v=KUWNtCVkH3Q\">https:\/\/www.youtube.com\/watch?v=KUWNtCVkH3Q<\/a>\u201d <\/p>\n\n\n\n<h2 class=\"wp-block-heading\">ANDREW SMITH: \u00abLa sociedad de EEUU est\u00e1 al borde de una crisis por la radicalizaci\u00f3n pol\u00edtica\u00bb (0:18:03)<\/h2>\n\n\n\n<p>\u201c<a href=\"https:\/\/www.youtube.com\/watch?v=2OkAvrJyxLo\">https:\/\/www.youtube.com\/watch?v=2OkAvrJyxLo<\/a>\u201d <\/p>\n\n\n\n<h2 class=\"wp-block-heading\">\u00bfEST\u00c1S PREPARADO PARA IR A LA GUERRA? \u00bfQu\u00e9 opinan los europeos? As\u00ed es el art\u00edculo 5 de la OTAN (0:26:03) <\/h2>\n\n\n\n<p>\u201c<a href=\"https:\/\/www.youtube.com\/watch?v=BTD6zncvLIE\">https:\/\/www.youtube.com\/watch?v=BTD6zncvLIE<\/a>\u201d <\/p>\n\n\n\n<h2 class=\"wp-block-heading\">INFORMATIVO: Rusia advierte de histeria en la OTAN, shock en EEUU por Kirk y Trump reprende a Israel (0:24:55)<\/h2>\n\n\n\n<p>\u201c<a href=\"https:\/\/www.youtube.com\/watch?v=5IDK74c25AA\">https:\/\/www.youtube.com\/watch?v=5IDK74c25AA<\/a>\u201d <\/p>\n\n\n\n<h2 class=\"wp-block-heading\">LAS NOTICIAS: Trump enfurecido por el asesinato de Kirk, alerta m\u00e1xima en la OTAN e Israel recula (0:29:40)<\/h2>\n\n\n\n<p>\u201c<a href=\"https:\/\/www.youtube.com\/watch?v=pr3gu9g7rPQ\">https:\/\/www.youtube.com\/watch?v=pr3gu9g7rPQ<\/a>\u201d <\/p>\n\n\n\n<h2 class=\"wp-block-heading\">JASIEL PARIS: \u00bfEst\u00e1 Polonia ya en guerra? Su rol clave y la implicaci\u00f3n indirecta frente a Rusia (0:14:05)<\/h2>\n\n\n\n<p>\u201c<a href=\"https:\/\/www.youtube.com\/watch?v=nEXflftuwns\">https:\/\/www.youtube.com\/watch?v=nEXflftuwns<\/a>\u201d <\/p>\n","protected":false},"excerpt":{"rendered":"<p>TEMPRANO: \u201cLo de Polonia no fue un error, fue un test calculado de Putin\u201d (0:23:30) \u201chttps:\/\/www.youtube.com\/watch?v=0cLQgJMHpso\u201d BRUTAL! CON LA SALIDA DE SILVANA CARRION GORRITI QUEDA EN UNA SITUACI\u00d3N COMPLICADA SE ACABA IMPUNIDA (0:40:27) \u201chttps:\/\/www.youtube.com\/watch?v=7GiSAcCTC1Y\u201d Al asesinato Charlie Kirk en USA y el odio del wokismo (0:30:03) \u201chttps:\/\/www.youtube.com\/watch?v=IbWfl69iVxM\u201d Bolsonaro condenado a 27 a\u00f1os de c\u00e1rcel por [&hellip;]<\/p>\n","protected":false},"author":1,"featured_media":0,"comment_status":"closed","ping_status":"closed","sticky":false,"template":"","format":"standard","meta":{"_exactmetrics_skip_tracking":false,"_exactmetrics_sitenote_active":false,"_exactmetrics_sitenote_note":"","_exactmetrics_sitenote_category":0,"ngg_post_thumbnail":0,"footnotes":""},"categories":[1278,1407,1262,1363,1357,1532,1364,1421,1399,1260,1451,1253,1290,1239,1365,1408,1369,1463,1282,1448,1528,1303,1534,1388,1376,1326,1322,1255,22,1307,1527,1452,1411,1202,1417,1241,1324,1490,1370,1319,1501,1377,1358,1243,1425,1286,1416,1498,1310,1340,1237,1222,1516,1293,1223,1539,1323,1291,1354,1404,1361,1270,1446,1280,1349,1515,1350,1283,779,673,659,603,1213,1285,36,1252,1384,1356,94,1506,1480,1495,200,1461,1509,1499,1389,1355,1465,1420],"tags":[],"class_list":["post-242973","post","type-post","status-publish","format-standard","hentry","category-accion-politica-proyecciones","category-acuerdo-digital-proyeccion","category-acuerdos","category-administrativo","category-alemania-proyecciones-multilateralismo","category-alineamientos","category-arabe-islamico","category-big-techs","category-biologia-proyeccion","category-bolsa-finanzas","category-brics","category-buenas-practicas","category-cadena-de-valor","category-cambio-social","category-china-organizacion-multilateralismo-proyecciones","category-ciclo-economico","category-ciudadano","category-constitucional-control","category-control-proyecciones","category-corrupcion","category-crimen-lesa-humanidad","category-crimen-organizado","category-criptomonedas","category-debido-proceso","category-democracia","category-desarrollo","category-desinformacion-mediatica","category-divisas-finanzas","category-educacion-proyecciones","category-estado-de-derecho","category-fiscal-control","category-g7","category-garantias","category-geopolitica-proyecciones","category-global-britain","category-gobernanza","category-guerra-mediatica","category-guerra-politica","category-humanismo","category-ideologizacion","category-imperial","category-india","category-indo-pacific","category-institucionalidad","category-integracion-cultural","category-integridad","category-inteligencia-artificial","category-japon-organizacion-multilateralismo-proyecciones","category-judicial","category-legalidad","category-libertades","category-mundo-cultural","category-mundo-en-guerra","category-mundo-laboral","category-mundo-politico","category-ocs","category-odio-mediatico","category-organizacion-internacional-proyecciones","category-otan","category-poderes-mundiales","category-politico","category-prestamos-finanzas","category-presupuestal","category-presupuestos-finanzas","category-primacia-de-la-realidad","category-primas-de-riesgo","category-prioridades","category-productividad","category-proyecciones","category-proyecciones-paz","category-proyecciones-seguridad","category-proyecciones-sostenible","category-proyecciones-tecnologicas","category-reciprocidad-proyecciones","category-reddeportiva-net","category-respeto","category-riesgos-y-vulnerabilidades","category-rusia-proyecciones-multilateralismo","category-salud-mental","category-seguridad-nacional","category-sentido-a-la-vida","category-sentido-comun","category-separata-reddeportiva","category-sistemico","category-social","category-sostenibilidad","category-tasas-de-interes-finanzas","category-turquia","category-ue","category-valor"],"_links":{"self":[{"href":"https:\/\/reddeportiva.net\/principal\/index.php?rest_route=\/wp\/v2\/posts\/242973","targetHints":{"allow":["GET"]}}],"collection":[{"href":"https:\/\/reddeportiva.net\/principal\/index.php?rest_route=\/wp\/v2\/posts"}],"about":[{"href":"https:\/\/reddeportiva.net\/principal\/index.php?rest_route=\/wp\/v2\/types\/post"}],"author":[{"embeddable":true,"href":"https:\/\/reddeportiva.net\/principal\/index.php?rest_route=\/wp\/v2\/users\/1"}],"replies":[{"embeddable":true,"href":"https:\/\/reddeportiva.net\/principal\/index.php?rest_route=%2Fwp%2Fv2%2Fcomments&post=242973"}],"version-history":[{"count":2,"href":"https:\/\/reddeportiva.net\/principal\/index.php?rest_route=\/wp\/v2\/posts\/242973\/revisions"}],"predecessor-version":[{"id":242975,"href":"https:\/\/reddeportiva.net\/principal\/index.php?rest_route=\/wp\/v2\/posts\/242973\/revisions\/242975"}],"wp:attachment":[{"href":"https:\/\/reddeportiva.net\/principal\/index.php?rest_route=%2Fwp%2Fv2%2Fmedia&parent=242973"}],"wp:term":[{"taxonomy":"category","embeddable":true,"href":"https:\/\/reddeportiva.net\/principal\/index.php?rest_route=%2Fwp%2Fv2%2Fcategories&post=242973"},{"taxonomy":"post_tag","embeddable":true,"href":"https:\/\/reddeportiva.net\/principal\/index.php?rest_route=%2Fwp%2Fv2%2Ftags&post=242973"}],"curies":[{"name":"wp","href":"https:\/\/api.w.org\/{rel}","templated":true}]}}