{"id":242964,"date":"2025-09-10T05:20:52","date_gmt":"2025-09-10T10:20:52","guid":{"rendered":"https:\/\/reddeportiva.net\/principal\/?p=242964"},"modified":"2025-09-10T05:20:55","modified_gmt":"2025-09-10T10:20:55","slug":"claves-del-dia-rusia-desata-la-alerta-trump-censura-a-israel-y-la-crisis-que-se-avecina-en-eeuu","status":"publish","type":"post","link":"https:\/\/reddeportiva.net\/principal\/?p=242964","title":{"rendered":"Claves del d\u00eda: Rusia desata la alerta, Trump censura a Israel y la crisis que se avecina en EEUU"},"content":{"rendered":"\n<figure class=\"wp-block-embed is-type-video is-provider-youtube wp-block-embed-youtube wp-embed-aspect-16-9 wp-has-aspect-ratio\"><div class=\"wp-block-embed__wrapper\">\n<iframe loading=\"lazy\" title=\"Claves del d\u00eda: Rusia desata la alerta, Trump censura a Israel y la crisis que se avecina en EEUU\" width=\"625\" height=\"352\" src=\"https:\/\/www.youtube.com\/embed\/aqZBFpvwVjs?feature=oembed\" frameborder=\"0\" allow=\"accelerometer; autoplay; clipboard-write; encrypted-media; gyroscope; picture-in-picture; web-share\" referrerpolicy=\"strict-origin-when-cross-origin\" allowfullscreen><\/iframe>\n<\/div><\/figure>\n\n\n\n<h2 class=\"wp-block-heading\">\u00daLTIMA HORA | \u201cEuropa defender\u00e1 cada cent\u00edmetro cuadrado de su territorio\u201d: Von der Leyen (0:06:16)<\/h2>\n\n\n\n<p>\u201c<a href=\"https:\/\/www.youtube.com\/watch?v=kj57y3m9m-Q\">https:\/\/www.youtube.com\/watch?v=kj57y3m9m-Q<\/a>\u201d <\/p>\n\n\n\n<h2 class=\"wp-block-heading\">\u00daLTIMA HORA | La OTAN evita el choque: no ve un ataque en el \u00abincidente\u00bb con drones rusos en Polonia (0:01:21)<\/h2>\n\n\n\n<p>\u201c<a href=\"https:\/\/www.youtube.com\/watch?v=4Hemi51-CwQ\">https:\/\/www.youtube.com\/watch?v=4Hemi51-CwQ<\/a>\u201d <\/p>\n\n\n\n<h2 class=\"wp-block-heading\">\u00daLTIMA HORA | Polonia insiste: Rusia la ha atacado. Y asegura haber valorado el art. 4 de la OTAN (0:05:15)<\/h2>\n\n\n\n<p>\u201c<a href=\"https:\/\/www.youtube.com\/watch?v=n0bqH6fkNlo\">https:\/\/www.youtube.com\/watch?v=n0bqH6fkNlo<\/a>\u201d <\/p>\n\n\n\n<h2 class=\"wp-block-heading\">PBO &#8211; En Vivo (Combutters del 9\/09\/2025) (1:01:24)<\/h2>\n\n\n\n<p>\u201c<a href=\"https:\/\/www.youtube.com\/watch?v=V_0x5NPuJvc\">https:\/\/www.youtube.com\/watch?v=V_0x5NPuJvc<\/a>\u201d <\/p>\n\n\n\n<p>En Reddeportiva.net consideramos la cuesti\u00f3n social como un tercer tema de la situaci\u00f3n internacional para ser evaluado.\u00a0 En la editorial de las Claves del D\u00eda del d\u00eda de ayer se insisti\u00f3 mucho en las graves tensiones sociales que imperan actualmente en Francia.\u00a0 Se trata de una sociedad dividida en tercios en la que cualquier cambio de pol\u00edtica exterior, como el reconocimiento del estado de Palestina, puede dar un vuelco en la conformaci\u00f3n de la mayor\u00eda parlamentaria y, por lo tanto, dar origen a la censura del primer ministro.\u00a0 Esta caracter\u00edstica es propia de los pa\u00edses del norte hemisf\u00e9rico donde el equilibrio de poderes es la norma.\u00a0 Por lo tanto, podemos preguntarnos con mucha raz\u00f3n, \u00bfen el Per\u00fa existe el equilibrio de poderes?\u00a0 Y si es as\u00ed, \u00bfc\u00f3mo es que se sostiene el actual gobierno? en que su estabilidad est\u00e1 m\u00e1s que cuestionada por la opini\u00f3n p\u00fablica.\u00a0 Al respecto, tenemos que hacer algo de historia.\u00a0 Durante el gobierno de Manuel Odr\u00eda la estabilidad fue impuesta por la fuerza de una persecuci\u00f3n selectiva.\u00a0 Durante el gobierno de Manuel Prado se consigui\u00f3 la estabilidad sobre la base de un incremento en el fen\u00f3meno de la movilidad social producto de la migraci\u00f3n interna.\u00a0 Las clases populares fueron ganando terreno en la econom\u00eda nacional gracias a la creaci\u00f3n de nuevos mercados, hecho que fue acompa\u00f1ado de un fortalecimiento de la gesti\u00f3n p\u00fablica, no sin problemas presupuestales y de una incipiente inflaci\u00f3n.\u00a0 Es a partir del primer gobierno de Fernando Bela\u00fande, en que se tira a la basura el informe que prepar\u00f3 una reconocida organizaci\u00f3n internacional defensora de los derechos humanos, que se inicia un periodo de agudizaci\u00f3n de las contradicciones internas el cual no es resuelto oportunamente, dando lugar a la intervenci\u00f3n de un gobierno militar.\u00a0 En Reddeportiva.net opinamos que no existe gobierno perfecto y que el gobierno militar estuvo lejos de serlo.\u00a0 Pero es indiscutible que durante este gobierno se realizaron reformas estructurales que aceleraron la movilidad social, poniendo las bases sociales para que en la actualidad existan nuevas fuerzas con poder econ\u00f3mico que empujan hacia la estabilidad del gobierno central, en su rumbo hacia la creaci\u00f3n de un Per\u00fa mejor.\u00a0 Es durante el gobierno militar que se producen los mayores paros nacionales de los que tenemos memoria; es al final del gobierno militar que surge el movimiento terrorista Sendero Luminoso; pero tambi\u00e9n es cierto que se reivindica a Fernando Bela\u00fande eligi\u00e9ndolo presidente por segunda vez; se mantiene en el gobierno a Alan Garc\u00eda a pesar de su muy mal primer gobierno; y, se elige a Alberto Fujimori quien puso las bases de nuestro actual s\u00f3lido desarrollo econ\u00f3mico.\u00a0 Todo este proceso resulta fundamental para consolidar el proceso democr\u00e1tico del que estamos gozando.\u00a0 Es a partir de esta \u00e9poca que se inicia un periodo de deterioro de la moral p\u00fablica impulsado por sistem\u00e1ticos mensajes de odio impulsados por una alianza pol\u00edtica de la extrema derecha con la extrema izquierda, el cual se caracteriza por un paulatino incremento de la corrupci\u00f3n y una constante disminuci\u00f3n en la calidad de los valores morales de la gesti\u00f3n p\u00fablica, todo lo cual nos ha llevado a descubrir que la poblaci\u00f3n fue arteramente manipulada con participaci\u00f3n de la gran prensa que mostr\u00f3 toda su capacidad, tanto para modificar la percepci\u00f3n de la realidad a su conveniencia, como para ocultar los hechos que no les favorec\u00edan; de lo que reci\u00e9n estamos tomando conciencia y por lo que no se ha pedido las disculpas del caso; lo que significa que est\u00e1n dispuestos a volverlo a hacer.\u00a0 Resumiendo lo actuado, podemos decir que hemos sido actores de un profundo proceso de maduraci\u00f3n, caracterizado por su gran movilidad social, en el cual cada ciudadano ha cumplido, para bien o para mal, con el papel que le correspondi\u00f3.\u00a0 Y eso es lo que est\u00e1 sosteniendo a la actual Presidente de la Rep\u00fablica.\u00a0 Hacemos este resumen con el fin de ilustrar un proceso que consideramos est\u00e1 ausente en muchas sociedades modernas, especialmente en Europa.\u00a0 En Reddeportiva.net sostenemos que la crisis moral en que nos encontramos, as\u00ed como la enorme violencia que nos est\u00e1 afectando, se deben a una intervenci\u00f3n extranjera que no respeta fronteras.\u00a0 El caso Odebrecht, as\u00ed como el v\u00eddeo que sigue a continuaci\u00f3n parecen confirmar esta tesis. <\/p>\n\n\n\n<h2 class=\"wp-block-heading\">\ud83d\udea8 Al menos 20 detenidos en un golpe al Tren de Aragua en Per\u00fa | DNews (0:11:23)<\/h2>\n\n\n\n<p>\u201c<a href=\"https:\/\/www.youtube.com\/watch?v=f6pq56Vkw5c\">https:\/\/www.youtube.com\/watch?v=f6pq56Vkw5c<\/a>\u201d <\/p>\n\n\n\n<h2 class=\"wp-block-heading\">Supermercados en EE.UU est\u00e1n prefiriendo la palta peruana y exportaciones a ese pa\u00eds crecen 50% (0:36:46)<\/h2>\n\n\n\n<p>\u201c<a href=\"https:\/\/www.youtube.com\/watch?v=fp611f7AoKk\">https:\/\/www.youtube.com\/watch?v=fp611f7AoKk<\/a>\u201d <\/p>\n\n\n\n<h2 class=\"wp-block-heading\">Qu\u00e9 significa el despliegue militar de Estados Unidos en el Caribe frente a Venezuela (0:35:47)<\/h2>\n\n\n\n<p>\u201c<a href=\"https:\/\/www.youtube.com\/watch?v=Ucrm4EamBYc\">https:\/\/www.youtube.com\/watch?v=Ucrm4EamBYc<\/a>\u201d <\/p>\n\n\n\n<h2 class=\"wp-block-heading\">\u00daLTIMA HORA | La ONU condena los ataques israel\u00edes en Qatar: Guterres se planta contra Netanyahu (0:04:09)<\/h2>\n\n\n\n<p>\u201c<a href=\"https:\/\/www.youtube.com\/watch?v=BGCTDU2bQrE\">https:\/\/www.youtube.com\/watch?v=BGCTDU2bQrE<\/a>\u201d <\/p>\n\n\n\n<h2 class=\"wp-block-heading\">\u00bfCu\u00e1l es el impacto internacional del ataque de Israel en Qatar? (0:06:00)<\/h2>\n\n\n\n<p>\u201c<a href=\"https:\/\/www.youtube.com\/watch?v=B4OND_sR4Xg\">https:\/\/www.youtube.com\/watch?v=B4OND_sR4Xg<\/a>\u201d <\/p>\n\n\n\n<h2 class=\"wp-block-heading\">\ud83d\udea8 ISRAEL BOMBARDE\u00d3 QATAR: \u00bfQu\u00e9 ocurri\u00f3 realmente? | CANAL 26 &#8211; FRANCE 24 (0:10:08)<\/h2>\n\n\n\n<p>\u201c<a href=\"https:\/\/www.youtube.com\/watch?v=Ry8nwG7ggi0\">https:\/\/www.youtube.com\/watch?v=Ry8nwG7ggi0<\/a>\u201d <\/p>\n\n\n\n<h2 class=\"wp-block-heading\">\u00abExpertos analizan postura de EE. UU. frente al r\u00e9gimen venezolano (0:39:32)<\/h2>\n\n\n\n<p>\u201c<a href=\"https:\/\/www.youtube.com\/watch?v=8sIzcwLAVDc\">https:\/\/www.youtube.com\/watch?v=8sIzcwLAVDc<\/a>\u201d <\/p>\n\n\n\n<h2 class=\"wp-block-heading\">\ud83d\udfe2El miedo a las deportaciones de Trump aumenta el env\u00edo de remesas (0:12:01)<\/h2>\n\n\n\n<p>\u201c<a href=\"https:\/\/www.youtube.com\/watch?v=Z7NxJ1dObkM\">https:\/\/www.youtube.com\/watch?v=Z7NxJ1dObkM<\/a>\u201d <\/p>\n\n\n\n<h2 class=\"wp-block-heading\">\ud83d\udd34 DW Noticias 9 de septiembre: Trump se desmarca del bombardeo a\u00e9reo en Doha [Noticiero completo] (0:27:32)<\/h2>\n\n\n\n<p>\u201c<a href=\"https:\/\/www.youtube.com\/watch?v=tecQXT03igE\">https:\/\/www.youtube.com\/watch?v=tecQXT03igE<\/a>\u201d <\/p>\n\n\n\n<h2 class=\"wp-block-heading\">M\u00e1s que potable: agua segura para Bolivia I Fuerza Latina DW (0:25:48)<\/h2>\n\n\n\n<p>\u201c<a href=\"https:\/\/www.youtube.com\/watch?v=67DC_PsGHiE\">https:\/\/www.youtube.com\/watch?v=67DC_PsGHiE<\/a>\u201d <\/p>\n\n\n\n<h2 class=\"wp-block-heading\">Noticias del 2025\/09\/09 22h00 \u2022 FRANCE 24 Espa\u00f1ol (0:14:35)<\/h2>\n\n\n\n<p>\u201c<a href=\"https:\/\/www.youtube.com\/watch?v=wD8gx-V9bl4\">https:\/\/www.youtube.com\/watch?v=wD8gx-V9bl4<\/a>\u201d <\/p>\n\n\n\n<h2 class=\"wp-block-heading\">\u00bfQu\u00e9 salida tiene Francia?: de nuevo sin primer ministro \u2022 FRANCE 24 Espa\u00f1ol (0:36:08)<\/h2>\n\n\n\n<p>\u201c<a href=\"https:\/\/www.youtube.com\/watch?v=kHeVQLIkMxI\">https:\/\/www.youtube.com\/watch?v=kHeVQLIkMxI<\/a>\u201d <\/p>\n\n\n\n<h2 class=\"wp-block-heading\">Rusia resiste, Europa se tambalea y China lidera el nuevo orden mundial. OLGA CABALLERO (0:06:52)<\/h2>\n\n\n\n<p>\u201c<a href=\"https:\/\/www.youtube.com\/watch?v=tInGvviDhBc\">https:\/\/www.youtube.com\/watch?v=tInGvviDhBc<\/a>\u201d <\/p>\n\n\n\n<h2 class=\"wp-block-heading\">NOTICIERO: Rusia asesta un golpe brutal a Ucrania, Israel ataca en Qatar a Ham\u00e1s y Trump advierte (0:28:47)<\/h2>\n\n\n\n<p>\u201c<a href=\"https:\/\/www.youtube.com\/watch?v=gC-ktEtpO50\">https:\/\/www.youtube.com\/watch?v=gC-ktEtpO50<\/a>\u201d <\/p>\n\n\n\n<h2 class=\"wp-block-heading\">INFORMATIVO: Rusia asesta un golpe letal en Ucrania, Trump pone en jaque a Maduro y tensi\u00f3n en Nepal (0:34:10)<\/h2>\n\n\n\n<p>\u201c<a href=\"https:\/\/www.youtube.com\/watch?v=lNWVtz2eMBs\">https:\/\/www.youtube.com\/watch?v=lNWVtz2eMBs<\/a>\u201d <\/p>\n\n\n\n<h2 class=\"wp-block-heading\">LAS NOTICIAS: Rusia desata una alerta total en Ucrania, EEUU amenaza a Venezuela y tensi\u00f3n en Israel (0:25:15)<\/h2>\n\n\n\n<p>\u201c<a href=\"https:\/\/www.youtube.com\/watch?v=vngBE-ghsT8\">https:\/\/www.youtube.com\/watch?v=vngBE-ghsT8<\/a>\u201d <\/p>\n\n\n\n<h2 class=\"wp-block-heading\">EEUU declara la guerra al narcotr\u00e1fico en el Caribe: \u00bfest\u00e1 cerca la detenci\u00f3n de Maduro? (0:16:46)<\/h2>\n\n\n\n<p>\u201c<a href=\"https:\/\/www.youtube.com\/watch?v=qkgodiUjDRw\">https:\/\/www.youtube.com\/watch?v=qkgodiUjDRw<\/a>\u201d <\/p>\n","protected":false},"excerpt":{"rendered":"<p>\u00daLTIMA HORA | \u201cEuropa defender\u00e1 cada cent\u00edmetro cuadrado de su territorio\u201d: Von der Leyen (0:06:16) \u201chttps:\/\/www.youtube.com\/watch?v=kj57y3m9m-Q\u201d \u00daLTIMA HORA | La OTAN evita el choque: no ve un ataque en el \u00abincidente\u00bb con drones rusos en Polonia (0:01:21) \u201chttps:\/\/www.youtube.com\/watch?v=4Hemi51-CwQ\u201d \u00daLTIMA HORA | Polonia insiste: Rusia la ha atacado. Y asegura haber valorado el art. 4 de [&hellip;]<\/p>\n","protected":false},"author":1,"featured_media":0,"comment_status":"closed","ping_status":"closed","sticky":false,"template":"","format":"standard","meta":{"_exactmetrics_skip_tracking":false,"_exactmetrics_sitenote_active":false,"_exactmetrics_sitenote_note":"","_exactmetrics_sitenote_category":0,"ngg_post_thumbnail":0,"footnotes":""},"categories":[1278,1407,1262,1363,1357,1532,1364,1421,1399,1260,1451,1253,1290,1239,1365,1408,1369,1463,1282,1448,1528,1303,1534,1388,1376,1326,1322,1255,22,1307,1527,1452,1411,1202,1417,1241,1324,1490,1370,1319,1501,1377,1358,1243,1425,1286,1416,1498,1310,1340,1237,1405,1222,1516,1293,1223,1539,1291,1354,1538,1404,1361,1270,1446,1280,1349,1515,1350,1283,779,673,659,603,1213,1285,1392,36,1252,1384,1356,1505,1506,1480,1495,200,1461,1509,1499,1389,1355,1465,1420],"tags":[],"class_list":["post-242964","post","type-post","status-publish","format-standard","hentry","category-accion-politica-proyecciones","category-acuerdo-digital-proyeccion","category-acuerdos","category-administrativo","category-alemania-proyecciones-multilateralismo","category-alineamientos","category-arabe-islamico","category-big-techs","category-biologia-proyeccion","category-bolsa-finanzas","category-brics","category-buenas-practicas","category-cadena-de-valor","category-cambio-social","category-china-organizacion-multilateralismo-proyecciones","category-ciclo-economico","category-ciudadano","category-constitucional-control","category-control-proyecciones","category-corrupcion","category-crimen-lesa-humanidad","category-crimen-organizado","category-criptomonedas","category-debido-proceso","category-democracia","category-desarrollo","category-desinformacion-mediatica","category-divisas-finanzas","category-educacion-proyecciones","category-estado-de-derecho","category-fiscal-control","category-g7","category-garantias","category-geopolitica-proyecciones","category-global-britain","category-gobernanza","category-guerra-mediatica","category-guerra-politica","category-humanismo","category-ideologizacion","category-imperial","category-india","category-indo-pacific","category-institucionalidad","category-integracion-cultural","category-integridad","category-inteligencia-artificial","category-japon-organizacion-multilateralismo-proyecciones","category-judicial","category-legalidad","category-libertades","category-manipulacion","category-mundo-cultural","category-mundo-en-guerra","category-mundo-laboral","category-mundo-politico","category-ocs","category-organizacion-internacional-proyecciones","category-otan","category-persecucion","category-poderes-mundiales","category-politico","category-prestamos-finanzas","category-presupuestal","category-presupuestos-finanzas","category-primacia-de-la-realidad","category-primas-de-riesgo","category-prioridades","category-productividad","category-proyecciones","category-proyecciones-paz","category-proyecciones-seguridad","category-proyecciones-sostenible","category-proyecciones-tecnologicas","category-reciprocidad-proyecciones","category-rectificacion","category-reddeportiva-net","category-respeto","category-riesgos-y-vulnerabilidades","category-rusia-proyecciones-multilateralismo","category-sabotage","category-seguridad-nacional","category-sentido-a-la-vida","category-sentido-comun","category-separata-reddeportiva","category-sistemico","category-social","category-sostenibilidad","category-tasas-de-interes-finanzas","category-turquia","category-ue","category-valor"],"_links":{"self":[{"href":"https:\/\/reddeportiva.net\/principal\/index.php?rest_route=\/wp\/v2\/posts\/242964","targetHints":{"allow":["GET"]}}],"collection":[{"href":"https:\/\/reddeportiva.net\/principal\/index.php?rest_route=\/wp\/v2\/posts"}],"about":[{"href":"https:\/\/reddeportiva.net\/principal\/index.php?rest_route=\/wp\/v2\/types\/post"}],"author":[{"embeddable":true,"href":"https:\/\/reddeportiva.net\/principal\/index.php?rest_route=\/wp\/v2\/users\/1"}],"replies":[{"embeddable":true,"href":"https:\/\/reddeportiva.net\/principal\/index.php?rest_route=%2Fwp%2Fv2%2Fcomments&post=242964"}],"version-history":[{"count":2,"href":"https:\/\/reddeportiva.net\/principal\/index.php?rest_route=\/wp\/v2\/posts\/242964\/revisions"}],"predecessor-version":[{"id":242966,"href":"https:\/\/reddeportiva.net\/principal\/index.php?rest_route=\/wp\/v2\/posts\/242964\/revisions\/242966"}],"wp:attachment":[{"href":"https:\/\/reddeportiva.net\/principal\/index.php?rest_route=%2Fwp%2Fv2%2Fmedia&parent=242964"}],"wp:term":[{"taxonomy":"category","embeddable":true,"href":"https:\/\/reddeportiva.net\/principal\/index.php?rest_route=%2Fwp%2Fv2%2Fcategories&post=242964"},{"taxonomy":"post_tag","embeddable":true,"href":"https:\/\/reddeportiva.net\/principal\/index.php?rest_route=%2Fwp%2Fv2%2Ftags&post=242964"}],"curies":[{"name":"wp","href":"https:\/\/api.w.org\/{rel}","templated":true}]}}