{"id":242911,"date":"2025-08-27T06:35:09","date_gmt":"2025-08-27T11:35:09","guid":{"rendered":"https:\/\/reddeportiva.net\/principal\/?p=242911"},"modified":"2025-08-27T06:35:11","modified_gmt":"2025-08-27T11:35:11","slug":"combutters-con-pbo-en-vivo-martes-26-de-agosto-del-2025-10911","status":"publish","type":"post","link":"https:\/\/reddeportiva.net\/principal\/?p=242911","title":{"rendered":"Combutters con PBO &#8211; En Vivo (Martes 26 de agosto del 2025) (1:09:11)"},"content":{"rendered":"\n<figure class=\"wp-block-embed is-type-video is-provider-youtube wp-block-embed-youtube wp-embed-aspect-16-9 wp-has-aspect-ratio\"><div class=\"wp-block-embed__wrapper\">\n<iframe loading=\"lazy\" title=\"Combutters con PBO - En Vivo (Martes 26 de agosto del 2025)\" width=\"625\" height=\"352\" src=\"https:\/\/www.youtube.com\/embed\/mqQINU_uqU4?feature=oembed\" frameborder=\"0\" allow=\"accelerometer; autoplay; clipboard-write; encrypted-media; gyroscope; picture-in-picture; web-share\" referrerpolicy=\"strict-origin-when-cross-origin\" allowfullscreen><\/iframe>\n<\/div><\/figure>\n\n\n\n<h2 class=\"wp-block-heading\">\ud83c\udf0e El riesgo pa\u00eds en Am\u00e9rica el 25-08-2025 (0:01:25)<\/h2>\n\n\n\n<p>\u201c<a href=\"https:\/\/www.youtube.com\/watch?v=gMznz_0nbKw\">https:\/\/www.youtube.com\/watch?v=gMznz_0nbKw<\/a>\u201d <\/p>\n\n\n\n<p>En Reddeportiva.net queremos insistir en que la sociedad peruana se encuentra en estos momentos bajo un ataque de car\u00e1cter irregular impulsado desde el exterior por intereses mundiales.\u00a0 La insistencia de nuestra Presidente con el tema de la unidad nacional, nos lleva al convencimiento que existe un problema de concepci\u00f3n sobre el origen de las dificultades que nos est\u00e1n afectando el d\u00eda de hoy.\u00a0 Desde nuestro punto de vista, la cuesti\u00f3n debe ser encarada como el final de una intervenci\u00f3n, desde el exterior en la pol\u00edtica interna de nuestro pa\u00eds con caracter\u00edsticas de \u201cquintacolumnista\u201d, eminentemente mercenaria en la que muchos de sus potenciales \u201cpartidarios\u201d est\u00e1n siendo sorprendidos por el giro que est\u00e1n tomando los acontecimientos pol\u00edticos; o, est\u00e1n actuando como activistas, sin profundizar en el papel que vienen cumpliendo, cual \u201ctontos \u00fatiles\u201d que priorizan su beneficio personal por sobre todas las cosas.\u00a0 Una se\u00f1al inequ\u00edvoca, de lo que est\u00e1 sucediendo, la encontramos en la innumerable cantidad de indicios que muestran movimientos estrat\u00e9gicos coherentes entre los gobiernos partidarios del Foro de Sao Paulo, ante acontecimientos en que los intereses ajenos a dicho movimiento se muestran m\u00e1s que sorprendidos y sin una estrategia coherente, propia de quien no se ha preparado para esta irregular \u201cguerra\u201d, en la que la ausencia de una concepci\u00f3n ideol\u00f3gica propia, coherente con sectores democr\u00e1ticos de otras naciones latinoamericanas, se muestra en toda su cruda realidad.\u00a0 El contraste es meridiano.\u00a0 La cuesti\u00f3n fundamental, en nuestro pa\u00eds, la encontramos en la dificultad para reconocer los m\u00e9ritos de los otros grupos sociales.\u00a0 En especial, cuando se trata de un \u201cpueblo fiel\u201d, al que se le ha perseguido y se le sigue victimizando sin apreciar que, gran parte del meritorio actual reconocimiento internacional de nuestro pa\u00eds, se debe a que \u00e9ste carg\u00f3 sobre sus hombros un indescriptible shock econ\u00f3mico, bajo un evidente compromiso de solidaridad de quienes se sintieron part\u00edcipes de una culpa general cuya reparaci\u00f3n fue compartida por todos, con sus excepciones, en la medida de sus posibilidades.\u00a0 Es por estas razones que no nos debe sorprender que el riesgo pa\u00eds est\u00e9 aumentando, tal como se se\u00f1ala en el enlace que antecede al presente p\u00e1rrafo.<\/p>\n\n\n\n<h2 class=\"wp-block-heading\">Europa rodea a Zelenski: \u00bfqu\u00e9 tan efectivo ser\u00e1 el frente com\u00fan ante Trump y Putin? (0:36:49)<\/h2>\n\n\n\n<p>\u201c<a href=\"https:\/\/www.youtube.com\/watch?v=YY_aCf6Swb8\">https:\/\/www.youtube.com\/watch?v=YY_aCf6Swb8<\/a>\u201d <\/p>\n\n\n\n<h2 class=\"wp-block-heading\">Milagros Leiva Entrevista &#8211; AGO 26 &#8211; ENTREVISTA COMPLETA A JOS\u00c9 LUIS CASTILLO ALVA | Willax (0:27:51)<\/h2>\n\n\n\n<p>\u201c<a href=\"https:\/\/www.youtube.com\/watch?v=d_8oOWdql04\">https:\/\/www.youtube.com\/watch?v=d_8oOWdql04<\/a>\u201d <\/p>\n\n\n\n<h2 class=\"wp-block-heading\">Contra Corriente &#8211; AGO 25 &#8211; FISCAL G\u00c1LVEZ DENUNCIA REGLAJE | Willax (0:11:22)<\/h2>\n\n\n\n<p>\u201c<a href=\"https:\/\/www.youtube.com\/watch?v=PVwMCSlKJGc\">https:\/\/www.youtube.com\/watch?v=PVwMCSlKJGc<\/a>\u201d <\/p>\n\n\n\n<h2 class=\"wp-block-heading\">Ernesto Blume expone su visi\u00f3n de la Ley de Amnist\u00eda a militares y polic\u00edas. (0:22:26)<\/h2>\n\n\n\n<p>\u201c<a href=\"https:\/\/www.youtube.com\/watch?v=tw8jbN3Hj4U\">https:\/\/www.youtube.com\/watch?v=tw8jbN3Hj4U<\/a>\u201d <\/p>\n\n\n\n<h2 class=\"wp-block-heading\">\u00bfCorte IDH incurri\u00f3 en excesos en la regi\u00f3n? Representante del Estado responde #LASCOSASRPP (0:20:46)<\/h2>\n\n\n\n<p>\u201c<a href=\"https:\/\/www.youtube.com\/watch?v=Be5KjG0lb4k\">https:\/\/www.youtube.com\/watch?v=Be5KjG0lb4k<\/a>\u201d <\/p>\n\n\n\n<h2 class=\"wp-block-heading\">\u00bfCu\u00e1les son las motivaciones que tiene EE. UU. para despliegue militar cerca a costas venezolanas? (0:20:48)<\/h2>\n\n\n\n<p>\u201c<a href=\"https:\/\/www.youtube.com\/watch?v=RNBOHvRoGuk\">https:\/\/www.youtube.com\/watch?v=RNBOHvRoGuk<\/a>\u201d <\/p>\n\n\n\n<h2 class=\"wp-block-heading\">Experta afirma que la movilizaci\u00f3n de los buques muestra meses de \u00abpreparaci\u00f3n\u00bb por parte de EEUU (0:22:38)<\/h2>\n\n\n\n<p>\u201c<a href=\"https:\/\/www.youtube.com\/watch?v=enK4WXMKdX8\">https:\/\/www.youtube.com\/watch?v=enK4WXMKdX8<\/a>\u201d <\/p>\n\n\n\n<h2 class=\"wp-block-heading\">\u201cMaduro est\u00e1 cada vez m\u00e1s aislado\u00bb (0:39:33)<\/h2>\n\n\n\n<p>\u201c<a href=\"https:\/\/www.youtube.com\/watch?v=TIDR1ivpT0s\">https:\/\/www.youtube.com\/watch?v=TIDR1ivpT0s<\/a>\u201d <\/p>\n\n\n\n<h2 class=\"wp-block-heading\">China y la UE giran a las stablecoins para competir con el d\u00f3lar (0:16:46)<\/h2>\n\n\n\n<p>\u201c<a href=\"https:\/\/www.youtube.com\/watch?v=Q1xyS3Xq-p4\">https:\/\/www.youtube.com\/watch?v=Q1xyS3Xq-p4<\/a>\u201d <\/p>\n\n\n\n<h2 class=\"wp-block-heading\">\u26a0\ufe0f NEGOCIACIONES ESTANCADAS | Ucrania se rearma y Canad\u00e1 se acerca al frente | #26Global (0:04:01)<\/h2>\n\n\n\n<p>\u201c<a href=\"https:\/\/www.youtube.com\/watch?v=W4wGkJsuEnM\">https:\/\/www.youtube.com\/watch?v=W4wGkJsuEnM<\/a>\u201d <\/p>\n\n\n\n<h2 class=\"wp-block-heading\">\ud83d\udea8 UCRANIA: La vida en un joystick | Robots rescatan heridos en plena zona de combate | #26Global (0:06:19)<\/h2>\n\n\n\n<p>\u201c<a href=\"https:\/\/www.youtube.com\/watch?v=hsKNaeSpbNk\">https:\/\/www.youtube.com\/watch?v=hsKNaeSpbNk<\/a>\u201d <\/p>\n\n\n\n<h2 class=\"wp-block-heading\">\ud83d\udea8 Ucrania ya no consulta a EE.UU al usar armas de largo alcance para ATACAR a Rusia (0:05:05)<\/h2>\n\n\n\n<p>\u201c<a href=\"https:\/\/www.youtube.com\/watch?v=4PcmVewRifg\">https:\/\/www.youtube.com\/watch?v=4PcmVewRifg<\/a>\u201d <\/p>\n\n\n\n<h2 class=\"wp-block-heading\">\u00a1Ucrania deja ciega a la Fuerza A\u00e9rea Rusa! (0:21:13)<\/h2>\n\n\n\n<p>\u201c<a href=\"https:\/\/www.youtube.com\/watch?v=u-GFp7013Zk\">https:\/\/www.youtube.com\/watch?v=u-GFp7013Zk<\/a>\u201d <\/p>\n\n\n\n<h2 class=\"wp-block-heading\">\ud83d\udd34DW Noticias 26 de agosto: M\u00e1s presi\u00f3n sobre el primer ministro israel\u00ed, Benjamin Netanyahu (0:27:28)<\/h2>\n\n\n\n<p>\u201c<a href=\"https:\/\/www.youtube.com\/watch?v=gThW7Jye1BE\">https:\/\/www.youtube.com\/watch?v=gThW7Jye1BE<\/a>\u201d <\/p>\n\n\n\n<h2 class=\"wp-block-heading\">Noticias del 2025\/08\/26 20h30 \u2022 FRANCE 24 Espa\u00f1ol (0:14:12)<\/h2>\n\n\n\n<p>\u201c<a href=\"https:\/\/www.youtube.com\/watch?v=1dgvxvmmpEA\">https:\/\/www.youtube.com\/watch?v=1dgvxvmmpEA<\/a>\u201d <\/p>\n\n\n\n<h2 class=\"wp-block-heading\">NOTICIERO: Tensi\u00f3n militar EEUU-Venezuela, Rusia clasifica por raza y China refuerza su influencia (0:11:36)<\/h2>\n\n\n\n<p>\u201c<a href=\"https:\/\/www.youtube.com\/watch?v=EBGXl3vlUOw\">https:\/\/www.youtube.com\/watch?v=EBGXl3vlUOw<\/a>\u201d <\/p>\n\n\n\n<h2 class=\"wp-block-heading\">INFORMATIVO: Francia al pie de la crisis, Trump presiona a las tecnol\u00f3gicas e Israel sopesa (0:18:55)<\/h2>\n\n\n\n<p>\u201c<a href=\"https:\/\/www.youtube.com\/watch?v=N33-oXp3jrU\">https:\/\/www.youtube.com\/watch?v=N33-oXp3jrU<\/a>\u201d <\/p>\n\n\n\n<h2 class=\"wp-block-heading\">LAS NOTICIAS: Trump destituir\u00e1 a Cook, Bayrou en jaque en Francia y Putin marca pulso internacional (0:31:53)<\/h2>\n\n\n\n<p>\u201c<a href=\"https:\/\/www.youtube.com\/watch?v=u0WVK1IiPjY\">https:\/\/www.youtube.com\/watch?v=u0WVK1IiPjY<\/a>\u201d <\/p>\n\n\n\n<h2 class=\"wp-block-heading\">El nuevo motor sin horquilla ofrece un rendimiento hasta 4 veces mayor: as\u00ed es como funciona (0:08:50)<\/h2>\n\n\n\n<p>\u201c<a href=\"https:\/\/www.youtube.com\/watch?v=BXBUxMzPh9I\">https:\/\/www.youtube.com\/watch?v=BXBUxMzPh9I<\/a>\u201d <\/p>\n","protected":false},"excerpt":{"rendered":"<p>\ud83c\udf0e El riesgo pa\u00eds en Am\u00e9rica el 25-08-2025 (0:01:25) \u201chttps:\/\/www.youtube.com\/watch?v=gMznz_0nbKw\u201d En Reddeportiva.net queremos insistir en que la sociedad peruana se encuentra en estos momentos bajo un ataque de car\u00e1cter irregular impulsado desde el exterior por intereses mundiales.\u00a0 La insistencia de nuestra Presidente con el tema de la unidad nacional, nos lleva al convencimiento que existe [&hellip;]<\/p>\n","protected":false},"author":1,"featured_media":0,"comment_status":"closed","ping_status":"closed","sticky":false,"template":"","format":"standard","meta":{"_exactmetrics_skip_tracking":false,"_exactmetrics_sitenote_active":false,"_exactmetrics_sitenote_note":"","_exactmetrics_sitenote_category":0,"ngg_post_thumbnail":0,"footnotes":""},"categories":[1278,1407,1262,1363,1357,1532,1364,1421,1399,1260,1451,1253,1290,1239,1365,1408,1369,1463,1282,1448,1528,1303,1534,1388,1376,1326,1322,1255,22,1307,1527,1452,1411,1202,1417,1241,1324,1490,1370,1319,1501,1377,1358,1243,1425,1286,1416,1498,1310,1340,1237,1405,1222,1516,1293,1223,1291,1354,1404,1361,1270,1446,1280,1349,1515,1350,1283,779,673,659,603,1213,1285,36,1252,1384,1529,1356,1506,1480,1495,200,1461,1509,1499,1470,1389,1301,1355,1465,1420],"tags":[],"class_list":["post-242911","post","type-post","status-publish","format-standard","hentry","category-accion-politica-proyecciones","category-acuerdo-digital-proyeccion","category-acuerdos","category-administrativo","category-alemania-proyecciones-multilateralismo","category-alineamientos","category-arabe-islamico","category-big-techs","category-biologia-proyeccion","category-bolsa-finanzas","category-brics","category-buenas-practicas","category-cadena-de-valor","category-cambio-social","category-china-organizacion-multilateralismo-proyecciones","category-ciclo-economico","category-ciudadano","category-constitucional-control","category-control-proyecciones","category-corrupcion","category-crimen-lesa-humanidad","category-crimen-organizado","category-criptomonedas","category-debido-proceso","category-democracia","category-desarrollo","category-desinformacion-mediatica","category-divisas-finanzas","category-educacion-proyecciones","category-estado-de-derecho","category-fiscal-control","category-g7","category-garantias","category-geopolitica-proyecciones","category-global-britain","category-gobernanza","category-guerra-mediatica","category-guerra-politica","category-humanismo","category-ideologizacion","category-imperial","category-india","category-indo-pacific","category-institucionalidad","category-integracion-cultural","category-integridad","category-inteligencia-artificial","category-japon-organizacion-multilateralismo-proyecciones","category-judicial","category-legalidad","category-libertades","category-manipulacion","category-mundo-cultural","category-mundo-en-guerra","category-mundo-laboral","category-mundo-politico","category-organizacion-internacional-proyecciones","category-otan","category-poderes-mundiales","category-politico","category-prestamos-finanzas","category-presupuestal","category-presupuestos-finanzas","category-primacia-de-la-realidad","category-primas-de-riesgo","category-prioridades","category-productividad","category-proyecciones","category-proyecciones-paz","category-proyecciones-seguridad","category-proyecciones-sostenible","category-proyecciones-tecnologicas","category-reciprocidad-proyecciones","category-reddeportiva-net","category-respeto","category-riesgos-y-vulnerabilidades","category-robotizacion","category-rusia-proyecciones-multilateralismo","category-seguridad-nacional","category-sentido-a-la-vida","category-sentido-comun","category-separata-reddeportiva","category-sistemico","category-social","category-sostenibilidad","category-subversion","category-tasas-de-interes-finanzas","category-terrorismo","category-turquia","category-ue","category-valor"],"_links":{"self":[{"href":"https:\/\/reddeportiva.net\/principal\/index.php?rest_route=\/wp\/v2\/posts\/242911","targetHints":{"allow":["GET"]}}],"collection":[{"href":"https:\/\/reddeportiva.net\/principal\/index.php?rest_route=\/wp\/v2\/posts"}],"about":[{"href":"https:\/\/reddeportiva.net\/principal\/index.php?rest_route=\/wp\/v2\/types\/post"}],"author":[{"embeddable":true,"href":"https:\/\/reddeportiva.net\/principal\/index.php?rest_route=\/wp\/v2\/users\/1"}],"replies":[{"embeddable":true,"href":"https:\/\/reddeportiva.net\/principal\/index.php?rest_route=%2Fwp%2Fv2%2Fcomments&post=242911"}],"version-history":[{"count":2,"href":"https:\/\/reddeportiva.net\/principal\/index.php?rest_route=\/wp\/v2\/posts\/242911\/revisions"}],"predecessor-version":[{"id":242913,"href":"https:\/\/reddeportiva.net\/principal\/index.php?rest_route=\/wp\/v2\/posts\/242911\/revisions\/242913"}],"wp:attachment":[{"href":"https:\/\/reddeportiva.net\/principal\/index.php?rest_route=%2Fwp%2Fv2%2Fmedia&parent=242911"}],"wp:term":[{"taxonomy":"category","embeddable":true,"href":"https:\/\/reddeportiva.net\/principal\/index.php?rest_route=%2Fwp%2Fv2%2Fcategories&post=242911"},{"taxonomy":"post_tag","embeddable":true,"href":"https:\/\/reddeportiva.net\/principal\/index.php?rest_route=%2Fwp%2Fv2%2Ftags&post=242911"}],"curies":[{"name":"wp","href":"https:\/\/api.w.org\/{rel}","templated":true}]}}