{"id":242651,"date":"2025-06-16T06:58:03","date_gmt":"2025-06-16T11:58:03","guid":{"rendered":"https:\/\/reddeportiva.net\/principal\/?p=242651"},"modified":"2025-06-16T06:58:05","modified_gmt":"2025-06-16T11:58:05","slug":"claves-del-dia-una-guerra-fatal-wall-street-no-cree-que-escale-y-habra-cambio-de-regimen-en-iran","status":"publish","type":"post","link":"https:\/\/reddeportiva.net\/principal\/?p=242651","title":{"rendered":"Claves del d\u00eda: Una guerra fatal, Wall Street no cree que escale y \u00bfhabr\u00e1 cambio de r\u00e9gimen en Ir\u00e1n?"},"content":{"rendered":"\n<figure class=\"wp-block-embed is-type-video is-provider-youtube wp-block-embed-youtube wp-embed-aspect-16-9 wp-has-aspect-ratio\"><div class=\"wp-block-embed__wrapper\">\n<iframe loading=\"lazy\" title=\"Claves del d\u00eda: Una guerra fatal, Wall Street no cree que escale y \u00bfhabr\u00e1 cambio de r\u00e9gimen en Ir\u00e1n?\" width=\"625\" height=\"352\" src=\"https:\/\/www.youtube.com\/embed\/XgzneX0K8FM?feature=oembed\" frameborder=\"0\" allow=\"accelerometer; autoplay; clipboard-write; encrypted-media; gyroscope; picture-in-picture; web-share\" referrerpolicy=\"strict-origin-when-cross-origin\" allowfullscreen><\/iframe>\n<\/div><\/figure>\n\n\n\n<h2 class=\"wp-block-heading\">\u00daLTIMA HORA | Golpe en Israel: Ir\u00e1n ataca cerca del consulado de EEUU en Tel Aviv, y acusa y amenaza (0:01:15)<\/h2>\n\n\n\n<p>\u201c<a href=\"https:\/\/www.youtube.com\/watch?v=eeUp0mHvWFU\">https:\/\/www.youtube.com\/watch?v=eeUp0mHvWFU<\/a>\u201d<\/p>\n\n\n\n<h2 class=\"wp-block-heading\">\u00daLTIMA HORA | M\u00e1s ataques: Israel llamar\u00eda a la evacuaci\u00f3n de civiles en Teher\u00e1n ante el nuevo golpe (0:01:29) <\/h2>\n\n\n\n<p>\u201c<a href=\"https:\/\/www.youtube.com\/watch?v=W_fLhPUyNoY\">https:\/\/www.youtube.com\/watch?v=W_fLhPUyNoY<\/a>\u201d<\/p>\n\n\n\n<h2 class=\"wp-block-heading\">VALDECASAS: \u00abLa guerra de Israel est\u00e1 uniendo m\u00e1s a Ir\u00e1n con Rusia y China e impulsando a los BRICS\u00bb (0:23:47)<\/h2>\n\n\n\n<p>\u201c<a href=\"https:\/\/www.youtube.com\/watch?v=K-EjAzHy_Yk\">https:\/\/www.youtube.com\/watch?v=K-EjAzHy_Yk<\/a>\u201d<\/p>\n\n\n\n<h2 class=\"wp-block-heading\">Por qu\u00e9 denuncian sabotaje ruso a las infraestructuras occidetales en el B\u00e1ltico (0:14:33)<\/h2>\n\n\n\n<p>\u201c<a href=\"https:\/\/www.youtube.com\/watch?v=A-wrmE4ZloQ\">https:\/\/www.youtube.com\/watch?v=A-wrmE4ZloQ<\/a>\u201d<\/p>\n\n\n\n<h2 class=\"wp-block-heading\">ANDREW SMITH: \u201cRusia es la primera interesada en que Ir\u00e1n no tenga el arma nuclear\u201d (0:23:20)<\/h2>\n\n\n\n<p>\u201c<a href=\"https:\/\/www.youtube.com\/watch?v=lAWSzLLN3_s\">https:\/\/www.youtube.com\/watch?v=lAWSzLLN3_s<\/a>\u201d <\/p>\n\n\n\n<h2 class=\"wp-block-heading\">DIRECTO: \u00bfLAS BOLSAS SE DESPLOMAN ANTE LA GUERRA ENTRE ISRAEL E IR\u00c1N? (0:56:52)<\/h2>\n\n\n\n<p>\u201c<a href=\"https:\/\/www.youtube.com\/watch?v=UOA2IzZ22RA\">https:\/\/www.youtube.com\/watch?v=UOA2IzZ22RA<\/a>\u201d<\/p>\n\n\n\n<h2 class=\"wp-block-heading\">TEMPRANO: \u00abEl r\u00e9gimen ayatol\u00e1 terminar\u00e1 atacando a alg\u00fan inter\u00e9s de EEUU, y ah\u00ed Ir\u00e1n desaparece\u00bb (0:11:26)<\/h2>\n\n\n\n<p>\u201c<a href=\"https:\/\/www.youtube.com\/watch?v=HZPMJod5l_Y\">https:\/\/www.youtube.com\/watch?v=HZPMJod5l_Y<\/a>\u201d <\/p>\n\n\n\n<h2 class=\"wp-block-heading\">\ud83d\udd34 DW Noticias 15 de junio: Israel bombardea el ministerio de Exteriores y el de Petr\u00f3leo en Teher\u00e1n (0:15:05)<\/h2>\n\n\n\n<p>\u201c<a href=\"https:\/\/www.youtube.com\/watch?v=XPWWCKY5vVI\">https:\/\/www.youtube.com\/watch?v=XPWWCKY5vVI<\/a>\u201d <\/p>\n\n\n\n<h2 class=\"wp-block-heading\">\ud83d\udd34 DW Noticias 15 de junio: el nuevo ataque ocurre despu\u00e9s de que Israel atacara Teher\u00e1n este domingo (0:15:02)<\/h2>\n\n\n\n<p>\u201c<a href=\"https:\/\/www.youtube.com\/watch?v=VHZxvytkQxo\">https:\/\/www.youtube.com\/watch?v=VHZxvytkQxo<\/a>\u201d  <\/p>\n\n\n\n<h2 class=\"wp-block-heading\">NOTICIAS DEL D\u00cdA: Ir\u00e1n lanza un duro bombardeo, Israel amenaza a Jamenei y Trump lo veta (0:08:49)<\/h2>\n\n\n\n<p>\u201c<a href=\"https:\/\/www.youtube.com\/watch?v=QfaohnUIJTs\">https:\/\/www.youtube.com\/watch?v=QfaohnUIJTs<\/a>\u201d <\/p>\n\n\n\n<h2 class=\"wp-block-heading\">AR\u00cdSTEGUI: \u201cIr\u00e1n no tiene una capacidad infinita de seguir atacando\u201d: estos son sus recursos reales (0:17:58)<\/h2>\n\n\n\n<p>\u201c<a href=\"https:\/\/www.youtube.com\/watch?v=y4aqTTvFNUI\">https:\/\/www.youtube.com\/watch?v=y4aqTTvFNUI<\/a>\u201d <\/p>\n\n\n\n<h2 class=\"wp-block-heading\">NOTICIAS | \u00abAmenaza a la estabilidad mundial\u00bb, ataques a Israel en pleno d\u00eda y Putin podr\u00eda mediar (0:32:30)<\/h2>\n\n\n\n<p>\u201c<a href=\"https:\/\/www.youtube.com\/watch?v=QFuf__KGK94\">https:\/\/www.youtube.com\/watch?v=QFuf__KGK94<\/a>\u201d <\/p>\n\n\n\n<h2 class=\"wp-block-heading\">Wang Wen: China est\u00e1 forjando un nuevo orden mundial (0:27:06)<\/h2>\n\n\n\n<p>\u201c<a href=\"https:\/\/www.youtube.com\/watch?v=3xGvrrL2ENc\">https:\/\/www.youtube.com\/watch?v=3xGvrrL2ENc<\/a>\u201d<\/p>\n\n\n\n<h2 class=\"wp-block-heading\">John Mearsheimer: La tragedia de las grandes potencias (Fragmento) (0:15:55)<\/h2>\n\n\n\n<p>\u201c<a href=\"https:\/\/www.youtube.com\/watch?v=qyNnf38Ehk4\">https:\/\/www.youtube.com\/watch?v=qyNnf38Ehk4<\/a>\u201d <\/p>\n\n\n\n<h2 class=\"wp-block-heading\">Einar Tangen: Las Consecuencias Globales de la Guerra Econ\u00f3mica entre EE. UU. y China (0:58:45)<\/h2>\n\n\n\n<p>\u201c<a href=\"https:\/\/www.youtube.com\/watch?v=ge-DJludSVs\">https:\/\/www.youtube.com\/watch?v=ge-DJludSVs<\/a>\u201d <\/p>\n\n\n\n<h2 class=\"wp-block-heading\">Crecimiento econ\u00f3mico 2025: \u00bfCu\u00e1l es la proyecci\u00f3n para Per\u00fa este a\u00f1o? #LASCOSASRPP | ENTREVISTA (0:19:22)<\/h2>\n\n\n\n<p>\u201c<a href=\"https:\/\/www.youtube.com\/watch?v=k-TdryOuZPw\">https:\/\/www.youtube.com\/watch?v=k-TdryOuZPw<\/a>\u201d <\/p>\n\n\n\n<h2 class=\"wp-block-heading\">\u00abQueremos una econom\u00eda que siga creciendo\u00bb | Entrevista a Ra\u00fal P\u00e9rez-Reyes, ministro del MEF #ADNRPP (0:35:52)<\/h2>\n\n\n\n<p>\u201c<a href=\"https:\/\/www.youtube.com\/watch?v=TMbf0OW4jYw\">https:\/\/www.youtube.com\/watch?v=TMbf0OW4jYw<\/a>\u201d <\/p>\n","protected":false},"excerpt":{"rendered":"<p>\u00daLTIMA HORA | Golpe en Israel: Ir\u00e1n ataca cerca del consulado de EEUU en Tel Aviv, y acusa y amenaza (0:01:15) \u201chttps:\/\/www.youtube.com\/watch?v=eeUp0mHvWFU\u201d \u00daLTIMA HORA | M\u00e1s ataques: Israel llamar\u00eda a la evacuaci\u00f3n de civiles en Teher\u00e1n ante el nuevo golpe (0:01:29) \u201chttps:\/\/www.youtube.com\/watch?v=W_fLhPUyNoY\u201d VALDECASAS: \u00abLa guerra de Israel est\u00e1 uniendo m\u00e1s a Ir\u00e1n con Rusia y [&hellip;]<\/p>\n","protected":false},"author":1,"featured_media":0,"comment_status":"closed","ping_status":"closed","sticky":false,"template":"","format":"standard","meta":{"_exactmetrics_skip_tracking":false,"_exactmetrics_sitenote_active":false,"_exactmetrics_sitenote_note":"","_exactmetrics_sitenote_category":0,"ngg_post_thumbnail":0,"footnotes":""},"categories":[1278,1357,1364,1421,1260,1451,1365,1496,1282,22,1307,1411,1202,1417,1241,1324,1490,1319,1377,1358,1243,1425,1286,1498,1237,1222,1516,1293,1223,1291,1354,1404,1361,1270,1349,1515,1350,779,673,659,603,1213,36,1384,1356,1506,1480,1495,200,1461,1509,1389,1355,1465],"tags":[],"class_list":["post-242651","post","type-post","status-publish","format-standard","hentry","category-accion-politica-proyecciones","category-alemania-proyecciones-multilateralismo","category-arabe-islamico","category-big-techs","category-bolsa-finanzas","category-brics","category-china-organizacion-multilateralismo-proyecciones","category-circulante","category-control-proyecciones","category-educacion-proyecciones","category-estado-de-derecho","category-garantias","category-geopolitica-proyecciones","category-global-britain","category-gobernanza","category-guerra-mediatica","category-guerra-politica","category-ideologizacion","category-india","category-indo-pacific","category-institucionalidad","category-integracion-cultural","category-integridad","category-japon-organizacion-multilateralismo-proyecciones","category-libertades","category-mundo-cultural","category-mundo-en-guerra","category-mundo-laboral","category-mundo-politico","category-organizacion-internacional-proyecciones","category-otan","category-poderes-mundiales","category-politico","category-prestamos-finanzas","category-primacia-de-la-realidad","category-primas-de-riesgo","category-prioridades","category-proyecciones","category-proyecciones-paz","category-proyecciones-seguridad","category-proyecciones-sostenible","category-proyecciones-tecnologicas","category-reddeportiva-net","category-riesgos-y-vulnerabilidades","category-rusia-proyecciones-multilateralismo","category-seguridad-nacional","category-sentido-a-la-vida","category-sentido-comun","category-separata-reddeportiva","category-sistemico","category-social","category-tasas-de-interes-finanzas","category-turquia","category-ue"],"_links":{"self":[{"href":"https:\/\/reddeportiva.net\/principal\/index.php?rest_route=\/wp\/v2\/posts\/242651","targetHints":{"allow":["GET"]}}],"collection":[{"href":"https:\/\/reddeportiva.net\/principal\/index.php?rest_route=\/wp\/v2\/posts"}],"about":[{"href":"https:\/\/reddeportiva.net\/principal\/index.php?rest_route=\/wp\/v2\/types\/post"}],"author":[{"embeddable":true,"href":"https:\/\/reddeportiva.net\/principal\/index.php?rest_route=\/wp\/v2\/users\/1"}],"replies":[{"embeddable":true,"href":"https:\/\/reddeportiva.net\/principal\/index.php?rest_route=%2Fwp%2Fv2%2Fcomments&post=242651"}],"version-history":[{"count":2,"href":"https:\/\/reddeportiva.net\/principal\/index.php?rest_route=\/wp\/v2\/posts\/242651\/revisions"}],"predecessor-version":[{"id":242653,"href":"https:\/\/reddeportiva.net\/principal\/index.php?rest_route=\/wp\/v2\/posts\/242651\/revisions\/242653"}],"wp:attachment":[{"href":"https:\/\/reddeportiva.net\/principal\/index.php?rest_route=%2Fwp%2Fv2%2Fmedia&parent=242651"}],"wp:term":[{"taxonomy":"category","embeddable":true,"href":"https:\/\/reddeportiva.net\/principal\/index.php?rest_route=%2Fwp%2Fv2%2Fcategories&post=242651"},{"taxonomy":"post_tag","embeddable":true,"href":"https:\/\/reddeportiva.net\/principal\/index.php?rest_route=%2Fwp%2Fv2%2Ftags&post=242651"}],"curies":[{"name":"wp","href":"https:\/\/api.w.org\/{rel}","templated":true}]}}