{"id":242635,"date":"2025-06-11T06:27:17","date_gmt":"2025-06-11T11:27:17","guid":{"rendered":"https:\/\/reddeportiva.net\/principal\/?p=242635"},"modified":"2025-06-11T06:27:19","modified_gmt":"2025-06-11T11:27:19","slug":"claves-del-dia-trump-y-la-insurreccion-europa-contra-la-libertad-y-la-verguenza-de-los-impuestos","status":"publish","type":"post","link":"https:\/\/reddeportiva.net\/principal\/?p=242635","title":{"rendered":"Claves del d\u00eda: Trump y la insurrecci\u00f3n, Europa contra la libertad y la verg\u00fcenza de los impuestos"},"content":{"rendered":"\n<figure class=\"wp-block-embed is-type-video is-provider-youtube wp-block-embed-youtube wp-embed-aspect-16-9 wp-has-aspect-ratio\"><div class=\"wp-block-embed__wrapper\">\n<iframe loading=\"lazy\" title=\"Claves del d\u00eda: Trump y la insurrecci\u00f3n, Europa contra la libertad y la verg\u00fcenza de los impuestos\" width=\"625\" height=\"352\" src=\"https:\/\/www.youtube.com\/embed\/Ce4YKiw0dqk?feature=oembed\" frameborder=\"0\" allow=\"accelerometer; autoplay; clipboard-write; encrypted-media; gyroscope; picture-in-picture; web-share\" referrerpolicy=\"strict-origin-when-cross-origin\" allowfullscreen><\/iframe>\n<\/div><\/figure>\n\n\n\n<h2 class=\"wp-block-heading\">ARGUMOSA: El error de Trump en Los \u00c1ngeles: \u201cLa militarizaci\u00f3n de la polic\u00eda es algo muy delicado\u201d (0:10:46)<\/h2>\n\n\n\n<p>\u201c<a href=\"https:\/\/www.youtube.com\/watch?v=sPq--qCYik4\">https:\/\/www.youtube.com\/watch?v=sPq&#8211;qCYik4<\/a>\u201d<\/p>\n\n\n\n<h2 class=\"wp-block-heading\">BARDAJ\u00cd: Este es el verdadero plan de los dem\u00f3cratas con las manifestaciones contra Trump (0:08:40)<\/h2>\n\n\n\n<p>\u201c<a href=\"https:\/\/www.youtube.com\/watch?v=J_ogCFr6pvs\">https:\/\/www.youtube.com\/watch?v=J_ogCFr6pvs<\/a>\u201d<\/p>\n\n\n\n<p>En Reddeportiva.net rechazamos lo que en nuestra opini\u00f3n constituye un abuso de poder o de incapacidad moral.\u00a0 No estamos discutiendo si el Tratado de Altamar es conveniente o no.\u00a0 Lo que estamos observando es el arbitrario procedimiento, seguido por la Presidente para su firma, distinto al que debe ser cumplido cuando de aprobar un tratado internacional se trata.\u00a0 Lo que queremos decir es que cualquier tratado, por simple que sea, debe ser consultado con distintas instancias, en forma previa, para recibir las opiniones de quienes tienen obligaciones que cumplir ante la ciudadan\u00eda y la Patria.\u00a0 Lo que queremos decir es que no existe persona, por muy inteligente y conocedor que sea, que est\u00e9 en condiciones para firmar un tratado, de la naturaleza del tema que nos convoca, por m\u00e1s que la Constituci\u00f3n afirme que representa a la Naci\u00f3n, sustituyendo las opiniones y el parecer de instituciones que tienen puntos de vista e intereses que defender, afectando sus responsabilidades, ante s\u00ed y \u00fanicamente por s\u00ed, limit\u00e1ndolo al entendimiento de su entorno personal m\u00ednimo sin escuchar a quienes, por sistem\u00e1tica de la Constituci\u00f3n, tienen algo que decir.\u00a0 Si lo hecho debe considerarse un acto de traici\u00f3n, no tenemos la menor duda que s\u00ed; como tambi\u00e9n se puede decir que refuerza los cuestionamientos a su comportamiento sistem\u00e1ticamente irregular desde el inicio de su gobierno transitorio; acto agravado por haber ocultado sus intenciones al Congreso Nacional, cuando solicit\u00f3 el permiso para ausentarse del pa\u00eds, impidi\u00e9ndole su normal funcionamiento mediante el enga\u00f1o.\u00a0 En cuanto a los incidentes en Los \u00c1ngeles, vemos un enorme parecido, en las estrategias seguidas por los revoltosos, con las seguidas en nuestro pa\u00eds hace unos pocos a\u00f1os en que nuestra sociedad tuvo que enfrentar la campa\u00f1a medi\u00e1tica del pensamiento \u00fanico que, al decir del CEO de Negocios TV, tambi\u00e9n est\u00e1 afectando a Europa;\u00a0 el parecido es tan grande, con lo acontecido en Lima hace algunos a\u00f1os, que nos hace pensar que fuimos utilizados como plan piloto.<\/p>\n\n\n\n<h2 class=\"wp-block-heading\">Firma del Tratado de Alta Mar: postura del congresista Jos\u00e9 Cueto #ROTATIVARPP | ENTREVISTA (0:10:05)<\/h2>\n\n\n\n<p>\u201c<a href=\"https:\/\/www.youtube.com\/watch?v=76H9iUt-X-Q\">https:\/\/www.youtube.com\/watch?v=76H9iUt-X-Q<\/a>\u201d<\/p>\n\n\n\n<h2 class=\"wp-block-heading\">DINA BOLUARTE ES DENUNCIADA POR TRAICION A LA PATRIIA POR FIRMAR TRATADO DE ALTAMAR EN FRANCIA (0:21:51)<\/h2>\n\n\n\n<p>\u201c<a href=\"https:\/\/www.youtube.com\/watch?v=t8dVsSBZqt8\">https:\/\/www.youtube.com\/watch?v=t8dVsSBZqt8<\/a>\u201d<\/p>\n\n\n\n<h2 class=\"wp-block-heading\">\u00daLTIMA HORA | Atentados con bombas sacuden dos ciudades en Colombia (0:01:23)<\/h2>\n\n\n\n<p>\u201c<a href=\"https:\/\/www.youtube.com\/watch?v=_3VcPnt9y0g\">https:\/\/www.youtube.com\/watch?v=_3VcPnt9y0g<\/a>\u201d<\/p>\n\n\n\n<h2 class=\"wp-block-heading\">\u00a1Atentado a candidato presidencial y se desata violencia en Colombia! (0:28:15)<\/h2>\n\n\n\n<p>\u201c<a href=\"https:\/\/www.youtube.com\/watch?v=-tjKt5qMelU\">https:\/\/www.youtube.com\/watch?v=-tjKt5qMelU<\/a>\u201d<\/p>\n\n\n\n<h2 class=\"wp-block-heading\">NOTICIERO: Trump amenaza con invocar la Ley de Insurrecci\u00f3n, Rusia ataca en Kiev y alerta en la OTAN (0:19:34)<\/h2>\n\n\n\n<p>\u201c<a href=\"https:\/\/www.youtube.com\/watch?v=93QsW7EgafE\">https:\/\/www.youtube.com\/watch?v=93QsW7EgafE<\/a>\u201d<\/p>\n\n\n\n<h2 class=\"wp-block-heading\">\ud83d\udfe2 China y EE. UU. pactan \u00abmarco general\u00bb para resolver disputas comerciales (0:12:01)<\/h2>\n\n\n\n<p>\u201c<a href=\"https:\/\/www.youtube.com\/watch?v=IcdvjvdXaIs\">https:\/\/www.youtube.com\/watch?v=IcdvjvdXaIs<\/a>\u201d<\/p>\n\n\n\n<h2 class=\"wp-block-heading\">China y Estados Unidos negocian los aranceles para evitar el frenazo de la industria global (0:14:26)<\/h2>\n\n\n\n<p>\u201c<a href=\"https:\/\/www.youtube.com\/watch?v=6voJ4NZ7HLc\">https:\/\/www.youtube.com\/watch?v=6voJ4NZ7HLc<\/a>\u201d<\/p>\n\n\n\n<h2 class=\"wp-block-heading\">\u00daLTIMA HORA | Los aranceles golpean la econom\u00eda global: el Banco Mundial rebaja el crecimiento (0:04:48)<\/h2>\n\n\n\n<p>\u201c<a href=\"https:\/\/www.youtube.com\/watch?v=qNY7-Lrg2K4\">https:\/\/www.youtube.com\/watch?v=qNY7-Lrg2K4<\/a>\u201d<\/p>\n\n\n\n<h2 class=\"wp-block-heading\">\u00abRusia est\u00e1 viendo d\u00e9bil a la OTAN y sabe que la divisi\u00f3n en la alianza es total\u00bb (0:17:37)<\/h2>\n\n\n\n<p>\u201c<a href=\"https:\/\/www.youtube.com\/watch?v=iORX9sXIaxg\">https:\/\/www.youtube.com\/watch?v=iORX9sXIaxg<\/a>\u201d<\/p>\n\n\n\n<h2 class=\"wp-block-heading\">BORGERG-MENDOZA: Por qu\u00e9 las grandes fortunas est\u00e1n volviendo a los bonos de EEUU en 2025 (0:11:49)<\/h2>\n\n\n\n<p>\u201c<a href=\"https:\/\/www.youtube.com\/watch?v=r5XfLiffJMo\">https:\/\/www.youtube.com\/watch?v=r5XfLiffJMo<\/a>\u201d<\/p>\n\n\n\n<h2 class=\"wp-block-heading\">JUAN VERDE: \u00abEEUU est\u00e1 en una encrucijada hist\u00f3rica: Trump pone en riesgo la democracia\u00bb (0:18:03)<\/h2>\n\n\n\n<p>\u201c<a href=\"https:\/\/www.youtube.com\/watch?v=S19oqX5PkMY\">https:\/\/www.youtube.com\/watch?v=S19oqX5PkMY<\/a>\u201d<\/p>\n\n\n\n<h2 class=\"wp-block-heading\">\u201cEs peligroso y da\u00f1ino que el inversor se mueva en el mercado de EEUU y Europa a golpe de noticia\u00bb (0:12:09)<\/h2>\n\n\n\n<p>\u201c<a href=\"https:\/\/www.youtube.com\/watch?v=TRP5vzzAWQE\">https:\/\/www.youtube.com\/watch?v=TRP5vzzAWQE<\/a>\u201d<\/p>\n","protected":false},"excerpt":{"rendered":"<p>ARGUMOSA: El error de Trump en Los \u00c1ngeles: \u201cLa militarizaci\u00f3n de la polic\u00eda es algo muy delicado\u201d (0:10:46) \u201chttps:\/\/www.youtube.com\/watch?v=sPq&#8211;qCYik4\u201d BARDAJ\u00cd: Este es el verdadero plan de los dem\u00f3cratas con las manifestaciones contra Trump (0:08:40) \u201chttps:\/\/www.youtube.com\/watch?v=J_ogCFr6pvs\u201d En Reddeportiva.net rechazamos lo que en nuestra opini\u00f3n constituye un abuso de poder o de incapacidad moral.\u00a0 No estamos discutiendo [&hellip;]<\/p>\n","protected":false},"author":1,"featured_media":0,"comment_status":"closed","ping_status":"closed","sticky":false,"template":"","format":"standard","meta":{"_exactmetrics_skip_tracking":false,"_exactmetrics_sitenote_active":false,"_exactmetrics_sitenote_note":"","_exactmetrics_sitenote_category":0,"ngg_post_thumbnail":0,"footnotes":""},"categories":[1278,1407,1262,1357,1364,1421,1399,1260,1451,1253,1290,1239,1365,1369,1282,1388,1376,1339,1326,1322,1255,22,1307,1411,1202,1417,1241,1324,1490,1319,1501,1377,1358,1243,1425,1286,1498,1237,1462,1405,1366,1222,1516,1293,1223,1323,1291,1354,1404,1361,1308,1270,1446,1280,1349,1515,1350,1283,1299,779,659,603,1213,36,1384,1356,1506,1480,1495,200,1461,1509,1499,1470,1389,1355,1465,1420],"tags":[],"class_list":["post-242635","post","type-post","status-publish","format-standard","hentry","category-accion-politica-proyecciones","category-acuerdo-digital-proyeccion","category-acuerdos","category-alemania-proyecciones-multilateralismo","category-arabe-islamico","category-big-techs","category-biologia-proyeccion","category-bolsa-finanzas","category-brics","category-buenas-practicas","category-cadena-de-valor","category-cambio-social","category-china-organizacion-multilateralismo-proyecciones","category-ciudadano","category-control-proyecciones","category-debido-proceso","category-democracia","category-denuncias","category-desarrollo","category-desinformacion-mediatica","category-divisas-finanzas","category-educacion-proyecciones","category-estado-de-derecho","category-garantias","category-geopolitica-proyecciones","category-global-britain","category-gobernanza","category-guerra-mediatica","category-guerra-politica","category-ideologizacion","category-imperial","category-india","category-indo-pacific","category-institucionalidad","category-integracion-cultural","category-integridad","category-japon-organizacion-multilateralismo-proyecciones","category-libertades","category-maduracion","category-manipulacion","category-marginacion","category-mundo-cultural","category-mundo-en-guerra","category-mundo-laboral","category-mundo-politico","category-odio-mediatico","category-organizacion-internacional-proyecciones","category-otan","category-poderes-mundiales","category-politico","category-politizacion","category-prestamos-finanzas","category-presupuestal","category-presupuestos-finanzas","category-primacia-de-la-realidad","category-primas-de-riesgo","category-prioridades","category-productividad","category-protestas","category-proyecciones","category-proyecciones-seguridad","category-proyecciones-sostenible","category-proyecciones-tecnologicas","category-reddeportiva-net","category-riesgos-y-vulnerabilidades","category-rusia-proyecciones-multilateralismo","category-seguridad-nacional","category-sentido-a-la-vida","category-sentido-comun","category-separata-reddeportiva","category-sistemico","category-social","category-sostenibilidad","category-subversion","category-tasas-de-interes-finanzas","category-turquia","category-ue","category-valor"],"_links":{"self":[{"href":"https:\/\/reddeportiva.net\/principal\/index.php?rest_route=\/wp\/v2\/posts\/242635","targetHints":{"allow":["GET"]}}],"collection":[{"href":"https:\/\/reddeportiva.net\/principal\/index.php?rest_route=\/wp\/v2\/posts"}],"about":[{"href":"https:\/\/reddeportiva.net\/principal\/index.php?rest_route=\/wp\/v2\/types\/post"}],"author":[{"embeddable":true,"href":"https:\/\/reddeportiva.net\/principal\/index.php?rest_route=\/wp\/v2\/users\/1"}],"replies":[{"embeddable":true,"href":"https:\/\/reddeportiva.net\/principal\/index.php?rest_route=%2Fwp%2Fv2%2Fcomments&post=242635"}],"version-history":[{"count":2,"href":"https:\/\/reddeportiva.net\/principal\/index.php?rest_route=\/wp\/v2\/posts\/242635\/revisions"}],"predecessor-version":[{"id":242637,"href":"https:\/\/reddeportiva.net\/principal\/index.php?rest_route=\/wp\/v2\/posts\/242635\/revisions\/242637"}],"wp:attachment":[{"href":"https:\/\/reddeportiva.net\/principal\/index.php?rest_route=%2Fwp%2Fv2%2Fmedia&parent=242635"}],"wp:term":[{"taxonomy":"category","embeddable":true,"href":"https:\/\/reddeportiva.net\/principal\/index.php?rest_route=%2Fwp%2Fv2%2Fcategories&post=242635"},{"taxonomy":"post_tag","embeddable":true,"href":"https:\/\/reddeportiva.net\/principal\/index.php?rest_route=%2Fwp%2Fv2%2Ftags&post=242635"}],"curies":[{"name":"wp","href":"https:\/\/api.w.org\/{rel}","templated":true}]}}