{"id":242493,"date":"2025-05-09T22:03:41","date_gmt":"2025-05-10T03:03:41","guid":{"rendered":"https:\/\/reddeportiva.net\/principal\/?p=242493"},"modified":"2025-05-09T22:03:42","modified_gmt":"2025-05-10T03:03:42","slug":"leon-xiii-un-papa-anti-socialista","status":"publish","type":"post","link":"https:\/\/reddeportiva.net\/principal\/?p=242493","title":{"rendered":"Leon XIII: un Papa anti-socialista"},"content":{"rendered":"\n<figure class=\"wp-block-embed is-type-video is-provider-youtube wp-block-embed-youtube wp-embed-aspect-16-9 wp-has-aspect-ratio\"><div class=\"wp-block-embed__wrapper\">\n<iframe loading=\"lazy\" title=\"Leon XIII: un Papa anti-socialista\" width=\"625\" height=\"352\" src=\"https:\/\/www.youtube.com\/embed\/WdAHu86euIw?feature=oembed\" frameborder=\"0\" allow=\"accelerometer; autoplay; clipboard-write; encrypted-media; gyroscope; picture-in-picture; web-share\" referrerpolicy=\"strict-origin-when-cross-origin\" allowfullscreen><\/iframe>\n<\/div><\/figure>\n\n\n\n<h2 class=\"wp-block-heading\">Los 14 Papas con el Nombre Papal Le\u00f3n &#8211; Desde Le\u00f3n I Hasta Le\u00f3n XIV (Robert Francis Prevost)<\/h2>\n\n\n\n<p>\u00ab<a href=\"https:\/\/www.youtube.com\/watch?v=oUzjoUrxYhc\">https:\/\/www.youtube.com\/watch?v=oUzjoUrxYhc<\/a>\u00ab<\/p>\n","protected":false},"excerpt":{"rendered":"<p>Los 14 Papas con el Nombre Papal Le\u00f3n &#8211; Desde Le\u00f3n I Hasta Le\u00f3n XIV (Robert Francis Prevost) \u00abhttps:\/\/www.youtube.com\/watch?v=oUzjoUrxYhc\u00ab<\/p>\n","protected":false},"author":1,"featured_media":0,"comment_status":"closed","ping_status":"closed","sticky":false,"template":"","format":"standard","meta":{"_exactmetrics_skip_tracking":false,"_exactmetrics_sitenote_active":false,"_exactmetrics_sitenote_note":"","_exactmetrics_sitenote_category":0,"ngg_post_thumbnail":0,"footnotes":""},"categories":[1278,1407,1262,1399,1253,1290,1239,1272,1296,1376,1394,22,1307,1202,1241,1243,1286,1237,1268,1249,1222,1293,1223,1291,1404,1349,1350,1283,779,673,36,1480,1495,200,1413,1499,1312,1465],"tags":[],"class_list":["post-242493","post","type-post","status-publish","format-standard","hentry","category-accion-politica-proyecciones","category-acuerdo-digital-proyeccion","category-acuerdos","category-biologia-proyeccion","category-buenas-practicas","category-cadena-de-valor","category-cambio-social","category-competencia-leal","category-concertacion","category-democracia","category-derechos-de-propiedad","category-educacion-proyecciones","category-estado-de-derecho","category-geopolitica-proyecciones","category-gobernanza","category-institucionalidad","category-integridad","category-libertades","category-liderazgos-proyecciones","category-mercadeo-justo","category-mundo-cultural","category-mundo-laboral","category-mundo-politico","category-organizacion-internacional-proyecciones","category-poderes-mundiales","category-primacia-de-la-realidad","category-prioridades","category-productividad","category-proyecciones","category-proyecciones-paz","category-reddeportiva-net","category-sentido-a-la-vida","category-sentido-comun","category-separata-reddeportiva","category-soluciones-de-fondo","category-sostenibilidad","category-trato-justo","category-ue"],"_links":{"self":[{"href":"https:\/\/reddeportiva.net\/principal\/index.php?rest_route=\/wp\/v2\/posts\/242493","targetHints":{"allow":["GET"]}}],"collection":[{"href":"https:\/\/reddeportiva.net\/principal\/index.php?rest_route=\/wp\/v2\/posts"}],"about":[{"href":"https:\/\/reddeportiva.net\/principal\/index.php?rest_route=\/wp\/v2\/types\/post"}],"author":[{"embeddable":true,"href":"https:\/\/reddeportiva.net\/principal\/index.php?rest_route=\/wp\/v2\/users\/1"}],"replies":[{"embeddable":true,"href":"https:\/\/reddeportiva.net\/principal\/index.php?rest_route=%2Fwp%2Fv2%2Fcomments&post=242493"}],"version-history":[{"count":2,"href":"https:\/\/reddeportiva.net\/principal\/index.php?rest_route=\/wp\/v2\/posts\/242493\/revisions"}],"predecessor-version":[{"id":242495,"href":"https:\/\/reddeportiva.net\/principal\/index.php?rest_route=\/wp\/v2\/posts\/242493\/revisions\/242495"}],"wp:attachment":[{"href":"https:\/\/reddeportiva.net\/principal\/index.php?rest_route=%2Fwp%2Fv2%2Fmedia&parent=242493"}],"wp:term":[{"taxonomy":"category","embeddable":true,"href":"https:\/\/reddeportiva.net\/principal\/index.php?rest_route=%2Fwp%2Fv2%2Fcategories&post=242493"},{"taxonomy":"post_tag","embeddable":true,"href":"https:\/\/reddeportiva.net\/principal\/index.php?rest_route=%2Fwp%2Fv2%2Ftags&post=242493"}],"curies":[{"name":"wp","href":"https:\/\/api.w.org\/{rel}","templated":true}]}}