{"id":242482,"date":"2025-05-08T00:27:09","date_gmt":"2025-05-08T05:27:09","guid":{"rendered":"https:\/\/reddeportiva.net\/principal\/?p=242482"},"modified":"2025-05-08T00:27:11","modified_gmt":"2025-05-08T05:27:11","slug":"sucedio-en-el-peru-tv-peru-wari-el-primer-gran-imperio-del-peru-15-04-2019-2","status":"publish","type":"post","link":"https:\/\/reddeportiva.net\/principal\/?p=242482","title":{"rendered":"Sucedi\u00f3 en el Per\u00fa (TV Per\u00fa) &#8211; Wari: el primer gran imperio del Per\u00fa &#8211; 15\/04\/2019"},"content":{"rendered":"\n<figure class=\"wp-block-embed is-type-video is-provider-youtube wp-block-embed-youtube wp-embed-aspect-16-9 wp-has-aspect-ratio\"><div class=\"wp-block-embed__wrapper\">\n<iframe loading=\"lazy\" title=\"Sucedi\u00f3 en el Per\u00fa (TV Per\u00fa) - Wari: el primer gran imperio del Per\u00fa - 15\/04\/2019\" width=\"625\" height=\"352\" src=\"https:\/\/www.youtube.com\/embed\/ccHx3Pn_t8E?feature=oembed\" frameborder=\"0\" allow=\"accelerometer; autoplay; clipboard-write; encrypted-media; gyroscope; picture-in-picture; web-share\" referrerpolicy=\"strict-origin-when-cross-origin\" allowfullscreen><\/iframe>\n<\/div><\/figure>\n","protected":false},"excerpt":{"rendered":"","protected":false},"author":1,"featured_media":0,"comment_status":"closed","ping_status":"closed","sticky":false,"template":"","format":"standard","meta":{"_exactmetrics_skip_tracking":false,"_exactmetrics_sitenote_active":false,"_exactmetrics_sitenote_note":"","_exactmetrics_sitenote_category":0,"ngg_post_thumbnail":0,"footnotes":""},"categories":[1517,949,1313],"tags":[],"class_list":["post-242482","post","type-post","status-publish","format-standard","hentry","category-ayacucho","category-mundo-anterior","category-turismo"],"_links":{"self":[{"href":"https:\/\/reddeportiva.net\/principal\/index.php?rest_route=\/wp\/v2\/posts\/242482","targetHints":{"allow":["GET"]}}],"collection":[{"href":"https:\/\/reddeportiva.net\/principal\/index.php?rest_route=\/wp\/v2\/posts"}],"about":[{"href":"https:\/\/reddeportiva.net\/principal\/index.php?rest_route=\/wp\/v2\/types\/post"}],"author":[{"embeddable":true,"href":"https:\/\/reddeportiva.net\/principal\/index.php?rest_route=\/wp\/v2\/users\/1"}],"replies":[{"embeddable":true,"href":"https:\/\/reddeportiva.net\/principal\/index.php?rest_route=%2Fwp%2Fv2%2Fcomments&post=242482"}],"version-history":[{"count":2,"href":"https:\/\/reddeportiva.net\/principal\/index.php?rest_route=\/wp\/v2\/posts\/242482\/revisions"}],"predecessor-version":[{"id":242484,"href":"https:\/\/reddeportiva.net\/principal\/index.php?rest_route=\/wp\/v2\/posts\/242482\/revisions\/242484"}],"wp:attachment":[{"href":"https:\/\/reddeportiva.net\/principal\/index.php?rest_route=%2Fwp%2Fv2%2Fmedia&parent=242482"}],"wp:term":[{"taxonomy":"category","embeddable":true,"href":"https:\/\/reddeportiva.net\/principal\/index.php?rest_route=%2Fwp%2Fv2%2Fcategories&post=242482"},{"taxonomy":"post_tag","embeddable":true,"href":"https:\/\/reddeportiva.net\/principal\/index.php?rest_route=%2Fwp%2Fv2%2Ftags&post=242482"}],"curies":[{"name":"wp","href":"https:\/\/api.w.org\/{rel}","templated":true}]}}