{"id":242311,"date":"2025-03-30T07:48:22","date_gmt":"2025-03-30T12:48:22","guid":{"rendered":"https:\/\/reddeportiva.net\/principal\/?p=242311"},"modified":"2025-03-30T07:48:24","modified_gmt":"2025-03-30T12:48:24","slug":"que-es-la-fuerza-de-tranquilidad-el-plan-de-emmanuel-macron-que-podria-volverse-contra-europa","status":"publish","type":"post","link":"https:\/\/reddeportiva.net\/principal\/?p=242311","title":{"rendered":"\u00bfQu\u00e9 es \u201cla fuerza de tranquilidad\u201d? El plan de Emmanuel Macron que podr\u00eda volverse contra Europa"},"content":{"rendered":"\n<figure class=\"wp-block-embed is-type-video is-provider-youtube wp-block-embed-youtube wp-embed-aspect-16-9 wp-has-aspect-ratio\"><div class=\"wp-block-embed__wrapper\">\n<iframe loading=\"lazy\" title=\"\u00bfQu\u00e9 es \u201cla fuerza de tranquilidad\u201d? El plan de Emmanuel Macron que podr\u00eda volverse contra Europa\" width=\"625\" height=\"352\" src=\"https:\/\/www.youtube.com\/embed\/msf1TXXaFkU?feature=oembed\" frameborder=\"0\" allow=\"accelerometer; autoplay; clipboard-write; encrypted-media; gyroscope; picture-in-picture; web-share\" referrerpolicy=\"strict-origin-when-cross-origin\" allowfullscreen><\/iframe>\n<\/div><\/figure>\n\n\n\n<p>En esta nota de Reddeportiva.net hemos seleccionado una serie de videos con la intenci\u00f3n de darles una aproximaci\u00f3n a una visi\u00f3n espa\u00f1ola, de los m\u00e1s importantes hechos mundiales de la actualidad, desde la perspectiva sudamericana.\u00a0 Nuestra intenci\u00f3n es la de poner \u00e9nfasis en la necesidad de robustecer el mercado de valores en el Per\u00fa, con el fin de poder financiar los distintos proyectos de inversi\u00f3n que exige nuestro desarrollo.\u00a0 Desde nuestro punto de vista, en los \u00faltimos 25 a\u00f1os, con excepci\u00f3n de los gobiernos central de Alan Garc\u00eda y municipales de Luis Casta\u00f1eda, hemos sido gobernados por una alianza extrema conformada por partidarios de la extrema izquierda junto con gente de extrema derecha cuya caracter\u00edstica principal es la del doble patr\u00f3n de conducta, porque dicen querer una soluci\u00f3n pero a la hora de los hechos ejecutan otra.\u00a0 Al parecer, la ciudadan\u00eda no ha tomado plena conciencia de esta realidad y est\u00e1 mostrando una fuerte inquietud en contra del actual gobierno que aparentemente est\u00e1 mostrando indicios de haber abandonado la l\u00ednea extrema cambi\u00e1ndola por otra m\u00e1s moderada, pero sin modificar los inaparentes fundamentos electorales hacia posiciones m\u00e1s neutrales y objetivas, que a entender de la ciudadan\u00eda garanticen resultados correctos en los procesos electorales del pr\u00f3ximo a\u00f1o.\u00a0 Solo queda pensar que est\u00e1 en manos de la ciudadan\u00eda y de los partidos pol\u00edticos el seguir directivas id\u00f3neas con el fin de asegurar resultados fidedignos.<\/p>\n\n\n\n<h2 class=\"wp-block-heading\">VALDECASAS: \u00abTrump es impredecible, pero no es tonto: sabe que no puede perjudicar a la econom\u00eda\u00bb 0:07:47<\/h2>\n\n\n\n<p>\u201c<a href=\"https:\/\/www.youtube.com\/watch?v=mAc5oClLqeE\">https:\/\/www.youtube.com\/watch?v=mAc5oClLqeE<\/a>\u201d<\/p>\n\n\n\n<h2 class=\"wp-block-heading\">\u00abEuropa solo genera miedo en los europeos con medidas preb\u00e9licas para manipular a la poblaci\u00f3n\u00bb 0:18:52<\/h2>\n\n\n\n<p>\u201c<a href=\"https:\/\/www.youtube.com\/watch?v=Abkcy-3Axxc\">https:\/\/www.youtube.com\/watch?v=Abkcy-3Axxc<\/a>\u201d<\/p>\n\n\n\n<h2 class=\"wp-block-heading\">\u00abEuropa est\u00e1 hablando del apocalipsis porque la UE se est\u00e1 hundiendo\u00bb. Paco Arnau 0:08:42<\/h2>\n\n\n\n<p>\u201c<a href=\"https:\/\/www.youtube.com\/watch?v=gDoyBY75-c8\">https:\/\/www.youtube.com\/watch?v=gDoyBY75-c8<\/a>\u201d<\/p>\n\n\n\n<h2 class=\"wp-block-heading\">VALDECASAS: Toda la verdad detr\u00e1s del plan de rearme de Europa y la amenaza de la guerra 0:13:22<\/h2>\n\n\n\n<p>\u201c<a href=\"https:\/\/www.youtube.com\/watch?v=spLnbEK8Dj8\">https:\/\/www.youtube.com\/watch?v=spLnbEK8Dj8<\/a>\u201d<\/p>\n\n\n\n<h2 class=\"wp-block-heading\">PABLO GIL: Estas ser\u00e1n las graves consecuencias en Europa de implantar una econom\u00eda de guerra 0:09:04<\/h2>\n\n\n\n<p>\u201c<a href=\"https:\/\/www.youtube.com\/watch?v=FcwZyWnlehk\">https:\/\/www.youtube.com\/watch?v=FcwZyWnlehk<\/a>\u201d<\/p>\n\n\n\n<h2 class=\"wp-block-heading\">LORENZO RAM\u00cdREZ: \u00abFrancia es el gran enfermo europeo y Alemania est\u00e1 cogiendo el virus ucraniano\u00bb 0:08:11<\/h2>\n\n\n\n<p>\u201c<a href=\"https:\/\/www.youtube.com\/watch?v=LKv4yYukM-8\">https:\/\/www.youtube.com\/watch?v=LKv4yYukM-8<\/a>\u201d<\/p>\n\n\n\n<h2 class=\"wp-block-heading\">\u00abTrump y Putin est\u00e1n de acuerdo en una cosa: Zelensky est\u00e1 m\u00e1s que amortizado\u00bb. Pitarch 0:09:09<\/h2>\n\n\n\n<p>\u201c<a href=\"https:\/\/www.youtube.com\/watch?v=m_AGVCXUAME\">https:\/\/www.youtube.com\/watch?v=m_AGVCXUAME<\/a>\u201d<\/p>\n\n\n\n<h2 class=\"wp-block-heading\">DE AR\u00cdSTEGUI: \u00abHay una silenciosa e imparable invasi\u00f3n de poblaci\u00f3n china hacia Rusia\u00bb 0:06:25<\/h2>\n\n\n\n<p>\u201c<a href=\"https:\/\/www.youtube.com\/watch?v=d07KnF7JkJU\">https:\/\/www.youtube.com\/watch?v=d07KnF7JkJU<\/a>\u201d<\/p>\n\n\n\n<h2 class=\"wp-block-heading\">TEMPRANO: \u00abPutin va a hacer una imposici\u00f3n tras otra a Trump: Zelensky no puede aportarle nada\u00bb 0:13:00<\/h2>\n\n\n\n<p>\u201c<a href=\"https:\/\/www.youtube.com\/watch?v=NUwD9Skhtn0\">https:\/\/www.youtube.com\/watch?v=NUwD9Skhtn0<\/a>\u201d<\/p>\n\n\n\n<h2 class=\"wp-block-heading\">\u00abTrump va a dejar de comprar petr\u00f3leo a Maduro para compr\u00e1rselo a Putin: es muy peligroso\u00bb Dom\u00ednguez 0:06:42<\/h2>\n\n\n\n<p>\u201c<a href=\"https:\/\/www.youtube.com\/watch?v=gqx7RWMivmg\">https:\/\/www.youtube.com\/watch?v=gqx7RWMivmg<\/a>\u201d<\/p>\n\n\n\n<h2 class=\"wp-block-heading\">\u00abChina est\u00e1 lista para enfrentarse a Trump, enfoc\u00e1ndose en mercados emergentes y Europa\u00bb. Casanova 0:09:58<\/h2>\n\n\n\n<p>\u201c<a href=\"https:\/\/www.youtube.com\/watch?v=DzSZvLhn5HQ\">https:\/\/www.youtube.com\/watch?v=DzSZvLhn5HQ<\/a>\u201d<\/p>\n\n\n\n<h2 class=\"wp-block-heading\">\u00abTrump quiere saquear a Ucrania y pide que se le devuelva todo el dinero\u00bb. Diego Pitarch 0:08:39<\/h2>\n\n\n\n<p>\u201c<a href=\"https:\/\/www.youtube.com\/watch?v=h7RI-k6kBn0\">https:\/\/www.youtube.com\/watch?v=h7RI-k6kBn0<\/a>\u201d<\/p>\n\n\n\n<h2 class=\"wp-block-heading\">LORENZO RAM\u00cdREZ: \u00abLa ruptura total entre EEUU y Europa que intentan vendernos es ficticia\u00bb 0:04:42<\/h2>\n\n\n\n<p>\u201c<a href=\"https:\/\/www.youtube.com\/watch?v=cvfqjIJYJG8\">https:\/\/www.youtube.com\/watch?v=cvfqjIJYJG8<\/a>\u201d<\/p>\n\n\n\n<h2 class=\"wp-block-heading\">\u00bfApocalipsis comercial en la batalla China-EEUU? Esta es la medida que asusta m\u00e1s que los aranceles 0:03:55<\/h2>\n\n\n\n<p>\u201c<a href=\"https:\/\/www.youtube.com\/watch?v=dVCmQ0257WE\">https:\/\/www.youtube.com\/watch?v=dVCmQ0257WE<\/a>\u201d<\/p>\n","protected":false},"excerpt":{"rendered":"<p>En esta nota de Reddeportiva.net hemos seleccionado una serie de videos con la intenci\u00f3n de darles una aproximaci\u00f3n a una visi\u00f3n espa\u00f1ola, de los m\u00e1s importantes hechos mundiales de la actualidad, desde la perspectiva sudamericana.\u00a0 Nuestra intenci\u00f3n es la de poner \u00e9nfasis en la necesidad de robustecer el mercado de valores en el Per\u00fa, con [&hellip;]<\/p>\n","protected":false},"author":1,"featured_media":0,"comment_status":"closed","ping_status":"closed","sticky":false,"template":"","format":"standard","meta":{"_exactmetrics_skip_tracking":false,"_exactmetrics_sitenote_active":false,"_exactmetrics_sitenote_note":"","_exactmetrics_sitenote_category":0,"ngg_post_thumbnail":0,"footnotes":""},"categories":[1278,1407,1262,1363,1357,1364,1421,1399,1260,1253,1290,1239,1365,1369,1296,1463,1376,1255,22,1307,1273,1256,1411,1202,1417,1241,1490,1501,1377,1358,1243,1425,1286,1498,1237,1222,1516,1293,1223,1291,1354,1404,1446,1280,1349,1515,1350,1283,779,673,659,603,1213,1285,36,1384,1356,1506,1480,1495,200,1461,1509,1499,1389,1355,1465,1420],"tags":[],"class_list":["post-242311","post","type-post","status-publish","format-standard","hentry","category-accion-politica-proyecciones","category-acuerdo-digital-proyeccion","category-acuerdos","category-administrativo","category-alemania-proyecciones-multilateralismo","category-arabe-islamico","category-big-techs","category-biologia-proyeccion","category-bolsa-finanzas","category-buenas-practicas","category-cadena-de-valor","category-cambio-social","category-china-organizacion-multilateralismo-proyecciones","category-ciudadano","category-concertacion","category-constitucional-control","category-democracia","category-divisas-finanzas","category-educacion-proyecciones","category-estado-de-derecho","category-estimulos-finanzas","category-fondos-finanzas","category-garantias","category-geopolitica-proyecciones","category-global-britain","category-gobernanza","category-guerra-politica","category-imperial","category-india","category-indo-pacific","category-institucionalidad","category-integracion-cultural","category-integridad","category-japon-organizacion-multilateralismo-proyecciones","category-libertades","category-mundo-cultural","category-mundo-en-guerra","category-mundo-laboral","category-mundo-politico","category-organizacion-internacional-proyecciones","category-otan","category-poderes-mundiales","category-presupuestal","category-presupuestos-finanzas","category-primacia-de-la-realidad","category-primas-de-riesgo","category-prioridades","category-productividad","category-proyecciones","category-proyecciones-paz","category-proyecciones-seguridad","category-proyecciones-sostenible","category-proyecciones-tecnologicas","category-reciprocidad-proyecciones","category-reddeportiva-net","category-riesgos-y-vulnerabilidades","category-rusia-proyecciones-multilateralismo","category-seguridad-nacional","category-sentido-a-la-vida","category-sentido-comun","category-separata-reddeportiva","category-sistemico","category-social","category-sostenibilidad","category-tasas-de-interes-finanzas","category-turquia","category-ue","category-valor"],"_links":{"self":[{"href":"https:\/\/reddeportiva.net\/principal\/index.php?rest_route=\/wp\/v2\/posts\/242311","targetHints":{"allow":["GET"]}}],"collection":[{"href":"https:\/\/reddeportiva.net\/principal\/index.php?rest_route=\/wp\/v2\/posts"}],"about":[{"href":"https:\/\/reddeportiva.net\/principal\/index.php?rest_route=\/wp\/v2\/types\/post"}],"author":[{"embeddable":true,"href":"https:\/\/reddeportiva.net\/principal\/index.php?rest_route=\/wp\/v2\/users\/1"}],"replies":[{"embeddable":true,"href":"https:\/\/reddeportiva.net\/principal\/index.php?rest_route=%2Fwp%2Fv2%2Fcomments&post=242311"}],"version-history":[{"count":2,"href":"https:\/\/reddeportiva.net\/principal\/index.php?rest_route=\/wp\/v2\/posts\/242311\/revisions"}],"predecessor-version":[{"id":242313,"href":"https:\/\/reddeportiva.net\/principal\/index.php?rest_route=\/wp\/v2\/posts\/242311\/revisions\/242313"}],"wp:attachment":[{"href":"https:\/\/reddeportiva.net\/principal\/index.php?rest_route=%2Fwp%2Fv2%2Fmedia&parent=242311"}],"wp:term":[{"taxonomy":"category","embeddable":true,"href":"https:\/\/reddeportiva.net\/principal\/index.php?rest_route=%2Fwp%2Fv2%2Fcategories&post=242311"},{"taxonomy":"post_tag","embeddable":true,"href":"https:\/\/reddeportiva.net\/principal\/index.php?rest_route=%2Fwp%2Fv2%2Ftags&post=242311"}],"curies":[{"name":"wp","href":"https:\/\/api.w.org\/{rel}","templated":true}]}}