{"id":242305,"date":"2025-03-29T05:42:57","date_gmt":"2025-03-29T10:42:57","guid":{"rendered":"https:\/\/reddeportiva.net\/principal\/?p=242305"},"modified":"2025-03-29T05:42:59","modified_gmt":"2025-03-29T10:42:59","slug":"hemos-pasado-del-make-america-great-again-al-make-europe-great-again-royo-villanova","status":"publish","type":"post","link":"https:\/\/reddeportiva.net\/principal\/?p=242305","title":{"rendered":"\u00abHemos pasado del &#8216;Make America Great Again&#8217; al &#8216;Make Europe Great Again&#8217; \u00ab. Royo-Villanova"},"content":{"rendered":"\n<figure class=\"wp-block-embed is-type-video is-provider-youtube wp-block-embed-youtube wp-embed-aspect-16-9 wp-has-aspect-ratio\"><div class=\"wp-block-embed__wrapper\">\n<iframe loading=\"lazy\" title=\"&quot;Hemos pasado del &#039;Make America Great Again&#039; al &#039;Make Europe Great Again&#039; &quot;. Royo-Villanova\" width=\"625\" height=\"352\" src=\"https:\/\/www.youtube.com\/embed\/rkdF1cMLeJs?feature=oembed\" frameborder=\"0\" allow=\"accelerometer; autoplay; clipboard-write; encrypted-media; gyroscope; picture-in-picture; web-share\" referrerpolicy=\"strict-origin-when-cross-origin\" allowfullscreen><\/iframe>\n<\/div><\/figure>\n\n\n\n<p>En Reddeportiva.net consideramos que el actual momento pol\u00edtico, en que las elecciones generales ya han sido convocadas, est\u00e1 logrando que se destaque nuestro potencial econ\u00f3mico acentuando la necesidad de reestructurar el sistema financiero, con mayor raz\u00f3n en que los pa\u00edses m\u00e1s avanzados est\u00e1n priorizando el sector defensa.\u00a0 Hemos incluido una entrevista al Ministro de Econom\u00eda, as\u00ed como una ponencia sobre el potencial del sector agrario, de los que se puede concluir que la mencionada reforma debe ser priorizada.\u00a0 Del segundo v\u00eddeo, podemos agregar el hecho de que nuestra producci\u00f3n agr\u00edcola se encuentra a contraestaci\u00f3n con la de los EE.UU. por lo que representa m\u00e1s un complemento que una competencia.\u00a0 En cuanto a la situaci\u00f3n internacional, podemos afirmar que las razones de estado, basadas en su particular modo de evaluar los imperativos, se est\u00e1n imponiendo por su propio peso, con lo que se puede afirmar que la estrategia estadounidense de priorizar los aranceles se est\u00e1 resquebrajando con el paso del tiempo, siendo necesario que se hagan prontas rectificaciones como nuevos acuerdos de comercio internacional, que con toda seguridad ya tienen previstos.<\/p>\n\n\n\n<h2 class=\"wp-block-heading\">\u00a1Per\u00fa, potencia agraria mundial con nueva ley de promoci\u00f3n! 0:32:54<\/h2>\n\n\n\n<p>\u201c<a href=\"https:\/\/www.youtube.com\/watch?v=B6BtlKiRwy4\">https:\/\/www.youtube.com\/watch?v=B6BtlKiRwy4<\/a>\u201d<\/p>\n\n\n\n<h2 class=\"wp-block-heading\">#BaellaTalks. Invitados: Jos\u00e9 Salardi (Ministro de Econom\u00eda) y Juan \u00c1lvarez (Alcalde de Chancay). 1:36:18<\/h2>\n\n\n\n<p>\u201c<a href=\"https:\/\/www.youtube.com\/watch?v=hm0nmh4gfuc\">https:\/\/www.youtube.com\/watch?v=hm0nmh4gfuc<\/a>\u201d<\/p>\n\n\n\n<h2 class=\"wp-block-heading\">EL ORO Y LA PLATA REFLEJAN LA DESTRUCCI\u00d3N MONETARIA 0:10:17<\/h2>\n\n\n\n<p>\u201c<a href=\"https:\/\/www.youtube.com\/watch?v=X7DVBca2-6g\">https:\/\/www.youtube.com\/watch?v=X7DVBca2-6g<\/a>\u201d<\/p>\n\n\n\n<h2 class=\"wp-block-heading\">TEMPRANO: \u00abTrump parece nuevo. Putin no tiene por qu\u00e9 plegarse a lo que diga EEUU\u00bb 0:05:57<\/h2>\n\n\n\n<p>\u201c<a href=\"https:\/\/www.youtube.com\/watch?v=mUEAqqB1q8I\">https:\/\/www.youtube.com\/watch?v=mUEAqqB1q8I<\/a>\u201d<\/p>\n\n\n\n<h2 class=\"wp-block-heading\">\u00abRusia no es un peligro para Europa, ni para los pa\u00edses lim\u00edtrofes. Siembran un p\u00e1nico absurdo\u00bb 0:36:25<\/h2>\n\n\n\n<p>\u201c<a href=\"https:\/\/www.youtube.com\/watch?v=W-Xuozqu9zk\">https:\/\/www.youtube.com\/watch?v=W-Xuozqu9zk<\/a>\u201d<\/p>\n\n\n\n<h2 class=\"wp-block-heading\">\u00abChina tambi\u00e9n est\u00e1 desplegando sus tent\u00e1culos en Groenlandia y ha adelantado a EEUU en silencio\u00bb 0:05:50<\/h2>\n\n\n\n<p>\u201c<a href=\"https:\/\/www.youtube.com\/watch?v=34RH8ltf-Bs\">https:\/\/www.youtube.com\/watch?v=34RH8ltf-Bs<\/a>\u201d<\/p>\n\n\n\n<h2 class=\"wp-block-heading\">INFORMATIVO: Trump cruza la l\u00ednea roja, Rusia justifica su exigencia sobre Zelensky y China advierte 0:24:45<\/h2>\n\n\n\n<p>\u201c<a href=\"https:\/\/www.youtube.com\/watch?v=ngYRVi-42FU\">https:\/\/www.youtube.com\/watch?v=ngYRVi-42FU<\/a>\u201d<\/p>\n\n\n\n<h2 class=\"wp-block-heading\">\u00abPutin quiere alargar la negociaci\u00f3n para agotar la paciencia de EEUU y exasperar a Ucrania\u00bb. Smith 0:10:18<\/h2>\n\n\n\n<p>\u201c<a href=\"https:\/\/www.youtube.com\/watch?v=jdcz2yfR0Qg\">https:\/\/www.youtube.com\/watch?v=jdcz2yfR0Qg<\/a>\u201d<\/p>\n\n\n\n<h2 class=\"wp-block-heading\">LORENZO RAM\u00cdREZ | Locura colectiva: qu\u00e9 esconde Putin con Europa y China en la negociaci\u00f3n de paz 0:22:06<\/h2>\n\n\n\n<p>\u201c<a href=\"https:\/\/www.youtube.com\/watch?v=XJJ0lgavcGM\">https:\/\/www.youtube.com\/watch?v=XJJ0lgavcGM<\/a>\u201d<\/p>\n\n\n\n<h2 class=\"wp-block-heading\">LAS NOTICIAS: Putin pone en jaque a Trump, Rusia lanza un ataque masivo y \u00abrobo\u00bb de EEUU a Ucrania 0:25:10<\/h2>\n\n\n\n<p>\u201c<a href=\"https:\/\/www.youtube.com\/watch?v=IfuoGd1b8eU\">https:\/\/www.youtube.com\/watch?v=IfuoGd1b8eU<\/a>\u201d<\/p>\n","protected":false},"excerpt":{"rendered":"<p>En Reddeportiva.net consideramos que el actual momento pol\u00edtico, en que las elecciones generales ya han sido convocadas, est\u00e1 logrando que se destaque nuestro potencial econ\u00f3mico acentuando la necesidad de reestructurar el sistema financiero, con mayor raz\u00f3n en que los pa\u00edses m\u00e1s avanzados est\u00e1n priorizando el sector defensa.\u00a0 Hemos incluido una entrevista al Ministro de Econom\u00eda, [&hellip;]<\/p>\n","protected":false},"author":1,"featured_media":0,"comment_status":"closed","ping_status":"closed","sticky":false,"template":"","format":"standard","meta":{"_exactmetrics_skip_tracking":false,"_exactmetrics_sitenote_active":false,"_exactmetrics_sitenote_note":"","_exactmetrics_sitenote_category":0,"ngg_post_thumbnail":0,"footnotes":""},"categories":[1278,1407,1262,1357,1364,1421,1399,1260,1253,1290,1239,1276,1365,1408,1496,1369,1272,1296,1463,1282,1376,1326,1255,22,1307,1273,1256,1411,1202,1269,1417,1241,1490,1501,1377,1358,1243,1425,1286,1498,1237,1222,1516,1293,1223,1291,1354,1404,1361,1270,1446,1280,1349,1515,1350,1283,779,673,659,603,1213,36,1374,1373,1300,1512,1403,1384,1356,1506,1480,1495,200,1461,1509,1499,1389,1355,1465,1420],"tags":[],"class_list":["post-242305","post","type-post","status-publish","format-standard","hentry","category-accion-politica-proyecciones","category-acuerdo-digital-proyeccion","category-acuerdos","category-alemania-proyecciones-multilateralismo","category-arabe-islamico","category-big-techs","category-biologia-proyeccion","category-bolsa-finanzas","category-buenas-practicas","category-cadena-de-valor","category-cambio-social","category-certificaciones-finanzas","category-china-organizacion-multilateralismo-proyecciones","category-ciclo-economico","category-circulante","category-ciudadano","category-competencia-leal","category-concertacion","category-constitucional-control","category-control-proyecciones","category-democracia","category-desarrollo","category-divisas-finanzas","category-educacion-proyecciones","category-estado-de-derecho","category-estimulos-finanzas","category-fondos-finanzas","category-garantias","category-geopolitica-proyecciones","category-gestion-proyecciones","category-global-britain","category-gobernanza","category-guerra-politica","category-imperial","category-india","category-indo-pacific","category-institucionalidad","category-integracion-cultural","category-integridad","category-japon-organizacion-multilateralismo-proyecciones","category-libertades","category-mundo-cultural","category-mundo-en-guerra","category-mundo-laboral","category-mundo-politico","category-organizacion-internacional-proyecciones","category-otan","category-poderes-mundiales","category-politico","category-prestamos-finanzas","category-presupuestal","category-presupuestos-finanzas","category-primacia-de-la-realidad","category-primas-de-riesgo","category-prioridades","category-productividad","category-proyecciones","category-proyecciones-paz","category-proyecciones-seguridad","category-proyecciones-sostenible","category-proyecciones-tecnologicas","category-reddeportiva-net","category-reforma-de-la-economia","category-reforma-del-comercio","category-reforma-del-estado","category-reforma-monetaria","category-reforma-servicios-publicos","category-riesgos-y-vulnerabilidades","category-rusia-proyecciones-multilateralismo","category-seguridad-nacional","category-sentido-a-la-vida","category-sentido-comun","category-separata-reddeportiva","category-sistemico","category-social","category-sostenibilidad","category-tasas-de-interes-finanzas","category-turquia","category-ue","category-valor"],"_links":{"self":[{"href":"https:\/\/reddeportiva.net\/principal\/index.php?rest_route=\/wp\/v2\/posts\/242305","targetHints":{"allow":["GET"]}}],"collection":[{"href":"https:\/\/reddeportiva.net\/principal\/index.php?rest_route=\/wp\/v2\/posts"}],"about":[{"href":"https:\/\/reddeportiva.net\/principal\/index.php?rest_route=\/wp\/v2\/types\/post"}],"author":[{"embeddable":true,"href":"https:\/\/reddeportiva.net\/principal\/index.php?rest_route=\/wp\/v2\/users\/1"}],"replies":[{"embeddable":true,"href":"https:\/\/reddeportiva.net\/principal\/index.php?rest_route=%2Fwp%2Fv2%2Fcomments&post=242305"}],"version-history":[{"count":2,"href":"https:\/\/reddeportiva.net\/principal\/index.php?rest_route=\/wp\/v2\/posts\/242305\/revisions"}],"predecessor-version":[{"id":242307,"href":"https:\/\/reddeportiva.net\/principal\/index.php?rest_route=\/wp\/v2\/posts\/242305\/revisions\/242307"}],"wp:attachment":[{"href":"https:\/\/reddeportiva.net\/principal\/index.php?rest_route=%2Fwp%2Fv2%2Fmedia&parent=242305"}],"wp:term":[{"taxonomy":"category","embeddable":true,"href":"https:\/\/reddeportiva.net\/principal\/index.php?rest_route=%2Fwp%2Fv2%2Fcategories&post=242305"},{"taxonomy":"post_tag","embeddable":true,"href":"https:\/\/reddeportiva.net\/principal\/index.php?rest_route=%2Fwp%2Fv2%2Ftags&post=242305"}],"curies":[{"name":"wp","href":"https:\/\/api.w.org\/{rel}","templated":true}]}}